{"id":3017,"date":"2023-03-03T20:59:45","date_gmt":"2023-03-03T19:59:45","guid":{"rendered":"https:\/\/agora.xtec.cat\/ies-santelm\/?p=3017"},"modified":"2023-03-07T21:00:20","modified_gmt":"2023-03-07T20:00:20","slug":"creativat-visitem-lestudi-de-lescultor-gerard-mas","status":"publish","type":"post","link":"https:\/\/agora.xtec.cat\/ies-santelm\/batxillerat\/creativat-visitem-lestudi-de-lescultor-gerard-mas\/","title":{"rendered":"CREATIVA&#8217;T. Visitem l&#8217;estudi de l&#8217;escultor Gerard Mas."},"content":{"rendered":"<p>El divendres 3 de mar\u00e7 els alumnes del batxillerat art\u00edstic de 1r i 2n de batxillerat han visitat el taller de l&#8217;escultor originari de Sant Feliu de Gu\u00edxols Gerard Mas.<\/p>\n<p>Aquest\u00a0escultor ser\u00e0\u00a0el protagonista\u00a0<span class=\"hiddenGrammarError\">del CREATIVA<\/span><span class=\"hiddenGrammarError\">&#8216;T<\/span>\u00a0de l&#8217;Institut\u00a0Sant Elm del curs 2022\/23.<\/p>\n<p><span class=\"hiddenGrammarError\">El CREATIVA<\/span>&#8216;T \u00e9s un projecte conjunt entre l&#8217;\u00e0rea\u00a0de cultura de l&#8217;ajuntament de Sant Feliu de Gu\u00edxols, els\u00a0alumnes de l&#8217;institut\u00a0Sant\u00a0Elm i un artista local. Amb aquest projecte els alumnes tenen l&#8217;oportunitat de fer de comissaris d&#8217;una exposici\u00f3, acompanyats en tot moment per la t\u00e8cnica de cultura de l&#8217;ajuntament i els professors d&#8217;expressi\u00f3 art\u00edstica del centre. Aquesta\u00a0experi\u00e8ncia\u00a0a m\u00e9s a m\u00e9s els fa\u00a0con\u00e8ixer\u00a0escultors, pintors,\u00a0fot\u00f2grafs, etc. del seu entorn m\u00e9s immediat.<\/p>\n<p>Tot plegat una experi\u00e8ncia molt interessant<\/p>\n<div id='gallery-1' class='gallery galleryid-3017 gallery-columns-3 gallery-size-thumbnail'><figure class='gallery-item'>\n\t\t\t<div class='gallery-icon landscape'>\n\t\t\t\t<a href='https:\/\/agora.xtec.cat\/ies-santelm\/batxillerat\/creativat-visitem-lestudi-de-lescultor-gerard-mas\/attachment\/1678218883935\/'><img loading=\"lazy\" decoding=\"async\" width=\"150\" height=\"150\" src=\"https:\/\/agora.xtec.cat\/ies-santelm\/wp-content\/uploads\/usu1365\/2023\/03\/1678218883935-150x150.jpg\" class=\"attachment-thumbnail size-thumbnail\" alt=\"\" \/><\/a>\n\t\t\t<\/div><\/figure><figure class='gallery-item'>\n\t\t\t<div class='gallery-icon portrait'>\n\t\t\t\t<a href='https:\/\/agora.xtec.cat\/ies-santelm\/batxillerat\/creativat-visitem-lestudi-de-lescultor-gerard-mas\/attachment\/1678218883890\/'><img loading=\"lazy\" decoding=\"async\" width=\"150\" height=\"150\" src=\"https:\/\/agora.xtec.cat\/ies-santelm\/wp-content\/uploads\/usu1365\/2023\/03\/1678218883890-150x150.jpg\" class=\"attachment-thumbnail size-thumbnail\" alt=\"\" \/><\/a>\n\t\t\t<\/div><\/figure><figure class='gallery-item'>\n\t\t\t<div class='gallery-icon landscape'>\n\t\t\t\t<a href='https:\/\/agora.xtec.cat\/ies-santelm\/batxillerat\/creativat-visitem-lestudi-de-lescultor-gerard-mas\/attachment\/1678218883852\/'><img loading=\"lazy\" decoding=\"async\" width=\"150\" height=\"150\" src=\"https:\/\/agora.xtec.cat\/ies-santelm\/wp-content\/uploads\/usu1365\/2023\/03\/1678218883852-150x150.jpg\" class=\"attachment-thumbnail size-thumbnail\" alt=\"\" \/><\/a>\n\t\t\t<\/div><\/figure><figure class='gallery-item'>\n\t\t\t<div class='gallery-icon landscape'>\n\t\t\t\t<a href='https:\/\/agora.xtec.cat\/ies-santelm\/batxillerat\/creativat-visitem-lestudi-de-lescultor-gerard-mas\/attachment\/1678218883812\/'><img loading=\"lazy\" decoding=\"async\" width=\"150\" height=\"150\" src=\"https:\/\/agora.xtec.cat\/ies-santelm\/wp-content\/uploads\/usu1365\/2023\/03\/1678218883812-150x150.jpg\" class=\"attachment-thumbnail size-thumbnail\" alt=\"\" \/><\/a>\n\t\t\t<\/div><\/figure><figure class='gallery-item'>\n\t\t\t<div class='gallery-icon portrait'>\n\t\t\t\t<a href='https:\/\/agora.xtec.cat\/ies-santelm\/batxillerat\/creativat-visitem-lestudi-de-lescultor-gerard-mas\/attachment\/1678218883775\/'><img loading=\"lazy\" decoding=\"async\" width=\"150\" height=\"150\" src=\"https:\/\/agora.xtec.cat\/ies-santelm\/wp-content\/uploads\/usu1365\/2023\/03\/1678218883775-150x150.jpg\" class=\"attachment-thumbnail size-thumbnail\" alt=\"\" \/><\/a>\n\t\t\t<\/div><\/figure>\n\t\t<\/div>\n\n","protected":false},"excerpt":{"rendered":"<p>El divendres 3 de mar\u00e7 els alumnes del batxillerat art\u00edstic de 1r i 2n de batxillerat han visitat el taller de l&#8217;escultor originari de Sant Feliu de Gu\u00edxols Gerard Mas.<\/p>\n","protected":false},"author":1,"featured_media":3018,"comment_status":"closed","ping_status":"closed","sticky":false,"template":"","format":"standard","meta":{"_bbp_topic_count":0,"_bbp_reply_count":0,"_bbp_total_topic_count":0,"_bbp_total_reply_count":0,"_bbp_voice_count":0,"_bbp_anonymous_reply_count":0,"_bbp_topic_count_hidden":0,"_bbp_reply_count_hidden":0,"_bbp_forum_subforum_count":0,"site-sidebar-layout":"default","site-content-layout":"","ast-site-content-layout":"","site-content-style":"default","site-sidebar-style":"default","ast-global-header-display":"","ast-banner-title-visibility":"","ast-main-header-display":"","ast-hfb-above-header-display":"","ast-hfb-below-header-display":"","ast-hfb-mobile-header-display":"","site-post-title":"","ast-breadcrumbs-content":"","ast-featured-img":"","footer-sml-layout":"","theme-transparent-header-meta":"","adv-header-id-meta":"","stick-header-meta":"","header-above-stick-meta":"","header-main-stick-meta":"","header-below-stick-meta":"","astra-migrate-meta-layouts":"default","ast-page-background-enabled":"default","ast-page-background-meta":{"desktop":{"background-color":"var(--ast-global-color-4)","background-image":"","background-repeat":"repeat","background-position":"center center","background-size":"auto","background-attachment":"scroll","background-type":"","background-media":"","overlay-type":"","overlay-color":"","overlay-opacity":"","overlay-gradient":""},"tablet":{"background-color":"","background-image":"","background-repeat":"repeat","background-position":"center center","background-size":"auto","background-attachment":"scroll","background-type":"","background-media":"","overlay-type":"","overlay-color":"","overlay-opacity":"","overlay-gradient":""},"mobile":{"background-color":"","background-image":"","background-repeat":"repeat","background-position":"center center","background-size":"auto","background-attachment":"scroll","background-type":"","background-media":"","overlay-type":"","overlay-color":"","overlay-opacity":"","overlay-gradient":""}},"ast-content-background-meta":{"desktop":{"background-color":"var(--ast-global-color-5)","background-image":"","background-repeat":"repeat","background-position":"center center","background-size":"auto","background-attachment":"scroll","background-type":"","background-media":"","overlay-type":"","overlay-color":"","overlay-opacity":"","overlay-gradient":""},"tablet":{"background-color":"var(--ast-global-color-5)","background-image":"","background-repeat":"repeat","background-position":"center center","background-size":"auto","background-attachment":"scroll","background-type":"","background-media":"","overlay-type":"","overlay-color":"","overlay-opacity":"","overlay-gradient":""},"mobile":{"background-color":"var(--ast-global-color-5)","background-image":"","background-repeat":"repeat","background-position":"center center","background-size":"auto","background-attachment":"scroll","background-type":"","background-media":"","overlay-type":"","overlay-color":"","overlay-opacity":"","overlay-gradient":""}},"footnotes":""},"categories":[8,29],"tags":[],"class_list":["post-3017","post","type-post","status-publish","format-standard","has-post-thumbnail","hentry","category-batxillerat","category-portada"],"post_mailing_queue_ids":[],"_links":{"self":[{"href":"https:\/\/agora.xtec.cat\/ies-santelm\/wp-json\/wp\/v2\/posts\/3017","targetHints":{"allow":["GET"]}}],"collection":[{"href":"https:\/\/agora.xtec.cat\/ies-santelm\/wp-json\/wp\/v2\/posts"}],"about":[{"href":"https:\/\/agora.xtec.cat\/ies-santelm\/wp-json\/wp\/v2\/types\/post"}],"author":[{"embeddable":true,"href":"https:\/\/agora.xtec.cat\/ies-santelm\/wp-json\/wp\/v2\/users\/1"}],"replies":[{"embeddable":true,"href":"https:\/\/agora.xtec.cat\/ies-santelm\/wp-json\/wp\/v2\/comments?post=3017"}],"version-history":[{"count":1,"href":"https:\/\/agora.xtec.cat\/ies-santelm\/wp-json\/wp\/v2\/posts\/3017\/revisions"}],"predecessor-version":[{"id":3023,"href":"https:\/\/agora.xtec.cat\/ies-santelm\/wp-json\/wp\/v2\/posts\/3017\/revisions\/3023"}],"wp:featuredmedia":[{"embeddable":true,"href":"https:\/\/agora.xtec.cat\/ies-santelm\/wp-json\/wp\/v2\/media\/3018"}],"wp:attachment":[{"href":"https:\/\/agora.xtec.cat\/ies-santelm\/wp-json\/wp\/v2\/media?parent=3017"}],"wp:term":[{"taxonomy":"category","embeddable":true,"href":"https:\/\/agora.xtec.cat\/ies-santelm\/wp-json\/wp\/v2\/categories?post=3017"},{"taxonomy":"post_tag","embeddable":true,"href":"https:\/\/agora.xtec.cat\/ies-santelm\/wp-json\/wp\/v2\/tags?post=3017"}],"curies":[{"name":"wp","href":"https:\/\/api.w.org\/{rel}","templated":true}]}}