{"id":2652,"date":"2021-12-15T10:30:34","date_gmt":"2021-12-15T09:30:34","guid":{"rendered":"https:\/\/agora.xtec.cat\/ies-santelm\/?p=2652"},"modified":"2021-12-15T10:30:34","modified_gmt":"2021-12-15T09:30:34","slug":"vaga-destudiants-dijous-16-de-desembre","status":"publish","type":"post","link":"https:\/\/agora.xtec.cat\/ies-santelm\/general\/vaga-destudiants-dijous-16-de-desembre\/","title":{"rendered":"Vaga d&#8217;estudiants,  dijous  16 de desembre"},"content":{"rendered":"<p dir=\"ltr\">Benvolgudes fam\u00edlies,<\/p>\n<p dir=\"ltr\">Aquest DIJOUS dia 16 de desembre hi ha convocada una vaga d\u2019estudiants en el marc de les mobilitzacions en contra de l\u2019anomenada llei Castells de reforma de la Universitat.<\/p>\n<p dir=\"ltr\">Els representants de l\u2019alumnat de l\u2019Institut\u00a0 al consell escolar han fet arribar a direcci\u00f3 el desig dels alumnes de participar en aquesta convocat\u00f2ria.<\/p>\n<p dir=\"ltr\">Davant d\u2019aix\u00f2 us recordem la normativa en vigor al respecte:<\/p>\n<p dir=\"ltr\">L\u2019alumnat de 1r i 2n d\u2019ESO no pot participar en les convocat\u00f2ries de vaga i haur\u00e0 de venir a classe. Les abs\u00e8ncies per aquest motiu es consideraran faltes d\u2019assist\u00e8ncia injustificades.<\/p>\n<p dir=\"ltr\">L\u2019alumnat de 3r i 4t d\u2019ESO pot adherir-se a la vaga. En aquest cas, cal que pr\u00e8viament els pares o tutors legals de l\u2019alumne justifiquin l\u2019abs\u00e8ncia enviant un email al tutor.<\/p>\n<p dir=\"ltr\">L\u2019alumnat de batxillerat pot escollir lliurement si\u00a0 vol o no vol adherir-se a la vaga.<\/p>\n<p dir=\"ltr\">El professorat atendr\u00e0 l\u2019alumnat que resti al centre. Es seguir\u00e0 l\u2019activitat lectiva normal, de manera que l\u2019alumnat que no assisteixi al centre assumir\u00e0 no haver rebut els ensenyaments que s\u2019hagin pogut impartir durant la seva abs\u00e8ncia.<\/p>\n<p dir=\"ltr\">Sant Feliu de Gu\u00edxols a 15 de desembre de 2021<\/p>\n<p dir=\"ltr\">Atentament:<\/p>\n<p dir=\"ltr\">Albert Cordonet Pascual<\/p>\n<p dir=\"ltr\">Director Institut Sant Elm<\/p>\n<div class=\"yj6qo\"><\/div>\n<div class=\"adL\"><\/div>\n","protected":false},"excerpt":{"rendered":"<p>Benvolgudes fam\u00edlies, Aquest DIJOUS dia 16 de desembre hi ha convocada una vaga d\u2019estudiants en el marc de les mobilitzacions en contra de l\u2019anomenada llei Castells de reforma de la Universitat. Els representants de l\u2019alumnat de l\u2019Institut\u00a0 al consell escolar han fet arribar a direcci\u00f3 el desig dels alumnes de participar en aquesta convocat\u00f2ria. Davant [&hellip;]<\/p>\n","protected":false},"author":1,"featured_media":0,"comment_status":"open","ping_status":"closed","sticky":false,"template":"","format":"standard","meta":{"_bbp_topic_count":0,"_bbp_reply_count":0,"_bbp_total_topic_count":0,"_bbp_total_reply_count":0,"_bbp_voice_count":0,"_bbp_anonymous_reply_count":0,"_bbp_topic_count_hidden":0,"_bbp_reply_count_hidden":0,"_bbp_forum_subforum_count":0,"site-sidebar-layout":"default","site-content-layout":"","ast-site-content-layout":"","site-content-style":"default","site-sidebar-style":"default","ast-global-header-display":"","ast-banner-title-visibility":"","ast-main-header-display":"","ast-hfb-above-header-display":"","ast-hfb-below-header-display":"","ast-hfb-mobile-header-display":"","site-post-title":"","ast-breadcrumbs-content":"","ast-featured-img":"","footer-sml-layout":"","theme-transparent-header-meta":"","adv-header-id-meta":"","stick-header-meta":"","header-above-stick-meta":"","header-main-stick-meta":"","header-below-stick-meta":"","astra-migrate-meta-layouts":"default","ast-page-background-enabled":"default","ast-page-background-meta":{"desktop":{"background-color":"var(--ast-global-color-4)","background-image":"","background-repeat":"repeat","background-position":"center center","background-size":"auto","background-attachment":"scroll","background-type":"","background-media":"","overlay-type":"","overlay-color":"","overlay-opacity":"","overlay-gradient":""},"tablet":{"background-color":"","background-image":"","background-repeat":"repeat","background-position":"center center","background-size":"auto","background-attachment":"scroll","background-type":"","background-media":"","overlay-type":"","overlay-color":"","overlay-opacity":"","overlay-gradient":""},"mobile":{"background-color":"","background-image":"","background-repeat":"repeat","background-position":"center center","background-size":"auto","background-attachment":"scroll","background-type":"","background-media":"","overlay-type":"","overlay-color":"","overlay-opacity":"","overlay-gradient":""}},"ast-content-background-meta":{"desktop":{"background-color":"var(--ast-global-color-5)","background-image":"","background-repeat":"repeat","background-position":"center center","background-size":"auto","background-attachment":"scroll","background-type":"","background-media":"","overlay-type":"","overlay-color":"","overlay-opacity":"","overlay-gradient":""},"tablet":{"background-color":"var(--ast-global-color-5)","background-image":"","background-repeat":"repeat","background-position":"center center","background-size":"auto","background-attachment":"scroll","background-type":"","background-media":"","overlay-type":"","overlay-color":"","overlay-opacity":"","overlay-gradient":""},"mobile":{"background-color":"var(--ast-global-color-5)","background-image":"","background-repeat":"repeat","background-position":"center center","background-size":"auto","background-attachment":"scroll","background-type":"","background-media":"","overlay-type":"","overlay-color":"","overlay-opacity":"","overlay-gradient":""}},"footnotes":""},"categories":[3,1,29],"tags":[],"class_list":["post-2652","post","type-post","status-publish","format-standard","hentry","category-eso","category-general","category-portada"],"post_mailing_queue_ids":[],"_links":{"self":[{"href":"https:\/\/agora.xtec.cat\/ies-santelm\/wp-json\/wp\/v2\/posts\/2652","targetHints":{"allow":["GET"]}}],"collection":[{"href":"https:\/\/agora.xtec.cat\/ies-santelm\/wp-json\/wp\/v2\/posts"}],"about":[{"href":"https:\/\/agora.xtec.cat\/ies-santelm\/wp-json\/wp\/v2\/types\/post"}],"author":[{"embeddable":true,"href":"https:\/\/agora.xtec.cat\/ies-santelm\/wp-json\/wp\/v2\/users\/1"}],"replies":[{"embeddable":true,"href":"https:\/\/agora.xtec.cat\/ies-santelm\/wp-json\/wp\/v2\/comments?post=2652"}],"version-history":[{"count":1,"href":"https:\/\/agora.xtec.cat\/ies-santelm\/wp-json\/wp\/v2\/posts\/2652\/revisions"}],"predecessor-version":[{"id":2653,"href":"https:\/\/agora.xtec.cat\/ies-santelm\/wp-json\/wp\/v2\/posts\/2652\/revisions\/2653"}],"wp:attachment":[{"href":"https:\/\/agora.xtec.cat\/ies-santelm\/wp-json\/wp\/v2\/media?parent=2652"}],"wp:term":[{"taxonomy":"category","embeddable":true,"href":"https:\/\/agora.xtec.cat\/ies-santelm\/wp-json\/wp\/v2\/categories?post=2652"},{"taxonomy":"post_tag","embeddable":true,"href":"https:\/\/agora.xtec.cat\/ies-santelm\/wp-json\/wp\/v2\/tags?post=2652"}],"curies":[{"name":"wp","href":"https:\/\/api.w.org\/{rel}","templated":true}]}}