{"id":2591,"date":"2021-09-16T09:49:38","date_gmt":"2021-09-16T07:49:38","guid":{"rendered":"https:\/\/agora.xtec.cat\/ies-santelm\/?p=2591"},"modified":"2021-09-16T10:34:45","modified_gmt":"2021-09-16T08:34:45","slug":"reunio-families-2n-3r-i-4t-eso","status":"publish","type":"post","link":"https:\/\/agora.xtec.cat\/ies-santelm\/general\/reunio-families-2n-3r-i-4t-eso\/","title":{"rendered":"Reuni\u00f3 fam\u00edlies 2n, 3r i 4t ESO"},"content":{"rendered":"<p>La reuni\u00f3 d\u2019inici de curs per a les fam\u00edlies de 2n, 3r i 4t  d\u2019ESO d\u2019avui dijous 16 de setembre es far\u00e0 virtualment a la plataforma meet als seg\u00fcents enlla\u00e7os:<\/p>\n<p>19.30h TOTS els alumnes: <a href=\"http:\/\/meet.google.com\/grk-frxs-pkr\">meet.google.com\/grk-frxs-pkr<\/a><\/p>\n<p>A continuaci\u00f3, cap a les 20h cada fam\u00edlia canviar\u00e0 de sala per continuar la reuni\u00f3 amb el tutor o la tutora del grup:<\/p>\n<p>2n A:<a href=\"http:\/\/meet.google.com\/wtj-auio-hip\"> meet.google.com\/wtj-auio-hip<\/a><br \/>\n2n B: <a href=\"http:\/\/meet.google.com\/nis-qhbk-uih\">meet.google.com\/nis-qhbk-uih<\/a><br \/>\n2n C: <a href=\"http:\/\/meet.google.com\/qao-xfqk-gde\">meet.google.com\/qao-xfqk-gde<\/a><br \/>\n3r A:<a href=\"http:\/\/meet.google.com\/ntv-jwik-gfx\"> meet.google.com\/ntv-jwik-gfx<\/a><br \/>\n3r B: <a href=\"http:\/\/meet.google.com\/bqn-mezb-etx\">meet.google.com\/bqn-mezb-etx<\/a><br \/>\n3r C: <a href=\"http:\/\/meet.google.com\/ghc-fzjc-pno\">meet.google.com\/ghc-fzjc-pno<\/a><br \/>\n4t A: <a href=\"http:\/\/meet.google.com\/wes-bmjp-exd\">meet.google.com\/wes-bmjp-exd<\/a><br \/>\n4t B: <a href=\"http:\/\/meet.google.com\/onf-qqpd-cev\">meet.google.com\/onf-qqpd-cev<\/a><br \/>\n4t C:<a href=\"http:\/\/meet.google.com\/zjr-kbhy-kxi\"> meet.google.com\/zjr-kbhy-kxi<\/a><br \/>\nAO, PS :<a href=\"http:\/\/meet.google.com\/ypa-xpwk-dac\"> meet.google.com\/ypa-xpwk-dac<\/a><br \/>\nAREA: <a href=\"http:\/\/meet.google.com\/uyi-tucj-yxj\">meet.google.com\/uyi-tucj-yxj<\/a><\/p>\n","protected":false},"excerpt":{"rendered":"<p>La reuni\u00f3 d\u2019inici de curs per a les fam\u00edlies de 2n, 3r i 4t d\u2019ESO d\u2019avui dijous 16 de setembre es far\u00e0 virtualment a la plataforma meet als seg\u00fcents enlla\u00e7os: 19.30h TOTS els alumnes: meet.google.com\/grk-frxs-pkr A continuaci\u00f3, cap a les 20h cada fam\u00edlia canviar\u00e0 de sala per continuar la reuni\u00f3 amb el tutor o la [&hellip;]<\/p>\n","protected":false},"author":1,"featured_media":0,"comment_status":"open","ping_status":"closed","sticky":false,"template":"","format":"standard","meta":{"_bbp_topic_count":0,"_bbp_reply_count":0,"_bbp_total_topic_count":0,"_bbp_total_reply_count":0,"_bbp_voice_count":0,"_bbp_anonymous_reply_count":0,"_bbp_topic_count_hidden":0,"_bbp_reply_count_hidden":0,"_bbp_forum_subforum_count":0,"site-sidebar-layout":"default","site-content-layout":"","ast-site-content-layout":"","site-content-style":"default","site-sidebar-style":"default","ast-global-header-display":"","ast-banner-title-visibility":"","ast-main-header-display":"","ast-hfb-above-header-display":"","ast-hfb-below-header-display":"","ast-hfb-mobile-header-display":"","site-post-title":"","ast-breadcrumbs-content":"","ast-featured-img":"","footer-sml-layout":"","theme-transparent-header-meta":"","adv-header-id-meta":"","stick-header-meta":"","header-above-stick-meta":"","header-main-stick-meta":"","header-below-stick-meta":"","astra-migrate-meta-layouts":"default","ast-page-background-enabled":"default","ast-page-background-meta":{"desktop":{"background-color":"var(--ast-global-color-4)","background-image":"","background-repeat":"repeat","background-position":"center center","background-size":"auto","background-attachment":"scroll","background-type":"","background-media":"","overlay-type":"","overlay-color":"","overlay-opacity":"","overlay-gradient":""},"tablet":{"background-color":"","background-image":"","background-repeat":"repeat","background-position":"center center","background-size":"auto","background-attachment":"scroll","background-type":"","background-media":"","overlay-type":"","overlay-color":"","overlay-opacity":"","overlay-gradient":""},"mobile":{"background-color":"","background-image":"","background-repeat":"repeat","background-position":"center center","background-size":"auto","background-attachment":"scroll","background-type":"","background-media":"","overlay-type":"","overlay-color":"","overlay-opacity":"","overlay-gradient":""}},"ast-content-background-meta":{"desktop":{"background-color":"var(--ast-global-color-5)","background-image":"","background-repeat":"repeat","background-position":"center center","background-size":"auto","background-attachment":"scroll","background-type":"","background-media":"","overlay-type":"","overlay-color":"","overlay-opacity":"","overlay-gradient":""},"tablet":{"background-color":"var(--ast-global-color-5)","background-image":"","background-repeat":"repeat","background-position":"center center","background-size":"auto","background-attachment":"scroll","background-type":"","background-media":"","overlay-type":"","overlay-color":"","overlay-opacity":"","overlay-gradient":""},"mobile":{"background-color":"var(--ast-global-color-5)","background-image":"","background-repeat":"repeat","background-position":"center center","background-size":"auto","background-attachment":"scroll","background-type":"","background-media":"","overlay-type":"","overlay-color":"","overlay-opacity":"","overlay-gradient":""}},"footnotes":""},"categories":[1,29],"tags":[],"class_list":["post-2591","post","type-post","status-publish","format-standard","hentry","category-general","category-portada"],"post_mailing_queue_ids":[],"_links":{"self":[{"href":"https:\/\/agora.xtec.cat\/ies-santelm\/wp-json\/wp\/v2\/posts\/2591","targetHints":{"allow":["GET"]}}],"collection":[{"href":"https:\/\/agora.xtec.cat\/ies-santelm\/wp-json\/wp\/v2\/posts"}],"about":[{"href":"https:\/\/agora.xtec.cat\/ies-santelm\/wp-json\/wp\/v2\/types\/post"}],"author":[{"embeddable":true,"href":"https:\/\/agora.xtec.cat\/ies-santelm\/wp-json\/wp\/v2\/users\/1"}],"replies":[{"embeddable":true,"href":"https:\/\/agora.xtec.cat\/ies-santelm\/wp-json\/wp\/v2\/comments?post=2591"}],"version-history":[{"count":3,"href":"https:\/\/agora.xtec.cat\/ies-santelm\/wp-json\/wp\/v2\/posts\/2591\/revisions"}],"predecessor-version":[{"id":2595,"href":"https:\/\/agora.xtec.cat\/ies-santelm\/wp-json\/wp\/v2\/posts\/2591\/revisions\/2595"}],"wp:attachment":[{"href":"https:\/\/agora.xtec.cat\/ies-santelm\/wp-json\/wp\/v2\/media?parent=2591"}],"wp:term":[{"taxonomy":"category","embeddable":true,"href":"https:\/\/agora.xtec.cat\/ies-santelm\/wp-json\/wp\/v2\/categories?post=2591"},{"taxonomy":"post_tag","embeddable":true,"href":"https:\/\/agora.xtec.cat\/ies-santelm\/wp-json\/wp\/v2\/tags?post=2591"}],"curies":[{"name":"wp","href":"https:\/\/api.w.org\/{rel}","templated":true}]}}