{"id":2488,"date":"2021-04-20T08:50:46","date_gmt":"2021-04-20T06:50:46","guid":{"rendered":"http:\/\/agora.xtec.cat\/ies-santelm\/?p=2488"},"modified":"2021-04-21T09:27:50","modified_gmt":"2021-04-21T07:27:50","slug":"aparadors-vius-i-creatius-2","status":"publish","type":"post","link":"https:\/\/agora.xtec.cat\/ies-santelm\/general\/aparadors-vius-i-creatius-2\/","title":{"rendered":"Aparadors vius i creatius"},"content":{"rendered":"<p>El 23 d\u2019abril comen\u00e7ar\u00e0 la segona edici\u00f3 d\u2019 \u201dAparadors vius i creatius\u201d, una<br \/>\niniciativa de l\u2019associaci\u00f3 cultural Aleph en col\u00b7laboraci\u00f3 amb els alumnes de batxillerat<br \/>\nart\u00edstic de l\u2019institut Sant Elm de Sant Feliu de Gu\u00edxols.<br \/>\nA trav\u00e9s del projecte, que es presenta en segona edici\u00f3, es vol mostrar l&#8217;obra<br \/>\ndels joves artistes en uns espais in\u00e8dits i inusuals. Es pret\u00e9n fer una intervenci\u00f3 als<br \/>\naparadors de les botigues, exposant-hi durant un mes les seves obres. D\u2019aquesta<br \/>\nmanera s\u2019arriba a tothom, tant a la gent que passeja di\u00e0riament anant a comprar una<br \/>\nbarra de pa, com la que est\u00e0 acostumada a anar a veure exposicions.<br \/>\nDurant un mes, <strong>del 23 d\u2019abril al 23 de maig<\/strong>, els 49 comer\u00e7os m\u00e9s c\u00e8ntrics de<br \/>\nla ciutat exposaran les obres creades per m\u00e9s de 40 alumnes. Aquesta iniciativa forma<br \/>\npart dels objectius d\u2019Aleph d\u2019activar la participaci\u00f3 del jovent en la vida cultural de la<br \/>\nnostra ciutat i en aquest cas, en especial, de la promoci\u00f3 de l\u2019alumnat de batxillerat<br \/>\nart\u00edstic de l\u2019institut.<br \/>\n<img loading=\"lazy\" decoding=\"async\" class=\"aligncenter size-large wp-image-2489\" src=\"https:\/\/agora.xtec.cat\/ies-santelm\/wp-content\/uploads\/usu1365\/2021\/04\/Cartell-aparadors-21-724x1024.jpg\" alt=\"\" width=\"724\" height=\"1024\" srcset=\"https:\/\/agora.xtec.cat\/ies-santelm\/wp-content\/uploads\/usu1365\/2021\/04\/Cartell-aparadors-21-724x1024.jpg 724w, https:\/\/agora.xtec.cat\/ies-santelm\/wp-content\/uploads\/usu1365\/2021\/04\/Cartell-aparadors-21-212x300.jpg 212w, https:\/\/agora.xtec.cat\/ies-santelm\/wp-content\/uploads\/usu1365\/2021\/04\/Cartell-aparadors-21-768x1086.jpg 768w, https:\/\/agora.xtec.cat\/ies-santelm\/wp-content\/uploads\/usu1365\/2021\/04\/Cartell-aparadors-21.jpg 905w\" sizes=\"auto, (max-width: 724px) 100vw, 724px\" \/><\/p>\n","protected":false},"excerpt":{"rendered":"<p>El 23 d\u2019abril comen\u00e7ar\u00e0 la segona edici\u00f3 d\u2019 \u201dAparadors vius i creatius\u201d, una iniciativa de l\u2019associaci\u00f3 cultural Aleph en col\u00b7laboraci\u00f3 amb els alumnes de batxillerat art\u00edstic de l\u2019institut Sant Elm de Sant Feliu de Gu\u00edxols. A trav\u00e9s del projecte, que es presenta en segona edici\u00f3, es vol mostrar l&#8217;obra dels joves artistes en uns espais [&hellip;]<\/p>\n","protected":false},"author":1,"featured_media":2489,"comment_status":"open","ping_status":"closed","sticky":false,"template":"","format":"standard","meta":{"_bbp_topic_count":0,"_bbp_reply_count":0,"_bbp_total_topic_count":0,"_bbp_total_reply_count":0,"_bbp_voice_count":0,"_bbp_anonymous_reply_count":0,"_bbp_topic_count_hidden":0,"_bbp_reply_count_hidden":0,"_bbp_forum_subforum_count":0,"site-sidebar-layout":"default","site-content-layout":"","ast-site-content-layout":"","site-content-style":"default","site-sidebar-style":"default","ast-global-header-display":"","ast-banner-title-visibility":"","ast-main-header-display":"","ast-hfb-above-header-display":"","ast-hfb-below-header-display":"","ast-hfb-mobile-header-display":"","site-post-title":"","ast-breadcrumbs-content":"","ast-featured-img":"","footer-sml-layout":"","theme-transparent-header-meta":"","adv-header-id-meta":"","stick-header-meta":"","header-above-stick-meta":"","header-main-stick-meta":"","header-below-stick-meta":"","astra-migrate-meta-layouts":"default","ast-page-background-enabled":"default","ast-page-background-meta":{"desktop":{"background-color":"var(--ast-global-color-4)","background-image":"","background-repeat":"repeat","background-position":"center center","background-size":"auto","background-attachment":"scroll","background-type":"","background-media":"","overlay-type":"","overlay-color":"","overlay-opacity":"","overlay-gradient":""},"tablet":{"background-color":"","background-image":"","background-repeat":"repeat","background-position":"center center","background-size":"auto","background-attachment":"scroll","background-type":"","background-media":"","overlay-type":"","overlay-color":"","overlay-opacity":"","overlay-gradient":""},"mobile":{"background-color":"","background-image":"","background-repeat":"repeat","background-position":"center center","background-size":"auto","background-attachment":"scroll","background-type":"","background-media":"","overlay-type":"","overlay-color":"","overlay-opacity":"","overlay-gradient":""}},"ast-content-background-meta":{"desktop":{"background-color":"var(--ast-global-color-5)","background-image":"","background-repeat":"repeat","background-position":"center center","background-size":"auto","background-attachment":"scroll","background-type":"","background-media":"","overlay-type":"","overlay-color":"","overlay-opacity":"","overlay-gradient":""},"tablet":{"background-color":"var(--ast-global-color-5)","background-image":"","background-repeat":"repeat","background-position":"center center","background-size":"auto","background-attachment":"scroll","background-type":"","background-media":"","overlay-type":"","overlay-color":"","overlay-opacity":"","overlay-gradient":""},"mobile":{"background-color":"var(--ast-global-color-5)","background-image":"","background-repeat":"repeat","background-position":"center center","background-size":"auto","background-attachment":"scroll","background-type":"","background-media":"","overlay-type":"","overlay-color":"","overlay-opacity":"","overlay-gradient":""}},"footnotes":""},"categories":[8,1,29],"tags":[],"class_list":["post-2488","post","type-post","status-publish","format-standard","has-post-thumbnail","hentry","category-batxillerat","category-general","category-portada"],"post_mailing_queue_ids":[],"_links":{"self":[{"href":"https:\/\/agora.xtec.cat\/ies-santelm\/wp-json\/wp\/v2\/posts\/2488","targetHints":{"allow":["GET"]}}],"collection":[{"href":"https:\/\/agora.xtec.cat\/ies-santelm\/wp-json\/wp\/v2\/posts"}],"about":[{"href":"https:\/\/agora.xtec.cat\/ies-santelm\/wp-json\/wp\/v2\/types\/post"}],"author":[{"embeddable":true,"href":"https:\/\/agora.xtec.cat\/ies-santelm\/wp-json\/wp\/v2\/users\/1"}],"replies":[{"embeddable":true,"href":"https:\/\/agora.xtec.cat\/ies-santelm\/wp-json\/wp\/v2\/comments?post=2488"}],"version-history":[{"count":1,"href":"https:\/\/agora.xtec.cat\/ies-santelm\/wp-json\/wp\/v2\/posts\/2488\/revisions"}],"predecessor-version":[{"id":2490,"href":"https:\/\/agora.xtec.cat\/ies-santelm\/wp-json\/wp\/v2\/posts\/2488\/revisions\/2490"}],"wp:featuredmedia":[{"embeddable":true,"href":"https:\/\/agora.xtec.cat\/ies-santelm\/wp-json\/wp\/v2\/media\/2489"}],"wp:attachment":[{"href":"https:\/\/agora.xtec.cat\/ies-santelm\/wp-json\/wp\/v2\/media?parent=2488"}],"wp:term":[{"taxonomy":"category","embeddable":true,"href":"https:\/\/agora.xtec.cat\/ies-santelm\/wp-json\/wp\/v2\/categories?post=2488"},{"taxonomy":"post_tag","embeddable":true,"href":"https:\/\/agora.xtec.cat\/ies-santelm\/wp-json\/wp\/v2\/tags?post=2488"}],"curies":[{"name":"wp","href":"https:\/\/api.w.org\/{rel}","templated":true}]}}