{"id":2145,"date":"2020-04-23T12:12:59","date_gmt":"2020-04-23T10:12:59","guid":{"rendered":"http:\/\/agora.xtec.cat\/ies-santelm\/?p=2145"},"modified":"2020-04-23T12:51:01","modified_gmt":"2020-04-23T10:51:01","slug":"la-poesia-no-es-confina","status":"publish","type":"post","link":"https:\/\/agora.xtec.cat\/ies-santelm\/general\/la-poesia-no-es-confina\/","title":{"rendered":"La poesia NO es confina!!"},"content":{"rendered":"<p><span style=\"font-weight: 400;\">Primavera. Abril. Sant Jordi. Flors i Paraules.\u00a0<\/span><\/p>\n<p><span style=\"font-weight: 400;\">Aquest any tamb\u00e9 volem sentir l\u2019olor, la llum, l\u2019amistat i l\u2019amor que encomana el dia de Sant Jordi. <\/span><span style=\"font-weight: 400;\">Us convidem a veure els petits v\u00eddeos que diferents alumnes han produ\u00eft des de la mat\u00e8ria d\u2019Arts Esc\u00e8niques. <\/span><span style=\"font-weight: 400;\">S\u00f3n propostes teatrals i de dansa sobre dos poemes de Merc\u00e8 Rodoreda del recull <\/span><i><span style=\"font-weight: 400;\">Viatges i flors <\/span><\/i><span style=\"font-weight: 400;\">i de Fernando Pessoa del seu poemari <\/span><i><span style=\"font-weight: 400;\">d\u2019Alberto Caeiro. <\/span><\/i><span style=\"font-weight: 400;\">Les actrius i els actors s\u00f3n: Noa Devesa, Noa de la Rosa i Blai Ponce de 1r d\u2019ESO, Axel Alonso, Maria Chamorro i Helena Mart\u00ednez de 4t i Carla Montserrat de 2n de Batxillerat.<\/span><\/p>\n<p><strong>Moltes gr\u00e0cies a tots ells!!<\/strong><\/p>\n<p><em>Blai Ponce, 1rA. Viatge al poble dels homes ganduls de Merc\u00e8 Rodoreda<\/em><\/p>\n<p><iframe loading=\"lazy\" src=\"\/\/www.youtube.com\/embed\/zoGE2_C29E4\" width=\"560\" height=\"315\" frameborder=\"0\"><\/iframe><\/p>\n<p><em>Carla Montserrat, poema d\u2019Alberto Caeiro, F.Pessoa<\/em><\/p>\n<p><iframe loading=\"lazy\" src=\"\/\/www.youtube.com\/embed\/SqidbYxbmhc\" width=\"560\" height=\"315\" frameborder=\"0\"><\/iframe><\/p>\n<p><em>Noa Devesa, Flor dolenta, M.Rodoreda<\/em><\/p>\n<p><iframe loading=\"lazy\" src=\"\/\/www.youtube.com\/embed\/BMc6LnkRXqM\" width=\"560\" height=\"315\" frameborder=\"0\"><\/iframe><\/p>\n<p><em>Axel Alonso 4t C, dansa. Flor vermella, M.Rodoreda<\/em><\/p>\n<p><iframe loading=\"lazy\" src=\"\/\/www.youtube.com\/embed\/V78nWLcfA5Y\" width=\"560\" height=\"315\" frameborder=\"0\"><\/iframe><\/p>\n<p><em><span style=\"font-weight: 400;\">Maria Chamorro 4t C. Dansa. Flor Vermella de Merc\u00e8 Rodoreda<\/span><\/em><\/p>\n<p><iframe loading=\"lazy\" src=\"\/\/www.youtube.com\/embed\/myWr5L_dxtw\" width=\"560\" height=\"315\" frameborder=\"0\"><\/iframe><\/p>\n<p><em><span style=\"font-weight: 400;\">Noa de la Rosa 1r C. Viatge al poble dels homes ganduls de Merc\u00e8 Rodoreda<\/span><\/em><\/p>\n<p><iframe loading=\"lazy\" src=\"\/\/www.youtube.com\/embed\/bFKc5ACtFPU\" width=\"560\" height=\"315\" frameborder=\"0\"><\/iframe><\/p>\n<p><em><span style=\"font-weight: 400;\">Helena Mart\u00ednez 4t B. Flor vermella de Merc\u00e8 Rodoreda<\/span><\/em><\/p>\n<p><iframe loading=\"lazy\" src=\"\/\/www.youtube.com\/embed\/Ct-8RAOMWOw\" width=\"560\" height=\"315\" frameborder=\"0\"><\/iframe><\/p>\n<p><em><span style=\"font-weight: 400;\">Noa Devesa 1r B. Viatge al poble dels homes ganduls de Merc\u00e8 Rodoreda<\/span><\/em><\/p>\n<p><iframe loading=\"lazy\" src=\"\/\/www.youtube.com\/embed\/awzbujgHIIE\" width=\"560\" height=\"315\" frameborder=\"0\"><\/iframe><\/p>\n<p><em><span style=\"font-weight: 400;\">Maria Chamorro 4t C. Flor vermella de Merc\u00e8 Rodoreda<\/span><\/em><\/p>\n<p><iframe loading=\"lazy\" src=\"\/\/www.youtube.com\/embed\/PntKoFZBwDs\" width=\"560\" height=\"315\" frameborder=\"0\"><\/iframe><\/p>\n<p><em>Jana Punsola, poema d\u2019Alberto Caeiro, F.Pessoa<\/em><\/p>\n<p><iframe loading=\"lazy\" src=\"\/\/www.youtube.com\/embed\/6iXt3BOcb7c\" width=\"560\" height=\"315\" frameborder=\"0\"><\/iframe><\/p>\n","protected":false},"excerpt":{"rendered":"<p>Primavera. Abril. Sant Jordi. Flors i Paraules.\u00a0 Aquest any tamb\u00e9 volem sentir l\u2019olor, la llum, l\u2019amistat i l\u2019amor que encomana el dia de Sant Jordi. Us convidem a veure els petits v\u00eddeos que diferents alumnes han produ\u00eft des de la mat\u00e8ria d\u2019Arts Esc\u00e8niques. S\u00f3n propostes teatrals i de dansa sobre dos poemes de Merc\u00e8 Rodoreda [&hellip;]<\/p>\n","protected":false},"author":1,"featured_media":2149,"comment_status":"open","ping_status":"closed","sticky":false,"template":"","format":"standard","meta":{"_bbp_topic_count":0,"_bbp_reply_count":0,"_bbp_total_topic_count":0,"_bbp_total_reply_count":0,"_bbp_voice_count":0,"_bbp_anonymous_reply_count":0,"_bbp_topic_count_hidden":0,"_bbp_reply_count_hidden":0,"_bbp_forum_subforum_count":0,"site-sidebar-layout":"default","site-content-layout":"","ast-site-content-layout":"","site-content-style":"default","site-sidebar-style":"default","ast-global-header-display":"","ast-banner-title-visibility":"","ast-main-header-display":"","ast-hfb-above-header-display":"","ast-hfb-below-header-display":"","ast-hfb-mobile-header-display":"","site-post-title":"","ast-breadcrumbs-content":"","ast-featured-img":"","footer-sml-layout":"","theme-transparent-header-meta":"","adv-header-id-meta":"","stick-header-meta":"","header-above-stick-meta":"","header-main-stick-meta":"","header-below-stick-meta":"","astra-migrate-meta-layouts":"default","ast-page-background-enabled":"default","ast-page-background-meta":{"desktop":{"background-color":"var(--ast-global-color-4)","background-image":"","background-repeat":"repeat","background-position":"center center","background-size":"auto","background-attachment":"scroll","background-type":"","background-media":"","overlay-type":"","overlay-color":"","overlay-opacity":"","overlay-gradient":""},"tablet":{"background-color":"","background-image":"","background-repeat":"repeat","background-position":"center center","background-size":"auto","background-attachment":"scroll","background-type":"","background-media":"","overlay-type":"","overlay-color":"","overlay-opacity":"","overlay-gradient":""},"mobile":{"background-color":"","background-image":"","background-repeat":"repeat","background-position":"center center","background-size":"auto","background-attachment":"scroll","background-type":"","background-media":"","overlay-type":"","overlay-color":"","overlay-opacity":"","overlay-gradient":""}},"ast-content-background-meta":{"desktop":{"background-color":"var(--ast-global-color-5)","background-image":"","background-repeat":"repeat","background-position":"center center","background-size":"auto","background-attachment":"scroll","background-type":"","background-media":"","overlay-type":"","overlay-color":"","overlay-opacity":"","overlay-gradient":""},"tablet":{"background-color":"var(--ast-global-color-5)","background-image":"","background-repeat":"repeat","background-position":"center center","background-size":"auto","background-attachment":"scroll","background-type":"","background-media":"","overlay-type":"","overlay-color":"","overlay-opacity":"","overlay-gradient":""},"mobile":{"background-color":"var(--ast-global-color-5)","background-image":"","background-repeat":"repeat","background-position":"center center","background-size":"auto","background-attachment":"scroll","background-type":"","background-media":"","overlay-type":"","overlay-color":"","overlay-opacity":"","overlay-gradient":""}},"footnotes":""},"categories":[1,29],"tags":[],"class_list":["post-2145","post","type-post","status-publish","format-standard","has-post-thumbnail","hentry","category-general","category-portada"],"post_mailing_queue_ids":[],"_links":{"self":[{"href":"https:\/\/agora.xtec.cat\/ies-santelm\/wp-json\/wp\/v2\/posts\/2145","targetHints":{"allow":["GET"]}}],"collection":[{"href":"https:\/\/agora.xtec.cat\/ies-santelm\/wp-json\/wp\/v2\/posts"}],"about":[{"href":"https:\/\/agora.xtec.cat\/ies-santelm\/wp-json\/wp\/v2\/types\/post"}],"author":[{"embeddable":true,"href":"https:\/\/agora.xtec.cat\/ies-santelm\/wp-json\/wp\/v2\/users\/1"}],"replies":[{"embeddable":true,"href":"https:\/\/agora.xtec.cat\/ies-santelm\/wp-json\/wp\/v2\/comments?post=2145"}],"version-history":[{"count":2,"href":"https:\/\/agora.xtec.cat\/ies-santelm\/wp-json\/wp\/v2\/posts\/2145\/revisions"}],"predecessor-version":[{"id":2154,"href":"https:\/\/agora.xtec.cat\/ies-santelm\/wp-json\/wp\/v2\/posts\/2145\/revisions\/2154"}],"wp:featuredmedia":[{"embeddable":true,"href":"https:\/\/agora.xtec.cat\/ies-santelm\/wp-json\/wp\/v2\/media\/2149"}],"wp:attachment":[{"href":"https:\/\/agora.xtec.cat\/ies-santelm\/wp-json\/wp\/v2\/media?parent=2145"}],"wp:term":[{"taxonomy":"category","embeddable":true,"href":"https:\/\/agora.xtec.cat\/ies-santelm\/wp-json\/wp\/v2\/categories?post=2145"},{"taxonomy":"post_tag","embeddable":true,"href":"https:\/\/agora.xtec.cat\/ies-santelm\/wp-json\/wp\/v2\/tags?post=2145"}],"curies":[{"name":"wp","href":"https:\/\/api.w.org\/{rel}","templated":true}]}}