{"id":1759,"date":"2019-04-29T23:21:48","date_gmt":"2019-04-29T21:21:48","guid":{"rendered":"http:\/\/agora.xtec.cat\/ies-santelm\/?p=1759"},"modified":"2019-04-30T00:04:50","modified_gmt":"2019-04-29T22:04:50","slug":"mostra-de-dansa-a-1r-eso","status":"publish","type":"post","link":"https:\/\/agora.xtec.cat\/ies-santelm\/general\/mostra-de-dansa-a-1r-eso\/","title":{"rendered":"Mostra de dansa a 1r ESO"},"content":{"rendered":"<div id=\":ma\" class=\"ii gt\">\n<div id=\":1ro\" class=\"a3s aXjCH \">\n<div dir=\"auto\">\n<h4 id=\":1n2\" class=\"hq gt\" style=\"text-align: justify;\"><span style=\"color: #000000;\">El dimecres 3 d&#8217;abril l&#8217;alumnat de 1r de l&#8217;ESO que durant aquest curs participa en el Programa Planters va realitzar, al Teatre municipal, una Mostra de\u00a0<span class=\"il\">dansa<\/span>\u00a0amb tots els balls que havien preparat al llarg del trimestre amb l&#8217;ajuda de la Raquel, la ballarina del programa, i algunes alumnes de 2n de Batxillerat art\u00edstic. Gr\u00e0cies a tots els participants i a les fam\u00edlies que van poder venir a veure l&#8217;espectacle.<\/span><\/h4>\n<\/div>\n<\/div>\n<h4 style=\"text-align: justify;\"><span style=\"color: #000000;\">Cliqueu\u00a0\u00a0<\/span><a style=\"font-size: 16px; font-weight: normal; color: #2795b6;\" href=\"https:\/\/photos.app.goo.gl\/Q29ay43X8n3AmfuL8\">DANSA<\/a> <span style=\"color: #000000;\">per a veure&#8217;n fotos.<\/span><\/h4>\n<p><img loading=\"lazy\" decoding=\"async\" class=\"alignright size-large wp-image-1791\" src=\"https:\/\/agora.xtec.cat\/ies-santelm\/wp-content\/uploads\/usu1365\/2019\/04\/IMG_20190403_134850-1024x768.jpg\" alt=\"\" width=\"1024\" height=\"768\" srcset=\"https:\/\/agora.xtec.cat\/ies-santelm\/wp-content\/uploads\/usu1365\/2019\/04\/IMG_20190403_134850-1024x768.jpg 1024w, https:\/\/agora.xtec.cat\/ies-santelm\/wp-content\/uploads\/usu1365\/2019\/04\/IMG_20190403_134850-300x225.jpg 300w, https:\/\/agora.xtec.cat\/ies-santelm\/wp-content\/uploads\/usu1365\/2019\/04\/IMG_20190403_134850-768x576.jpg 768w, https:\/\/agora.xtec.cat\/ies-santelm\/wp-content\/uploads\/usu1365\/2019\/04\/IMG_20190403_134850-200x150.jpg 200w\" sizes=\"auto, (max-width: 1024px) 100vw, 1024px\" \/><\/p>\n<div><\/div>\n<\/div>\n<div><\/div>\n<div><\/div>\n","protected":false},"excerpt":{"rendered":"<p>El dimecres 3 d&#8217;abril l&#8217;alumnat de 1r de l&#8217;ESO que durant aquest curs participa en el Programa Planters va realitzar, al Teatre municipal, una Mostra de\u00a0dansa\u00a0amb tots els balls que havien preparat al llarg del trimestre amb l&#8217;ajuda de la Raquel, la ballarina del programa, i algunes alumnes de 2n de Batxillerat art\u00edstic. Gr\u00e0cies a [&hellip;]<\/p>\n","protected":false},"author":1,"featured_media":1791,"comment_status":"open","ping_status":"closed","sticky":false,"template":"","format":"standard","meta":{"_bbp_topic_count":0,"_bbp_reply_count":0,"_bbp_total_topic_count":0,"_bbp_total_reply_count":0,"_bbp_voice_count":0,"_bbp_anonymous_reply_count":0,"_bbp_topic_count_hidden":0,"_bbp_reply_count_hidden":0,"_bbp_forum_subforum_count":0,"site-sidebar-layout":"default","site-content-layout":"","ast-site-content-layout":"","site-content-style":"default","site-sidebar-style":"default","ast-global-header-display":"","ast-banner-title-visibility":"","ast-main-header-display":"","ast-hfb-above-header-display":"","ast-hfb-below-header-display":"","ast-hfb-mobile-header-display":"","site-post-title":"","ast-breadcrumbs-content":"","ast-featured-img":"","footer-sml-layout":"","theme-transparent-header-meta":"","adv-header-id-meta":"","stick-header-meta":"","header-above-stick-meta":"","header-main-stick-meta":"","header-below-stick-meta":"","astra-migrate-meta-layouts":"default","ast-page-background-enabled":"default","ast-page-background-meta":{"desktop":{"background-color":"var(--ast-global-color-4)","background-image":"","background-repeat":"repeat","background-position":"center center","background-size":"auto","background-attachment":"scroll","background-type":"","background-media":"","overlay-type":"","overlay-color":"","overlay-opacity":"","overlay-gradient":""},"tablet":{"background-color":"","background-image":"","background-repeat":"repeat","background-position":"center center","background-size":"auto","background-attachment":"scroll","background-type":"","background-media":"","overlay-type":"","overlay-color":"","overlay-opacity":"","overlay-gradient":""},"mobile":{"background-color":"","background-image":"","background-repeat":"repeat","background-position":"center center","background-size":"auto","background-attachment":"scroll","background-type":"","background-media":"","overlay-type":"","overlay-color":"","overlay-opacity":"","overlay-gradient":""}},"ast-content-background-meta":{"desktop":{"background-color":"var(--ast-global-color-5)","background-image":"","background-repeat":"repeat","background-position":"center center","background-size":"auto","background-attachment":"scroll","background-type":"","background-media":"","overlay-type":"","overlay-color":"","overlay-opacity":"","overlay-gradient":""},"tablet":{"background-color":"var(--ast-global-color-5)","background-image":"","background-repeat":"repeat","background-position":"center center","background-size":"auto","background-attachment":"scroll","background-type":"","background-media":"","overlay-type":"","overlay-color":"","overlay-opacity":"","overlay-gradient":""},"mobile":{"background-color":"var(--ast-global-color-5)","background-image":"","background-repeat":"repeat","background-position":"center center","background-size":"auto","background-attachment":"scroll","background-type":"","background-media":"","overlay-type":"","overlay-color":"","overlay-opacity":"","overlay-gradient":""}},"footnotes":""},"categories":[104,3,1,29],"tags":[],"class_list":["post-1759","post","type-post","status-publish","format-standard","has-post-thumbnail","hentry","category-consell-escolar","category-eso","category-general","category-portada"],"post_mailing_queue_ids":[],"_links":{"self":[{"href":"https:\/\/agora.xtec.cat\/ies-santelm\/wp-json\/wp\/v2\/posts\/1759","targetHints":{"allow":["GET"]}}],"collection":[{"href":"https:\/\/agora.xtec.cat\/ies-santelm\/wp-json\/wp\/v2\/posts"}],"about":[{"href":"https:\/\/agora.xtec.cat\/ies-santelm\/wp-json\/wp\/v2\/types\/post"}],"author":[{"embeddable":true,"href":"https:\/\/agora.xtec.cat\/ies-santelm\/wp-json\/wp\/v2\/users\/1"}],"replies":[{"embeddable":true,"href":"https:\/\/agora.xtec.cat\/ies-santelm\/wp-json\/wp\/v2\/comments?post=1759"}],"version-history":[{"count":3,"href":"https:\/\/agora.xtec.cat\/ies-santelm\/wp-json\/wp\/v2\/posts\/1759\/revisions"}],"predecessor-version":[{"id":1803,"href":"https:\/\/agora.xtec.cat\/ies-santelm\/wp-json\/wp\/v2\/posts\/1759\/revisions\/1803"}],"wp:featuredmedia":[{"embeddable":true,"href":"https:\/\/agora.xtec.cat\/ies-santelm\/wp-json\/wp\/v2\/media\/1791"}],"wp:attachment":[{"href":"https:\/\/agora.xtec.cat\/ies-santelm\/wp-json\/wp\/v2\/media?parent=1759"}],"wp:term":[{"taxonomy":"category","embeddable":true,"href":"https:\/\/agora.xtec.cat\/ies-santelm\/wp-json\/wp\/v2\/categories?post=1759"},{"taxonomy":"post_tag","embeddable":true,"href":"https:\/\/agora.xtec.cat\/ies-santelm\/wp-json\/wp\/v2\/tags?post=1759"}],"curies":[{"name":"wp","href":"https:\/\/api.w.org\/{rel}","templated":true}]}}