{"id":1640,"date":"2019-02-01T14:14:38","date_gmt":"2019-02-01T13:14:38","guid":{"rendered":"http:\/\/agora.xtec.cat\/ies-santelm\/?p=1640"},"modified":"2019-02-01T14:14:38","modified_gmt":"2019-02-01T13:14:38","slug":"dia-de-la-pau","status":"publish","type":"post","link":"https:\/\/agora.xtec.cat\/ies-santelm\/general\/dia-de-la-pau\/","title":{"rendered":"Dia de la Pau"},"content":{"rendered":"<p style=\"text-align: center;\"><strong><span style=\"color: #000000;\"><i>No hi ha cam\u00ed per a la pau, la pau \u00e9s el cam\u00ed&#8221;<\/i> Mahatma Gandi. <\/span><\/strong><\/p>\n<p style=\"text-align: center;\"><strong><span style=\"color: #000000;\"><i>&#8220;La pau no \u00e9s \u00fanicament l&#8217;abs\u00e8ncia de guerra o viol\u00e8ncia, sin\u00f3 l&#8217;enfortiment d&#8217;aspectes positius que la identifiquen, com s\u00f3n l&#8217;armonia, la cohesi\u00f3, la col\u00b7laboraci\u00f3, i la integraci\u00f3&#8221; <\/i>Johan Galtung. <\/span><\/strong><\/p>\n<p><span style=\"font-weight: 400;\">Des del centre es treballa per la no viol\u00e8ncia, la resoluci\u00f3 de conflictes i la bona conviv\u00e8ncia. Concretament, a trav\u00e9s d\u2019aquestes i d\u2019altres frases, en una de les darreres tutories els alumnes de 1r i 2n d&#8217;ESO van realitzar unes activitats per tal que de recordar m\u00e9s profundament aquests motius. Posteriorment, el 30 de gener, dia de la Pau i la No Viol\u00e8ncia, aquests mateixos alumnes van venir a l&#8217;institut vestits de blanc i es van fer una foto col\u00b7locats amb el s\u00edmbol de la pau. <\/span><\/p>\n<p><img loading=\"lazy\" decoding=\"async\" class=\"alignright size-large wp-image-1641\" src=\"https:\/\/agora.xtec.cat\/ies-santelm\/wp-content\/uploads\/usu1365\/2019\/02\/IMG-20190131-WA0001-1024x576.jpg\" alt=\"\" width=\"1024\" height=\"576\" srcset=\"https:\/\/agora.xtec.cat\/ies-santelm\/wp-content\/uploads\/usu1365\/2019\/02\/IMG-20190131-WA0001.jpg 1024w, https:\/\/agora.xtec.cat\/ies-santelm\/wp-content\/uploads\/usu1365\/2019\/02\/IMG-20190131-WA0001-300x169.jpg 300w, https:\/\/agora.xtec.cat\/ies-santelm\/wp-content\/uploads\/usu1365\/2019\/02\/IMG-20190131-WA0001-768x432.jpg 768w\" sizes=\"auto, (max-width: 1024px) 100vw, 1024px\" \/><\/p>\n","protected":false},"excerpt":{"rendered":"<p>No hi ha cam\u00ed per a la pau, la pau \u00e9s el cam\u00ed&#8221; Mahatma Gandi. &#8220;La pau no \u00e9s \u00fanicament l&#8217;abs\u00e8ncia de guerra o viol\u00e8ncia, sin\u00f3 l&#8217;enfortiment d&#8217;aspectes positius que la identifiquen, com s\u00f3n l&#8217;armonia, la cohesi\u00f3, la col\u00b7laboraci\u00f3, i la integraci\u00f3&#8221; Johan Galtung. Des del centre es treballa per la no viol\u00e8ncia, la resoluci\u00f3 [&hellip;]<\/p>\n","protected":false},"author":1,"featured_media":1641,"comment_status":"open","ping_status":"closed","sticky":false,"template":"","format":"standard","meta":{"_bbp_topic_count":0,"_bbp_reply_count":0,"_bbp_total_topic_count":0,"_bbp_total_reply_count":0,"_bbp_voice_count":0,"_bbp_anonymous_reply_count":0,"_bbp_topic_count_hidden":0,"_bbp_reply_count_hidden":0,"_bbp_forum_subforum_count":0,"site-sidebar-layout":"default","site-content-layout":"","ast-site-content-layout":"","site-content-style":"default","site-sidebar-style":"default","ast-global-header-display":"","ast-banner-title-visibility":"","ast-main-header-display":"","ast-hfb-above-header-display":"","ast-hfb-below-header-display":"","ast-hfb-mobile-header-display":"","site-post-title":"","ast-breadcrumbs-content":"","ast-featured-img":"","footer-sml-layout":"","theme-transparent-header-meta":"","adv-header-id-meta":"","stick-header-meta":"","header-above-stick-meta":"","header-main-stick-meta":"","header-below-stick-meta":"","astra-migrate-meta-layouts":"default","ast-page-background-enabled":"default","ast-page-background-meta":{"desktop":{"background-color":"var(--ast-global-color-4)","background-image":"","background-repeat":"repeat","background-position":"center center","background-size":"auto","background-attachment":"scroll","background-type":"","background-media":"","overlay-type":"","overlay-color":"","overlay-opacity":"","overlay-gradient":""},"tablet":{"background-color":"","background-image":"","background-repeat":"repeat","background-position":"center center","background-size":"auto","background-attachment":"scroll","background-type":"","background-media":"","overlay-type":"","overlay-color":"","overlay-opacity":"","overlay-gradient":""},"mobile":{"background-color":"","background-image":"","background-repeat":"repeat","background-position":"center center","background-size":"auto","background-attachment":"scroll","background-type":"","background-media":"","overlay-type":"","overlay-color":"","overlay-opacity":"","overlay-gradient":""}},"ast-content-background-meta":{"desktop":{"background-color":"var(--ast-global-color-5)","background-image":"","background-repeat":"repeat","background-position":"center center","background-size":"auto","background-attachment":"scroll","background-type":"","background-media":"","overlay-type":"","overlay-color":"","overlay-opacity":"","overlay-gradient":""},"tablet":{"background-color":"var(--ast-global-color-5)","background-image":"","background-repeat":"repeat","background-position":"center center","background-size":"auto","background-attachment":"scroll","background-type":"","background-media":"","overlay-type":"","overlay-color":"","overlay-opacity":"","overlay-gradient":""},"mobile":{"background-color":"var(--ast-global-color-5)","background-image":"","background-repeat":"repeat","background-position":"center center","background-size":"auto","background-attachment":"scroll","background-type":"","background-media":"","overlay-type":"","overlay-color":"","overlay-opacity":"","overlay-gradient":""}},"footnotes":""},"categories":[3,1,29],"tags":[],"class_list":["post-1640","post","type-post","status-publish","format-standard","has-post-thumbnail","hentry","category-eso","category-general","category-portada"],"post_mailing_queue_ids":[],"_links":{"self":[{"href":"https:\/\/agora.xtec.cat\/ies-santelm\/wp-json\/wp\/v2\/posts\/1640","targetHints":{"allow":["GET"]}}],"collection":[{"href":"https:\/\/agora.xtec.cat\/ies-santelm\/wp-json\/wp\/v2\/posts"}],"about":[{"href":"https:\/\/agora.xtec.cat\/ies-santelm\/wp-json\/wp\/v2\/types\/post"}],"author":[{"embeddable":true,"href":"https:\/\/agora.xtec.cat\/ies-santelm\/wp-json\/wp\/v2\/users\/1"}],"replies":[{"embeddable":true,"href":"https:\/\/agora.xtec.cat\/ies-santelm\/wp-json\/wp\/v2\/comments?post=1640"}],"version-history":[{"count":1,"href":"https:\/\/agora.xtec.cat\/ies-santelm\/wp-json\/wp\/v2\/posts\/1640\/revisions"}],"predecessor-version":[{"id":1642,"href":"https:\/\/agora.xtec.cat\/ies-santelm\/wp-json\/wp\/v2\/posts\/1640\/revisions\/1642"}],"wp:featuredmedia":[{"embeddable":true,"href":"https:\/\/agora.xtec.cat\/ies-santelm\/wp-json\/wp\/v2\/media\/1641"}],"wp:attachment":[{"href":"https:\/\/agora.xtec.cat\/ies-santelm\/wp-json\/wp\/v2\/media?parent=1640"}],"wp:term":[{"taxonomy":"category","embeddable":true,"href":"https:\/\/agora.xtec.cat\/ies-santelm\/wp-json\/wp\/v2\/categories?post=1640"},{"taxonomy":"post_tag","embeddable":true,"href":"https:\/\/agora.xtec.cat\/ies-santelm\/wp-json\/wp\/v2\/tags?post=1640"}],"curies":[{"name":"wp","href":"https:\/\/api.w.org\/{rel}","templated":true}]}}