{"id":1495,"date":"2018-11-05T20:55:08","date_gmt":"2018-11-05T19:55:08","guid":{"rendered":"http:\/\/agora.xtec.cat\/ies-santelm\/?p=1495"},"modified":"2018-11-05T20:55:30","modified_gmt":"2018-11-05T19:55:30","slug":"xerrada-sobre-tributs","status":"publish","type":"post","link":"https:\/\/agora.xtec.cat\/ies-santelm\/general\/xerrada-sobre-tributs\/","title":{"rendered":"Xerrada sobre tributs"},"content":{"rendered":"<p><span style=\"font-weight: 400;\">Dijous passat, 25 d&#8217;octubre, els alumnes <\/span><b>d&#8217;Economia<\/b> <b>de<\/b> <b>l&#8217;empresa<\/b><span style=\"font-weight: 400;\"> de 1r i 2n de batxillerat del nostre centre van poder gaudir de la xerrada que va portar a terme el coordinador i t\u00e8cnic fiscal, Ricard Tetas.<\/span><\/p>\n<p><span style=\"font-weight: 400;\">En la seva interessant intervenci\u00f3 va fer \u00e8mfasi dels diferents impostos que regeixen en el nostre pa\u00eds, la destinaci\u00f3, distribuci\u00f3 i la seva finalitat.<\/span><\/p>\n<p><span style=\"font-weight: 400;\">L\u2019explicaci\u00f3 did\u00e0ctica, plena de reflexions, va resultar molt profitosa i enriquidora pels alumnes i els ha perm\u00e8s d\u2019aprofundir i entendre la fiscalitat vigent.<\/span><\/p>\n<p><span style=\"font-weight: 400;\"><br \/>\n<\/span><span style=\"font-weight: 400;\">Agra\u00efm al Sr. Ricard Tetas la seva atenci\u00f3 i col\u00b7laboraci\u00f3.<\/span><\/p>\n<p><span style=\"font-weight: 400;\">Moltes gr\u00e0cies.<\/span><\/p>\n<p><img loading=\"lazy\" decoding=\"async\" class=\"alignright size-full wp-image-1497\" src=\"https:\/\/agora.xtec.cat\/ies-santelm\/wp-content\/uploads\/usu1365\/2018\/11\/IMG_0861-1.jpg\" alt=\"\" width=\"612\" height=\"408\" srcset=\"https:\/\/agora.xtec.cat\/ies-santelm\/wp-content\/uploads\/usu1365\/2018\/11\/IMG_0861-1.jpg 612w, https:\/\/agora.xtec.cat\/ies-santelm\/wp-content\/uploads\/usu1365\/2018\/11\/IMG_0861-1-300x200.jpg 300w\" sizes=\"auto, (max-width: 612px) 100vw, 612px\" \/><\/p>\n","protected":false},"excerpt":{"rendered":"<p>Dijous passat, 25 d&#8217;octubre, els alumnes d&#8217;Economia de l&#8217;empresa de 1r i 2n de batxillerat del nostre centre van poder gaudir de la xerrada que va portar a terme el coordinador i t\u00e8cnic fiscal, Ricard Tetas. En la seva interessant intervenci\u00f3 va fer \u00e8mfasi dels diferents impostos que regeixen en el nostre pa\u00eds, la destinaci\u00f3, [&hellip;]<\/p>\n","protected":false},"author":1,"featured_media":0,"comment_status":"open","ping_status":"closed","sticky":false,"template":"","format":"standard","meta":{"_bbp_topic_count":0,"_bbp_reply_count":0,"_bbp_total_topic_count":0,"_bbp_total_reply_count":0,"_bbp_voice_count":0,"_bbp_anonymous_reply_count":0,"_bbp_topic_count_hidden":0,"_bbp_reply_count_hidden":0,"_bbp_forum_subforum_count":0,"site-sidebar-layout":"default","site-content-layout":"","ast-site-content-layout":"","site-content-style":"default","site-sidebar-style":"default","ast-global-header-display":"","ast-banner-title-visibility":"","ast-main-header-display":"","ast-hfb-above-header-display":"","ast-hfb-below-header-display":"","ast-hfb-mobile-header-display":"","site-post-title":"","ast-breadcrumbs-content":"","ast-featured-img":"","footer-sml-layout":"","theme-transparent-header-meta":"","adv-header-id-meta":"","stick-header-meta":"","header-above-stick-meta":"","header-main-stick-meta":"","header-below-stick-meta":"","astra-migrate-meta-layouts":"default","ast-page-background-enabled":"default","ast-page-background-meta":{"desktop":{"background-color":"var(--ast-global-color-4)","background-image":"","background-repeat":"repeat","background-position":"center center","background-size":"auto","background-attachment":"scroll","background-type":"","background-media":"","overlay-type":"","overlay-color":"","overlay-opacity":"","overlay-gradient":""},"tablet":{"background-color":"","background-image":"","background-repeat":"repeat","background-position":"center center","background-size":"auto","background-attachment":"scroll","background-type":"","background-media":"","overlay-type":"","overlay-color":"","overlay-opacity":"","overlay-gradient":""},"mobile":{"background-color":"","background-image":"","background-repeat":"repeat","background-position":"center center","background-size":"auto","background-attachment":"scroll","background-type":"","background-media":"","overlay-type":"","overlay-color":"","overlay-opacity":"","overlay-gradient":""}},"ast-content-background-meta":{"desktop":{"background-color":"var(--ast-global-color-5)","background-image":"","background-repeat":"repeat","background-position":"center center","background-size":"auto","background-attachment":"scroll","background-type":"","background-media":"","overlay-type":"","overlay-color":"","overlay-opacity":"","overlay-gradient":""},"tablet":{"background-color":"var(--ast-global-color-5)","background-image":"","background-repeat":"repeat","background-position":"center center","background-size":"auto","background-attachment":"scroll","background-type":"","background-media":"","overlay-type":"","overlay-color":"","overlay-opacity":"","overlay-gradient":""},"mobile":{"background-color":"var(--ast-global-color-5)","background-image":"","background-repeat":"repeat","background-position":"center center","background-size":"auto","background-attachment":"scroll","background-type":"","background-media":"","overlay-type":"","overlay-color":"","overlay-opacity":"","overlay-gradient":""}},"footnotes":""},"categories":[8,1,29],"tags":[],"class_list":["post-1495","post","type-post","status-publish","format-standard","hentry","category-batxillerat","category-general","category-portada"],"post_mailing_queue_ids":[],"_links":{"self":[{"href":"https:\/\/agora.xtec.cat\/ies-santelm\/wp-json\/wp\/v2\/posts\/1495","targetHints":{"allow":["GET"]}}],"collection":[{"href":"https:\/\/agora.xtec.cat\/ies-santelm\/wp-json\/wp\/v2\/posts"}],"about":[{"href":"https:\/\/agora.xtec.cat\/ies-santelm\/wp-json\/wp\/v2\/types\/post"}],"author":[{"embeddable":true,"href":"https:\/\/agora.xtec.cat\/ies-santelm\/wp-json\/wp\/v2\/users\/1"}],"replies":[{"embeddable":true,"href":"https:\/\/agora.xtec.cat\/ies-santelm\/wp-json\/wp\/v2\/comments?post=1495"}],"version-history":[{"count":3,"href":"https:\/\/agora.xtec.cat\/ies-santelm\/wp-json\/wp\/v2\/posts\/1495\/revisions"}],"predecessor-version":[{"id":1500,"href":"https:\/\/agora.xtec.cat\/ies-santelm\/wp-json\/wp\/v2\/posts\/1495\/revisions\/1500"}],"wp:attachment":[{"href":"https:\/\/agora.xtec.cat\/ies-santelm\/wp-json\/wp\/v2\/media?parent=1495"}],"wp:term":[{"taxonomy":"category","embeddable":true,"href":"https:\/\/agora.xtec.cat\/ies-santelm\/wp-json\/wp\/v2\/categories?post=1495"},{"taxonomy":"post_tag","embeddable":true,"href":"https:\/\/agora.xtec.cat\/ies-santelm\/wp-json\/wp\/v2\/tags?post=1495"}],"curies":[{"name":"wp","href":"https:\/\/api.w.org\/{rel}","templated":true}]}}