{"id":1253,"date":"2018-03-14T19:59:48","date_gmt":"2018-03-14T18:59:48","guid":{"rendered":"http:\/\/agora.xtec.cat\/ies-santelm\/?p=1253"},"modified":"2018-03-14T19:59:48","modified_gmt":"2018-03-14T18:59:48","slug":"sortida-a-lardenya-14-de-marc","status":"publish","type":"post","link":"https:\/\/agora.xtec.cat\/ies-santelm\/general\/sortida-a-lardenya-14-de-marc\/","title":{"rendered":"Sortida a l&#8217;Ardenya- 14 de mar\u00e7"},"content":{"rendered":"<p dir=\"ltr\">Avui dia 14 de mar\u00e7\u00a0com a activitat del treball de s\u00edntesi, un cop m\u00e9s, els alumnes de 2r. ESO \u00a0acompanyats de quatre professores\u00a0hem anat d\u2019excursi\u00f3 a l\u2019Ardenya .<\/p>\n<p dir=\"ltr\">Ha fet un dia excel\u00b7lent per caminar i, a les nou tocades, \u00a0empren\u00edem el cam\u00ed cap Sant Baldiri des de l\u2019IES Sant Elm. Hem agafat el cam\u00ed que voreja mar fins arribar als quatre camins.\u00a0Hem deixat a m\u00e0 dreta la masia \u00a0de Can Miralls, actualment totalment privada, amb el seu pi enorme i\u00a0hem continuat\u00a0fins arribar a l\u2019antiga via romana. Un cop all\u00e0\u00a0hem arribat fins al Coll de Portes.\u00a0Hem agafat\u00a0 el cam\u00ed de la dreta\u00a0per comen\u00e7ar a enfilar-nos.\u00a0 Aqu\u00ed \u00a0grup s&#8217;ha comen\u00e7at a estirar. \u00a0Entremig de matolls de bruc, cirerers d\u2019arbo\u00e7 i alzines\u00a0hem arribat\u00a0al pla de M\u00f3degues deixant \u00a0el Puig Gros a m\u00e0 esquerra fins al collet de la mare de D\u00e9u continuant per les sorres.<\/p>\n<p dir=\"ltr\">Arribant a Sant Benet\u00a0hem esmorzat \u00a0on els alumnes\u00a0han anat completant el dossier del treball de s\u00edntesis.\u00a0Hem arribat a l\u2019antiga casa de can Rif\u00e0 actualment refugi per als ca\u00e7adors i excursionistes, i\u00a0 caminant, caminant\u00a0 fins al coll de la creu d\u2019en Barraquer. Hem passat per can Codolar fins arribar al coll de la Trencada i arribant a Can Baldiri. Ara, ja de tornada, fins al coll de l\u2019Escorp\u00ed, font de la Guilla on no hi havia ni un bri d\u2019aigua, i finalment despr\u00e9s de quasi 6 hores i 15 quil\u00f2metres hem a la urbanitzaci\u00f3 Casa Nova, baixant fins a Sant Feliu i tots cap a casa havent descobert un bonic entorn de muntanya.<\/p>\n<p dir=\"ltr\"><span style=\"color: #0000ff;\">CLIQUEU A LA FOTO PER A VEURE&#8217;N M\u00c9S<\/span><\/p>\n<p dir=\"ltr\"><a href=\"https:\/\/photos.app.goo.gl\/19wX2PKKfH7lxUBj1\"><img loading=\"lazy\" decoding=\"async\" class=\"aligncenter size-medium wp-image-1255\" src=\"http:\/\/agora.xtec.cat\/ies-santelm\/wp-content\/uploads\/usu1365\/2018\/03\/IMG-20180314-WA0003-300x225.jpg\" alt=\"\" width=\"300\" height=\"225\" srcset=\"https:\/\/agora.xtec.cat\/ies-santelm\/wp-content\/uploads\/usu1365\/2018\/03\/IMG-20180314-WA0003-300x225.jpg 300w, https:\/\/agora.xtec.cat\/ies-santelm\/wp-content\/uploads\/usu1365\/2018\/03\/IMG-20180314-WA0003-768x576.jpg 768w, https:\/\/agora.xtec.cat\/ies-santelm\/wp-content\/uploads\/usu1365\/2018\/03\/IMG-20180314-WA0003-1024x768.jpg 1024w, https:\/\/agora.xtec.cat\/ies-santelm\/wp-content\/uploads\/usu1365\/2018\/03\/IMG-20180314-WA0003-200x150.jpg 200w, https:\/\/agora.xtec.cat\/ies-santelm\/wp-content\/uploads\/usu1365\/2018\/03\/IMG-20180314-WA0003.jpg 1600w\" sizes=\"auto, (max-width: 300px) 100vw, 300px\" \/><\/a><\/p>\n<p>&nbsp;<\/p>\n","protected":false},"excerpt":{"rendered":"<p>Avui dia 14 de mar\u00e7\u00a0com a activitat del treball de s\u00edntesi, un cop m\u00e9s, els alumnes de 2r. ESO \u00a0acompanyats de quatre professores\u00a0hem anat d\u2019excursi\u00f3 a l\u2019Ardenya . Ha fet un dia excel\u00b7lent per caminar i, a les nou tocades, \u00a0empren\u00edem el cam\u00ed cap Sant Baldiri des de l\u2019IES Sant Elm. Hem agafat el cam\u00ed [&hellip;]<\/p>\n","protected":false},"author":1,"featured_media":1255,"comment_status":"open","ping_status":"closed","sticky":false,"template":"","format":"standard","meta":{"_bbp_topic_count":0,"_bbp_reply_count":0,"_bbp_total_topic_count":0,"_bbp_total_reply_count":0,"_bbp_voice_count":0,"_bbp_anonymous_reply_count":0,"_bbp_topic_count_hidden":0,"_bbp_reply_count_hidden":0,"_bbp_forum_subforum_count":0,"site-sidebar-layout":"default","site-content-layout":"","ast-site-content-layout":"","site-content-style":"default","site-sidebar-style":"default","ast-global-header-display":"","ast-banner-title-visibility":"","ast-main-header-display":"","ast-hfb-above-header-display":"","ast-hfb-below-header-display":"","ast-hfb-mobile-header-display":"","site-post-title":"","ast-breadcrumbs-content":"","ast-featured-img":"","footer-sml-layout":"","theme-transparent-header-meta":"","adv-header-id-meta":"","stick-header-meta":"","header-above-stick-meta":"","header-main-stick-meta":"","header-below-stick-meta":"","astra-migrate-meta-layouts":"default","ast-page-background-enabled":"default","ast-page-background-meta":{"desktop":{"background-color":"var(--ast-global-color-4)","background-image":"","background-repeat":"repeat","background-position":"center center","background-size":"auto","background-attachment":"scroll","background-type":"","background-media":"","overlay-type":"","overlay-color":"","overlay-opacity":"","overlay-gradient":""},"tablet":{"background-color":"","background-image":"","background-repeat":"repeat","background-position":"center center","background-size":"auto","background-attachment":"scroll","background-type":"","background-media":"","overlay-type":"","overlay-color":"","overlay-opacity":"","overlay-gradient":""},"mobile":{"background-color":"","background-image":"","background-repeat":"repeat","background-position":"center center","background-size":"auto","background-attachment":"scroll","background-type":"","background-media":"","overlay-type":"","overlay-color":"","overlay-opacity":"","overlay-gradient":""}},"ast-content-background-meta":{"desktop":{"background-color":"var(--ast-global-color-5)","background-image":"","background-repeat":"repeat","background-position":"center center","background-size":"auto","background-attachment":"scroll","background-type":"","background-media":"","overlay-type":"","overlay-color":"","overlay-opacity":"","overlay-gradient":""},"tablet":{"background-color":"var(--ast-global-color-5)","background-image":"","background-repeat":"repeat","background-position":"center center","background-size":"auto","background-attachment":"scroll","background-type":"","background-media":"","overlay-type":"","overlay-color":"","overlay-opacity":"","overlay-gradient":""},"mobile":{"background-color":"var(--ast-global-color-5)","background-image":"","background-repeat":"repeat","background-position":"center center","background-size":"auto","background-attachment":"scroll","background-type":"","background-media":"","overlay-type":"","overlay-color":"","overlay-opacity":"","overlay-gradient":""}},"footnotes":""},"categories":[3,1,29],"tags":[],"class_list":["post-1253","post","type-post","status-publish","format-standard","has-post-thumbnail","hentry","category-eso","category-general","category-portada"],"post_mailing_queue_ids":[],"_links":{"self":[{"href":"https:\/\/agora.xtec.cat\/ies-santelm\/wp-json\/wp\/v2\/posts\/1253","targetHints":{"allow":["GET"]}}],"collection":[{"href":"https:\/\/agora.xtec.cat\/ies-santelm\/wp-json\/wp\/v2\/posts"}],"about":[{"href":"https:\/\/agora.xtec.cat\/ies-santelm\/wp-json\/wp\/v2\/types\/post"}],"author":[{"embeddable":true,"href":"https:\/\/agora.xtec.cat\/ies-santelm\/wp-json\/wp\/v2\/users\/1"}],"replies":[{"embeddable":true,"href":"https:\/\/agora.xtec.cat\/ies-santelm\/wp-json\/wp\/v2\/comments?post=1253"}],"version-history":[{"count":3,"href":"https:\/\/agora.xtec.cat\/ies-santelm\/wp-json\/wp\/v2\/posts\/1253\/revisions"}],"predecessor-version":[{"id":1263,"href":"https:\/\/agora.xtec.cat\/ies-santelm\/wp-json\/wp\/v2\/posts\/1253\/revisions\/1263"}],"wp:featuredmedia":[{"embeddable":true,"href":"https:\/\/agora.xtec.cat\/ies-santelm\/wp-json\/wp\/v2\/media\/1255"}],"wp:attachment":[{"href":"https:\/\/agora.xtec.cat\/ies-santelm\/wp-json\/wp\/v2\/media?parent=1253"}],"wp:term":[{"taxonomy":"category","embeddable":true,"href":"https:\/\/agora.xtec.cat\/ies-santelm\/wp-json\/wp\/v2\/categories?post=1253"},{"taxonomy":"post_tag","embeddable":true,"href":"https:\/\/agora.xtec.cat\/ies-santelm\/wp-json\/wp\/v2\/tags?post=1253"}],"curies":[{"name":"wp","href":"https:\/\/api.w.org\/{rel}","templated":true}]}}