{"id":1198,"date":"2017-10-06T14:04:31","date_gmt":"2017-10-06T12:04:31","guid":{"rendered":"http:\/\/agora.xtec.cat\/ies-santelm\/?p=1198"},"modified":"2017-10-06T14:04:31","modified_gmt":"2017-10-06T12:04:31","slug":"el-programa-tei-en-marxa","status":"publish","type":"post","link":"https:\/\/agora.xtec.cat\/ies-santelm\/general\/el-programa-tei-en-marxa\/","title":{"rendered":"El programa TEI en marxa!"},"content":{"rendered":"<div><iframe loading=\"lazy\" src=\"\/\/www.youtube.com\/embed\/vPPsGOSNZ1o\" width=\"560\" height=\"314\"><\/iframe><\/div>\n<div>L&#8217;institut Sant Elm, aquest curs 2017-2018 aplica per primera vegada el programa TEI -tutoria entre iguals- juntament amb la resta de centres del municipi.<\/div>\n<div>El TEI \u00e9s un programa de conviv\u00e8ncia per la prevenci\u00f3 de la viol\u00e8ncia i l&#8217;assetjament escolar, t\u00e9 caire institucional i implica a tota la comunitat educativa. El seu objectiu b\u00e0sic \u00e9s millorar la integraci\u00f3 escolar i treballar per una escola inclusiva i no violenta. Es tracta d&#8217;una estrat\u00e8gia educativa des d&#8217;una perspectiva emocional, que tracta de desenvolupar les compet\u00e8ncies sobre sensibilitzaci\u00f3, empatia i empoderament del grup classe com element preventiu i dissuasori de les conductes violentes.<\/div>\n<div>Fins ara els alumnes de 1r i 3r d&#8217;ESO han rebut les sessions informatives i formatives referents al programa, per part de l&#8217;equip TEI que s&#8217;ha constitu\u00eft al centre.<\/div>\n<div>Finalitzades aquestes sessions, el passat dia 27 de setembre va tenir lloc un acte institucional al centre, segons el qual, els alumnes de 3r varen rebre per part de la direcci\u00f3 del centre, un diploma de nomenament com a tutors i tamb\u00e9 un carnet que els identifica com\u00a0 a tal.<\/div>\n<div>Com element a destacar,\u00a0 la implicaci\u00f3 de la totalitat dels alumnes de tercer, tot i que la participaci\u00f3 al projecte \u00e9s totalment volunt\u00e0ria.<\/div>\n","protected":false},"excerpt":{"rendered":"<p>L&#8217;institut Sant Elm, aquest curs 2017-2018 aplica per primera vegada el programa TEI -tutoria entre iguals- juntament amb la resta de centres del municipi. El TEI \u00e9s un programa de conviv\u00e8ncia per la prevenci\u00f3 de la viol\u00e8ncia i l&#8217;assetjament escolar, t\u00e9 caire institucional i implica a tota la comunitat educativa. El seu objectiu b\u00e0sic \u00e9s [&hellip;]<\/p>\n","protected":false},"author":3,"featured_media":1199,"comment_status":"open","ping_status":"closed","sticky":false,"template":"","format":"standard","meta":{"_bbp_topic_count":0,"_bbp_reply_count":0,"_bbp_total_topic_count":0,"_bbp_total_reply_count":0,"_bbp_voice_count":0,"_bbp_anonymous_reply_count":0,"_bbp_topic_count_hidden":0,"_bbp_reply_count_hidden":0,"_bbp_forum_subforum_count":0,"site-sidebar-layout":"default","site-content-layout":"","ast-site-content-layout":"","site-content-style":"default","site-sidebar-style":"default","ast-global-header-display":"","ast-banner-title-visibility":"","ast-main-header-display":"","ast-hfb-above-header-display":"","ast-hfb-below-header-display":"","ast-hfb-mobile-header-display":"","site-post-title":"","ast-breadcrumbs-content":"","ast-featured-img":"","footer-sml-layout":"","theme-transparent-header-meta":"","adv-header-id-meta":"","stick-header-meta":"","header-above-stick-meta":"","header-main-stick-meta":"","header-below-stick-meta":"","astra-migrate-meta-layouts":"default","ast-page-background-enabled":"default","ast-page-background-meta":{"desktop":{"background-color":"var(--ast-global-color-4)","background-image":"","background-repeat":"repeat","background-position":"center center","background-size":"auto","background-attachment":"scroll","background-type":"","background-media":"","overlay-type":"","overlay-color":"","overlay-opacity":"","overlay-gradient":""},"tablet":{"background-color":"","background-image":"","background-repeat":"repeat","background-position":"center center","background-size":"auto","background-attachment":"scroll","background-type":"","background-media":"","overlay-type":"","overlay-color":"","overlay-opacity":"","overlay-gradient":""},"mobile":{"background-color":"","background-image":"","background-repeat":"repeat","background-position":"center center","background-size":"auto","background-attachment":"scroll","background-type":"","background-media":"","overlay-type":"","overlay-color":"","overlay-opacity":"","overlay-gradient":""}},"ast-content-background-meta":{"desktop":{"background-color":"var(--ast-global-color-5)","background-image":"","background-repeat":"repeat","background-position":"center center","background-size":"auto","background-attachment":"scroll","background-type":"","background-media":"","overlay-type":"","overlay-color":"","overlay-opacity":"","overlay-gradient":""},"tablet":{"background-color":"var(--ast-global-color-5)","background-image":"","background-repeat":"repeat","background-position":"center center","background-size":"auto","background-attachment":"scroll","background-type":"","background-media":"","overlay-type":"","overlay-color":"","overlay-opacity":"","overlay-gradient":""},"mobile":{"background-color":"var(--ast-global-color-5)","background-image":"","background-repeat":"repeat","background-position":"center center","background-size":"auto","background-attachment":"scroll","background-type":"","background-media":"","overlay-type":"","overlay-color":"","overlay-opacity":"","overlay-gradient":""}},"footnotes":""},"categories":[8,3,1,29],"tags":[],"class_list":["post-1198","post","type-post","status-publish","format-standard","has-post-thumbnail","hentry","category-batxillerat","category-eso","category-general","category-portada"],"post_mailing_queue_ids":[],"_links":{"self":[{"href":"https:\/\/agora.xtec.cat\/ies-santelm\/wp-json\/wp\/v2\/posts\/1198","targetHints":{"allow":["GET"]}}],"collection":[{"href":"https:\/\/agora.xtec.cat\/ies-santelm\/wp-json\/wp\/v2\/posts"}],"about":[{"href":"https:\/\/agora.xtec.cat\/ies-santelm\/wp-json\/wp\/v2\/types\/post"}],"author":[{"embeddable":true,"href":"https:\/\/agora.xtec.cat\/ies-santelm\/wp-json\/wp\/v2\/users\/3"}],"replies":[{"embeddable":true,"href":"https:\/\/agora.xtec.cat\/ies-santelm\/wp-json\/wp\/v2\/comments?post=1198"}],"version-history":[{"count":1,"href":"https:\/\/agora.xtec.cat\/ies-santelm\/wp-json\/wp\/v2\/posts\/1198\/revisions"}],"predecessor-version":[{"id":1200,"href":"https:\/\/agora.xtec.cat\/ies-santelm\/wp-json\/wp\/v2\/posts\/1198\/revisions\/1200"}],"wp:featuredmedia":[{"embeddable":true,"href":"https:\/\/agora.xtec.cat\/ies-santelm\/wp-json\/wp\/v2\/media\/1199"}],"wp:attachment":[{"href":"https:\/\/agora.xtec.cat\/ies-santelm\/wp-json\/wp\/v2\/media?parent=1198"}],"wp:term":[{"taxonomy":"category","embeddable":true,"href":"https:\/\/agora.xtec.cat\/ies-santelm\/wp-json\/wp\/v2\/categories?post=1198"},{"taxonomy":"post_tag","embeddable":true,"href":"https:\/\/agora.xtec.cat\/ies-santelm\/wp-json\/wp\/v2\/tags?post=1198"}],"curies":[{"name":"wp","href":"https:\/\/api.w.org\/{rel}","templated":true}]}}