{"id":1081,"date":"2017-05-03T07:02:26","date_gmt":"2017-05-03T05:02:26","guid":{"rendered":"http:\/\/agora.xtec.cat\/ies-santelm\/?p=1081"},"modified":"2017-05-12T13:21:27","modified_gmt":"2017-05-12T11:21:27","slug":"preinscripcio-batxillerat","status":"publish","type":"post","link":"https:\/\/agora.xtec.cat\/ies-santelm\/general\/preinscripcio-batxillerat\/","title":{"rendered":"Preinscripci\u00f3 batxillerat"},"content":{"rendered":"<p>Del 16 al 24 de maig podeu presentar les sol\u00b7licituds de preinscripci\u00f3 per qualsevol dels batxillerats que oferim:<\/p>\n<ul>\n<li>Batxillerat cient\u00edfic i tecnol\u00f2gic<\/li>\n<li>Batxillerat social i human\u00edstic<\/li>\n<li>Batxillerat d&#8217;arts pl\u00e0stiques<\/li>\n<li>Batxillerat d&#8217;arts esc\u00e8niques<img loading=\"lazy\" decoding=\"async\" class=\"aligncenter wp-image-1082 size-large\" src=\"http:\/\/agora.xtec.cat\/ies-santelm\/wp-content\/uploads\/usu1365\/2017\/05\/IMG-20170308-WA0009-1024x576.jpg\" alt=\"IMG-20170308-WA0009\" width=\"1024\" height=\"576\" srcset=\"https:\/\/agora.xtec.cat\/ies-santelm\/wp-content\/uploads\/usu1365\/2017\/05\/IMG-20170308-WA0009-1024x576.jpg 1024w, https:\/\/agora.xtec.cat\/ies-santelm\/wp-content\/uploads\/usu1365\/2017\/05\/IMG-20170308-WA0009-300x169.jpg 300w, https:\/\/agora.xtec.cat\/ies-santelm\/wp-content\/uploads\/usu1365\/2017\/05\/IMG-20170308-WA0009-768x432.jpg 768w, https:\/\/agora.xtec.cat\/ies-santelm\/wp-content\/uploads\/usu1365\/2017\/05\/IMG-20170308-WA0009.jpg 1600w\" sizes=\"auto, (max-width: 1024px) 100vw, 1024px\" \/><img loading=\"lazy\" decoding=\"async\" class=\"aligncenter wp-image-1083 size-large\" src=\"http:\/\/agora.xtec.cat\/ies-santelm\/wp-content\/uploads\/usu1365\/2017\/05\/IMG-20170419-WA0005-1024x687.jpg\" alt=\"IMG-20170419-WA0005\" width=\"1024\" height=\"687\" srcset=\"https:\/\/agora.xtec.cat\/ies-santelm\/wp-content\/uploads\/usu1365\/2017\/05\/IMG-20170419-WA0005-1024x687.jpg 1024w, https:\/\/agora.xtec.cat\/ies-santelm\/wp-content\/uploads\/usu1365\/2017\/05\/IMG-20170419-WA0005-300x201.jpg 300w, https:\/\/agora.xtec.cat\/ies-santelm\/wp-content\/uploads\/usu1365\/2017\/05\/IMG-20170419-WA0005-768x516.jpg 768w, https:\/\/agora.xtec.cat\/ies-santelm\/wp-content\/uploads\/usu1365\/2017\/05\/IMG-20170419-WA0005.jpg 1600w\" sizes=\"auto, (max-width: 1024px) 100vw, 1024px\" \/><\/li>\n<\/ul>\n<p>El detall del calendari de oreinscripci\u00f3 i matr\u00edcula \u00e9s el seg\u00fcent:<\/p>\n<h3>Preinscripci\u00f3:<\/h3>\n<ul>\n<li><b>Oferta inicial: 12 de maig de 2017<\/b><\/li>\n<\/ul>\n<ul>\n<li>Termini per presentar la sol\u00b7licitud: del 16 al 24 de maig de 2017<\/li>\n<\/ul>\n<ul>\n<li>Termini per presentar ladocumentaci\u00f3 al centre: fins al 26 de maig de 2017<\/li>\n<\/ul>\n<ul>\n<li>Llista de sol\u00b7licituds de preinscripci\u00f3 al centre amb la puntuaci\u00f3 provisional: 6 de juny de 2017<\/li>\n<\/ul>\n<ul>\n<li>Termini per presentar una reclamaci\u00f3: del 7 al 9 de juny de 2017<\/li>\n<\/ul>\n<ul>\n<li>Llista de sol\u00b7licituds de preinscripci\u00f3 al centre amb la puntuaci\u00f3 un cop resoltes les reclamacions: 14 de juny de 2017<\/li>\n<\/ul>\n<ul>\n<li>Sorteig del n\u00famero de desempat: 15 de juny de 2017, a les 11 h (Serveis centrals del Departament d&#8217;Ensenyament: Via Augusta, 202, Barcelona)<\/li>\n<\/ul>\n<ul>\n<li>Llista ordenada definitiva: 19 de juny de 2017<\/li>\n<\/ul>\n<ul>\n<li>Oferta final: 30 de juny de 2017<\/li>\n<\/ul>\n<ul>\n<li>Llista d\u2019alumnes admesos i llista d&#8217;espera: 3 de juliol de 2017<\/li>\n<\/ul>\n<h3>Matr\u00edcula:<\/h3>\n<ul>\n<li><b>Matr\u00edcula ordin\u00e0ria dels alumnes preinscrits amb pla\u00e7a assignada: del 4 a l&#8217;11 de juliol de 2017<\/b><\/li>\n<\/ul>\n<ul>\n<li>Termini perqu\u00e8 els alumnes pendents de l\u2019avaluaci\u00f3 de setembre confirmin la seva continuaci\u00f3 al centre: del 4 a l&#8217;11 de juliol de 2017<\/li>\n<\/ul>\n<ul>\n<li>Matr\u00edcula extraordin\u00e0ria dels alumnes pendents de l\u2019avaluaci\u00f3 de setembre: del 6 al 8 de setembre de 2017<\/li>\n<\/ul>\n<p>&nbsp;<\/p>\n<p>&nbsp;<\/p>\n<p>&nbsp;<\/p>\n<p>&nbsp;<\/p>\n","protected":false},"excerpt":{"rendered":"<p>Del 16 al 24 de maig podeu presentar les sol\u00b7licituds de preinscripci\u00f3 per qualsevol dels batxillerats que oferim: Batxillerat cient\u00edfic i tecnol\u00f2gic Batxillerat social i human\u00edstic Batxillerat d&#8217;arts pl\u00e0stiques Batxillerat d&#8217;arts esc\u00e8niques El detall del calendari de oreinscripci\u00f3 i matr\u00edcula \u00e9s el seg\u00fcent: Preinscripci\u00f3: Oferta inicial: 12 de maig de 2017 Termini per presentar la [&hellip;]<\/p>\n","protected":false},"author":1,"featured_media":1082,"comment_status":"open","ping_status":"open","sticky":false,"template":"","format":"standard","meta":{"_bbp_topic_count":0,"_bbp_reply_count":0,"_bbp_total_topic_count":0,"_bbp_total_reply_count":0,"_bbp_voice_count":0,"_bbp_anonymous_reply_count":0,"_bbp_topic_count_hidden":0,"_bbp_reply_count_hidden":0,"_bbp_forum_subforum_count":0,"site-sidebar-layout":"default","site-content-layout":"","ast-site-content-layout":"","site-content-style":"default","site-sidebar-style":"default","ast-global-header-display":"","ast-banner-title-visibility":"","ast-main-header-display":"","ast-hfb-above-header-display":"","ast-hfb-below-header-display":"","ast-hfb-mobile-header-display":"","site-post-title":"","ast-breadcrumbs-content":"","ast-featured-img":"","footer-sml-layout":"","theme-transparent-header-meta":"","adv-header-id-meta":"","stick-header-meta":"","header-above-stick-meta":"","header-main-stick-meta":"","header-below-stick-meta":"","astra-migrate-meta-layouts":"default","ast-page-background-enabled":"default","ast-page-background-meta":{"desktop":{"background-color":"var(--ast-global-color-4)","background-image":"","background-repeat":"repeat","background-position":"center center","background-size":"auto","background-attachment":"scroll","background-type":"","background-media":"","overlay-type":"","overlay-color":"","overlay-opacity":"","overlay-gradient":""},"tablet":{"background-color":"","background-image":"","background-repeat":"repeat","background-position":"center center","background-size":"auto","background-attachment":"scroll","background-type":"","background-media":"","overlay-type":"","overlay-color":"","overlay-opacity":"","overlay-gradient":""},"mobile":{"background-color":"","background-image":"","background-repeat":"repeat","background-position":"center center","background-size":"auto","background-attachment":"scroll","background-type":"","background-media":"","overlay-type":"","overlay-color":"","overlay-opacity":"","overlay-gradient":""}},"ast-content-background-meta":{"desktop":{"background-color":"var(--ast-global-color-5)","background-image":"","background-repeat":"repeat","background-position":"center center","background-size":"auto","background-attachment":"scroll","background-type":"","background-media":"","overlay-type":"","overlay-color":"","overlay-opacity":"","overlay-gradient":""},"tablet":{"background-color":"var(--ast-global-color-5)","background-image":"","background-repeat":"repeat","background-position":"center center","background-size":"auto","background-attachment":"scroll","background-type":"","background-media":"","overlay-type":"","overlay-color":"","overlay-opacity":"","overlay-gradient":""},"mobile":{"background-color":"var(--ast-global-color-5)","background-image":"","background-repeat":"repeat","background-position":"center center","background-size":"auto","background-attachment":"scroll","background-type":"","background-media":"","overlay-type":"","overlay-color":"","overlay-opacity":"","overlay-gradient":""}},"footnotes":""},"categories":[1,29],"tags":[],"class_list":["post-1081","post","type-post","status-publish","format-standard","has-post-thumbnail","hentry","category-general","category-portada"],"post_mailing_queue_ids":[],"_links":{"self":[{"href":"https:\/\/agora.xtec.cat\/ies-santelm\/wp-json\/wp\/v2\/posts\/1081","targetHints":{"allow":["GET"]}}],"collection":[{"href":"https:\/\/agora.xtec.cat\/ies-santelm\/wp-json\/wp\/v2\/posts"}],"about":[{"href":"https:\/\/agora.xtec.cat\/ies-santelm\/wp-json\/wp\/v2\/types\/post"}],"author":[{"embeddable":true,"href":"https:\/\/agora.xtec.cat\/ies-santelm\/wp-json\/wp\/v2\/users\/1"}],"replies":[{"embeddable":true,"href":"https:\/\/agora.xtec.cat\/ies-santelm\/wp-json\/wp\/v2\/comments?post=1081"}],"version-history":[{"count":1,"href":"https:\/\/agora.xtec.cat\/ies-santelm\/wp-json\/wp\/v2\/posts\/1081\/revisions"}],"predecessor-version":[{"id":1084,"href":"https:\/\/agora.xtec.cat\/ies-santelm\/wp-json\/wp\/v2\/posts\/1081\/revisions\/1084"}],"wp:featuredmedia":[{"embeddable":true,"href":"https:\/\/agora.xtec.cat\/ies-santelm\/wp-json\/wp\/v2\/media\/1082"}],"wp:attachment":[{"href":"https:\/\/agora.xtec.cat\/ies-santelm\/wp-json\/wp\/v2\/media?parent=1081"}],"wp:term":[{"taxonomy":"category","embeddable":true,"href":"https:\/\/agora.xtec.cat\/ies-santelm\/wp-json\/wp\/v2\/categories?post=1081"},{"taxonomy":"post_tag","embeddable":true,"href":"https:\/\/agora.xtec.cat\/ies-santelm\/wp-json\/wp\/v2\/tags?post=1081"}],"curies":[{"name":"wp","href":"https:\/\/api.w.org\/{rel}","templated":true}]}}