{"id":1068,"date":"2017-04-25T11:35:36","date_gmt":"2017-04-25T09:35:36","guid":{"rendered":"http:\/\/agora.xtec.cat\/ies-santelm\/?p=1068"},"modified":"2017-04-25T11:42:47","modified_gmt":"2017-04-25T09:42:47","slug":"sant-jordi-2017","status":"publish","type":"post","link":"https:\/\/agora.xtec.cat\/ies-santelm\/general\/sant-jordi-2017\/","title":{"rendered":"Sant Jordi 2017"},"content":{"rendered":"<p><span style=\"font-weight: 400;\">PREMIS SANT JORDI 2017<\/span><\/p>\n<p><span style=\"font-weight: 400;\">Aquest divendres 21 d\u2019abril s\u2019ha celebrat la XXXV edici\u00f3 del concurs literari Sant Jordi de l\u2019Institut Sant Elm al Teatre Municipal.<\/span><\/p>\n<p><span style=\"font-weight: 400;\">Els alumnes han preparat una s\u00e8rie d\u2019actuacions, presentades pels alumnes de 2n de batxillerat. Amb una sala ben plena han anat desfilant per l\u2019escenari els cantants, els m\u00fasics, els actors de teatre i de mon\u00f2leg i els recitadors de poesia. Aquest any hem comptat amb un text po\u00e8tic molt especial, la autora del qual \u00e9s l\u2019\u00c0ngela Ribas, professora guanyadora del premi \u201cRecull\u201d d\u2019enguany. \u00a0<\/span><\/p>\n<p><span style=\"font-weight: 400;\">Tot aix\u00f2 ha estat possible gr\u00e0cies a la participaci\u00f3 de l\u2019alumnat, del professorat i de tot el personal que treballa perqu\u00e8 es pugui portar a terme una bona celebraci\u00f3.<\/span><\/p>\n<p><span style=\"font-weight: 400;\">Els premis del certamen, (llengua catalana, castellana i estrangeres, fotografia, dibuix i matem\u00e0tiques) van ser recollits per l\u2019alumnat que veia apar\u00e8ixer el seu nom en una pantalla. <\/span><\/p>\n<p><span style=\"font-weight: 400;\">Els alumnes van poder comprovar el resultat de les votacions del seus professors preferits, els quals van ser premiats amb sengles bandes i corones.<\/span><\/p>\n<p><span style=\"font-weight: 400;\">Tamb\u00e9 va tenir lloc el comiat multitudinari de la professora Merc\u00e8 Enrich que es jubilar\u00e0 despr\u00e9s de 36 anys de treball a l\u2019Institut Sant Elm.<\/span><\/p>\n<p><span style=\"font-weight: 400;\">Finalment, l\u2019AMPA va concedir tres premis a les millors actuacions que van recaure en la Iara Gonzalo i en Marc Mercader, en Teo Larrosa i l\u2019Ignasi de Blas.<\/span><\/p>\n<p><span style=\"font-weight: 400;\">Sant Jordi ens regala una ocasi\u00f3 prop\u00edcia per demostrar que els nostre alumnat creix en cultura i educaci\u00f3 quan s\u2019ho proposa.<\/span><\/p>\n<p><img loading=\"lazy\" decoding=\"async\" class=\"aligncenter size-full wp-image-1071\" src=\"http:\/\/agora.xtec.cat\/ies-santelm\/wp-content\/uploads\/usu1365\/2017\/04\/portadastjordi.jpg\" alt=\"portadastjordi\" width=\"912\" height=\"712\" srcset=\"https:\/\/agora.xtec.cat\/ies-santelm\/wp-content\/uploads\/usu1365\/2017\/04\/portadastjordi.jpg 912w, https:\/\/agora.xtec.cat\/ies-santelm\/wp-content\/uploads\/usu1365\/2017\/04\/portadastjordi-300x234.jpg 300w, https:\/\/agora.xtec.cat\/ies-santelm\/wp-content\/uploads\/usu1365\/2017\/04\/portadastjordi-768x600.jpg 768w\" sizes=\"auto, (max-width: 912px) 100vw, 912px\" \/><\/p>\n<p>Cliqueu per a veure m\u00e9s fotos.<\/p>\n<p><a href=\"https:\/\/goo.gl\/photos\/XUFneJznhuA1WX6w8\">https:\/\/goo.gl\/photos\/XUFneJznhuA1WX6w8<\/a><\/p>\n<p>&nbsp;<\/p>\n","protected":false},"excerpt":{"rendered":"<p>PREMIS SANT JORDI 2017 Aquest divendres 21 d\u2019abril s\u2019ha celebrat la XXXV edici\u00f3 del concurs literari Sant Jordi de l\u2019Institut Sant Elm al Teatre Municipal. Els alumnes han preparat una s\u00e8rie d\u2019actuacions, presentades pels alumnes de 2n de batxillerat. Amb una sala ben plena han anat desfilant per l\u2019escenari els cantants, els m\u00fasics, els actors [&hellip;]<\/p>\n","protected":false},"author":1,"featured_media":1071,"comment_status":"open","ping_status":"open","sticky":false,"template":"","format":"standard","meta":{"_bbp_topic_count":0,"_bbp_reply_count":0,"_bbp_total_topic_count":0,"_bbp_total_reply_count":0,"_bbp_voice_count":0,"_bbp_anonymous_reply_count":0,"_bbp_topic_count_hidden":0,"_bbp_reply_count_hidden":0,"_bbp_forum_subforum_count":0,"site-sidebar-layout":"default","site-content-layout":"","ast-site-content-layout":"","site-content-style":"default","site-sidebar-style":"default","ast-global-header-display":"","ast-banner-title-visibility":"","ast-main-header-display":"","ast-hfb-above-header-display":"","ast-hfb-below-header-display":"","ast-hfb-mobile-header-display":"","site-post-title":"","ast-breadcrumbs-content":"","ast-featured-img":"","footer-sml-layout":"","theme-transparent-header-meta":"","adv-header-id-meta":"","stick-header-meta":"","header-above-stick-meta":"","header-main-stick-meta":"","header-below-stick-meta":"","astra-migrate-meta-layouts":"default","ast-page-background-enabled":"default","ast-page-background-meta":{"desktop":{"background-color":"var(--ast-global-color-4)","background-image":"","background-repeat":"repeat","background-position":"center center","background-size":"auto","background-attachment":"scroll","background-type":"","background-media":"","overlay-type":"","overlay-color":"","overlay-opacity":"","overlay-gradient":""},"tablet":{"background-color":"","background-image":"","background-repeat":"repeat","background-position":"center center","background-size":"auto","background-attachment":"scroll","background-type":"","background-media":"","overlay-type":"","overlay-color":"","overlay-opacity":"","overlay-gradient":""},"mobile":{"background-color":"","background-image":"","background-repeat":"repeat","background-position":"center center","background-size":"auto","background-attachment":"scroll","background-type":"","background-media":"","overlay-type":"","overlay-color":"","overlay-opacity":"","overlay-gradient":""}},"ast-content-background-meta":{"desktop":{"background-color":"var(--ast-global-color-5)","background-image":"","background-repeat":"repeat","background-position":"center center","background-size":"auto","background-attachment":"scroll","background-type":"","background-media":"","overlay-type":"","overlay-color":"","overlay-opacity":"","overlay-gradient":""},"tablet":{"background-color":"var(--ast-global-color-5)","background-image":"","background-repeat":"repeat","background-position":"center center","background-size":"auto","background-attachment":"scroll","background-type":"","background-media":"","overlay-type":"","overlay-color":"","overlay-opacity":"","overlay-gradient":""},"mobile":{"background-color":"var(--ast-global-color-5)","background-image":"","background-repeat":"repeat","background-position":"center center","background-size":"auto","background-attachment":"scroll","background-type":"","background-media":"","overlay-type":"","overlay-color":"","overlay-opacity":"","overlay-gradient":""}},"footnotes":""},"categories":[8,104,3,1,29],"tags":[],"class_list":["post-1068","post","type-post","status-publish","format-standard","has-post-thumbnail","hentry","category-batxillerat","category-consell-escolar","category-eso","category-general","category-portada"],"post_mailing_queue_ids":[],"_links":{"self":[{"href":"https:\/\/agora.xtec.cat\/ies-santelm\/wp-json\/wp\/v2\/posts\/1068","targetHints":{"allow":["GET"]}}],"collection":[{"href":"https:\/\/agora.xtec.cat\/ies-santelm\/wp-json\/wp\/v2\/posts"}],"about":[{"href":"https:\/\/agora.xtec.cat\/ies-santelm\/wp-json\/wp\/v2\/types\/post"}],"author":[{"embeddable":true,"href":"https:\/\/agora.xtec.cat\/ies-santelm\/wp-json\/wp\/v2\/users\/1"}],"replies":[{"embeddable":true,"href":"https:\/\/agora.xtec.cat\/ies-santelm\/wp-json\/wp\/v2\/comments?post=1068"}],"version-history":[{"count":3,"href":"https:\/\/agora.xtec.cat\/ies-santelm\/wp-json\/wp\/v2\/posts\/1068\/revisions"}],"predecessor-version":[{"id":1074,"href":"https:\/\/agora.xtec.cat\/ies-santelm\/wp-json\/wp\/v2\/posts\/1068\/revisions\/1074"}],"wp:featuredmedia":[{"embeddable":true,"href":"https:\/\/agora.xtec.cat\/ies-santelm\/wp-json\/wp\/v2\/media\/1071"}],"wp:attachment":[{"href":"https:\/\/agora.xtec.cat\/ies-santelm\/wp-json\/wp\/v2\/media?parent=1068"}],"wp:term":[{"taxonomy":"category","embeddable":true,"href":"https:\/\/agora.xtec.cat\/ies-santelm\/wp-json\/wp\/v2\/categories?post=1068"},{"taxonomy":"post_tag","embeddable":true,"href":"https:\/\/agora.xtec.cat\/ies-santelm\/wp-json\/wp\/v2\/tags?post=1068"}],"curies":[{"name":"wp","href":"https:\/\/api.w.org\/{rel}","templated":true}]}}