{"id":1033,"date":"2017-04-07T12:30:39","date_gmt":"2017-04-07T10:30:39","guid":{"rendered":"http:\/\/agora.xtec.cat\/ies-santelm\/?p=1033"},"modified":"2017-04-17T20:24:36","modified_gmt":"2017-04-17T18:24:36","slug":"xiii-certamen-de-lectura-en-veu-alta","status":"publish","type":"post","link":"https:\/\/agora.xtec.cat\/ies-santelm\/general\/xiii-certamen-de-lectura-en-veu-alta\/","title":{"rendered":"XIII Certamen de lectura en veu alta"},"content":{"rendered":"<p class=\"western\" lang=\"ca-ES\"><span style=\"color: #222222;\"><span style=\"font-family: 'Bookman Old Style', serif;\"><span style=\"font-size: small;\">Enguany l&#8217;institut Sant Elm ha participat al\u00a0XIII Certamen de Lectura en Veu Alta que es va celebrar \u00a0al Teatre Municipal de Palafrugell el passat dimecres 29 de mar\u00e7.<\/span><\/span><\/span><\/p>\n<p class=\"western\" lang=\"ca-ES\"><span style=\"color: #222222;\"><span style=\"font-family: 'Bookman Old Style', serif;\"><span style=\"font-size: small;\">Aquest esdeveniment \u00e9s una de les activitats que es recullen dins el projecte de cultura i valors des del qual s\u2019aposta per potenciar el gust per la lectura i alhora sensibilitzar als alumnes per tal que siguin persones valuoses dins la nostra societat, d\u2019esperit cr\u00edtic, responsable i valu\u00f3s. <\/span><\/span><\/span><\/p>\n<p class=\"western\" lang=\"ca-ES\"><span style=\"color: #222222;\"> <span style=\"font-family: 'Bookman Old Style', serif;\"><span style=\"font-size: small;\">Els nostres alumnes de 2n cicle de l\u2019ESO han estat els guanyadors de la seva categoria: \u201cTropa dels Corsaris\u201d per la qual cosa participaran a les semifinals que es celebraran<\/span><\/span><\/span><span style=\"color: #222222;\"><span style=\"font-family: 'Bookman Old Style', serif;\"><span style=\"font-size: small;\">\u00a0<\/span><\/span><\/span><span style=\"color: #222222;\"><span style=\"font-family: 'Bookman Old Style', serif;\"><span style=\"font-size: small;\">al Teatre Municipal de Salt el divendres 28 d&#8217;abril.<\/span><\/span><\/span><span style=\"color: #222222;\"><span style=\"font-family: 'Bookman Old Style', serif;\"><span style=\"font-size: small;\">\u00a0<\/span><\/span><\/span><\/p>\n<p class=\"western\" lang=\"ca-ES\"><span style=\"color: #222222;\"><span style=\"font-family: 'Bookman Old Style', serif;\"><span style=\"font-size: small;\">A tots ells els volem agrair l\u2019esfor\u00e7 i la implicaci\u00f3 mostrada i desitjar-los molta fortuna a la semifinal, estem molt orgullosos de vosaltres!<\/span><\/span><\/span><\/p>\n<p class=\"western\" lang=\"ca-ES\"><span style=\"color: #222222;\"><span style=\"font-family: 'Bookman Old Style', serif;\"><span style=\"font-size: small;\">Moltes gr\u00e0cies Laura S\u00e1nchez, V\u00edctor Sanz, Dani Radu\u00e0 i Laia Chamorro. <\/span><\/span><\/span><\/p>\n<p class=\"western\" lang=\"ca-ES\"><span style=\"color: #222222;\"><span style=\"font-family: 'Bookman Old Style', serif;\"><span style=\"font-size: small;\">A continuaci\u00f3 podeu visualitzar el v\u00eddeo, la not\u00edcia emesa per televisi\u00f3 Costa Brava i fotografies de l\u2019esdeveniment.<\/span><\/span><\/span><\/p>\n<p class=\"western\" lang=\"ca-ES\">V\u00eddeo resum de tot el certamen durada 11 minuts:<\/p>\n<p class=\"western\" lang=\"ca-ES\"><a href=\"https:\/\/drive.google.com\/open?id=0B3ZiI4RmC_G0cXhHVG9pOGVJLWs\"><span style=\"font-family: 'Bookman Old Style', serif;\"><span style=\"font-size: small;\">https:\/\/drive.google.com\/open?id=0B3ZiI4RmC_G0cXhHVG9pOGVJLWs<\/span><\/span><\/a><\/p>\n<p class=\"western\" lang=\"ca-ES\"><span style=\"font-family: 'Bookman Old Style', serif;\"><span style=\"font-size: small;\">Not\u00edcia a Televisi\u00f3 Costa Brava:<\/span><\/span><\/p>\n<p class=\"western\" lang=\"ca-ES\"><a href=\"http:\/\/tvcostabrava.xiptv.cat\/municipi\/palafrugell\/l-informatiu-costa-brava\/capitol\/palafrugell-acull-la-fase-comarcal-de-certamen-de-lectura-en-veu-alta\"><span style=\"font-family: 'Bookman Old Style', serif;\"><span style=\"font-size: small;\">http:\/\/tvcostabrava.xiptv.cat\/municipi\/palafrugell\/l-informatiu-costa-brava\/capitol\/palafrugell-acull-la-fase-comarcal-de-certamen-de-lectura-en-veu-alta<\/span><\/span><\/a><\/p>\n<p class=\"western\" lang=\"ca-ES\">Fotografies<\/p>\n<p class=\"western\" lang=\"ca-ES\">\r\n\t<div class=\"slideshow_container slideshow_container_style-light\" style=\"height: 300px; \" data-slideshow-id=\"1040\" data-style-name=\"style-light\" data-style-version=\"2.3.1\" >\r\n\r\n\t\t\t\t\t<div class=\"slideshow_loading_icon\"><\/div>\r\n\t\t\r\n\t\t<div class=\"slideshow_content\" style=\"display: none;\">\r\n\r\n\t\t\t<div class=\"slideshow_view\">\r\n\t\t\t\t<div class=\"slideshow_slide slideshow_slide_image\">\r\n\t\t\t\t\t\t\t\t\t\t\t<img src=\"https:\/\/agora.xtec.cat\/ies-santelm\/wp-content\/uploads\/usu1365\/2017\/04\/concurs-lectura2.jpg\" alt=\"concurs lectura2\" width=\"960\" height=\"720\" \/>\r\n\t\t\t\t\t\t\t\t\t\t<div class=\"slideshow_description_box slideshow_transparent\">\r\n\t\t\t\t\t\t\t\t\t\t\t\t\t\t\t\t\t<\/div>\r\n\t\t\t\t<\/div>\r\n\r\n\t\t\t\t\t\t<div style=\"clear: both;\"><\/div><\/div><div class=\"slideshow_view\">\r\n\t\t\t\t<div class=\"slideshow_slide slideshow_slide_image\">\r\n\t\t\t\t\t\t\t\t\t\t\t<img src=\"https:\/\/agora.xtec.cat\/ies-santelm\/wp-content\/uploads\/usu1365\/2017\/04\/concurs.jpg\" alt=\"concurs\" width=\"960\" height=\"720\" \/>\r\n\t\t\t\t\t\t\t\t\t\t<div class=\"slideshow_description_box slideshow_transparent\">\r\n\t\t\t\t\t\t\t\t\t\t\t\t\t\t\t\t\t<\/div>\r\n\t\t\t\t<\/div>\r\n\r\n\t\t\t\t\t\t<div style=\"clear: both;\"><\/div><\/div><div class=\"slideshow_view\">\r\n\t\t\t\t<div class=\"slideshow_slide slideshow_slide_image\">\r\n\t\t\t\t\t\t\t\t\t\t\t<img src=\"https:\/\/agora.xtec.cat\/ies-santelm\/wp-content\/uploads\/usu1365\/2017\/04\/concurs-lectura2.jpg\" alt=\"concurs lectura2\" width=\"960\" height=\"720\" \/>\r\n\t\t\t\t\t\t\t\t\t\t<div class=\"slideshow_description_box slideshow_transparent\">\r\n\t\t\t\t\t\t\t\t\t\t\t\t\t\t\t\t\t<\/div>\r\n\t\t\t\t<\/div>\r\n\r\n\t\t\t\t\t\t<div style=\"clear: both;\"><\/div><\/div><div class=\"slideshow_view\">\r\n\t\t\t\t<div class=\"slideshow_slide slideshow_slide_image\">\r\n\t\t\t\t\t\t\t\t\t\t\t<img src=\"https:\/\/agora.xtec.cat\/ies-santelm\/wp-content\/uploads\/usu1365\/2017\/04\/concurs-lectura-va.jpg\" alt=\"concurs lectura va\" width=\"960\" height=\"720\" \/>\r\n\t\t\t\t\t\t\t\t\t\t<div class=\"slideshow_description_box slideshow_transparent\">\r\n\t\t\t\t\t\t\t\t\t\t\t\t\t\t\t\t\t<\/div>\r\n\t\t\t\t<\/div>\r\n\r\n\t\t\t\t\t\t<div style=\"clear: both;\"><\/div><\/div>\r\n\t\t<\/div>\r\n\r\n\t\t<div class=\"slideshow_controlPanel slideshow_transparent\" style=\"display: none;\"><ul><li class=\"slideshow_togglePlay\" data-play-text=\"Visualitza\" data-pause-text=\"Pausa\"><\/li><\/ul><\/div>\r\n\r\n\t\t<div class=\"slideshow_button slideshow_previous slideshow_transparent\" role=\"button\" data-previous-text=\"Anterior\" style=\"display: none;\"><\/div>\r\n\t\t<div class=\"slideshow_button slideshow_next slideshow_transparent\" role=\"button\" data-next-text=\"Seg\u00fcent\" style=\"display: none;\"><\/div>\r\n\r\n\t\t<div class=\"slideshow_pagination\" style=\"display: none;\" data-go-to-text=\"V\u00e9s a la diapositiva\"><div class=\"slideshow_pagination_center\"><\/div><\/div>\r\n\r\n\t\t<!-- WordPress Slideshow Version 2.3.1 -->\r\n\r\n\t\t\t<\/div>\r\n\r\n<\/p>\n<p class=\"western\" lang=\"ca-ES\">\n","protected":false},"excerpt":{"rendered":"<p>Enguany l&#8217;institut Sant Elm ha participat al\u00a0XIII Certamen de Lectura en Veu Alta que es va celebrar \u00a0al Teatre Municipal de Palafrugell el passat dimecres 29 de mar\u00e7. Aquest esdeveniment \u00e9s una de les activitats que es recullen dins el projecte de cultura i valors des del qual s\u2019aposta per potenciar el gust per la [&hellip;]<\/p>\n","protected":false},"author":1,"featured_media":1042,"comment_status":"open","ping_status":"open","sticky":false,"template":"","format":"standard","meta":{"_bbp_topic_count":0,"_bbp_reply_count":0,"_bbp_total_topic_count":0,"_bbp_total_reply_count":0,"_bbp_voice_count":0,"_bbp_anonymous_reply_count":0,"_bbp_topic_count_hidden":0,"_bbp_reply_count_hidden":0,"_bbp_forum_subforum_count":0,"site-sidebar-layout":"default","site-content-layout":"","ast-site-content-layout":"","site-content-style":"default","site-sidebar-style":"default","ast-global-header-display":"","ast-banner-title-visibility":"","ast-main-header-display":"","ast-hfb-above-header-display":"","ast-hfb-below-header-display":"","ast-hfb-mobile-header-display":"","site-post-title":"","ast-breadcrumbs-content":"","ast-featured-img":"","footer-sml-layout":"","theme-transparent-header-meta":"","adv-header-id-meta":"","stick-header-meta":"","header-above-stick-meta":"","header-main-stick-meta":"","header-below-stick-meta":"","astra-migrate-meta-layouts":"default","ast-page-background-enabled":"default","ast-page-background-meta":{"desktop":{"background-color":"var(--ast-global-color-4)","background-image":"","background-repeat":"repeat","background-position":"center center","background-size":"auto","background-attachment":"scroll","background-type":"","background-media":"","overlay-type":"","overlay-color":"","overlay-opacity":"","overlay-gradient":""},"tablet":{"background-color":"","background-image":"","background-repeat":"repeat","background-position":"center center","background-size":"auto","background-attachment":"scroll","background-type":"","background-media":"","overlay-type":"","overlay-color":"","overlay-opacity":"","overlay-gradient":""},"mobile":{"background-color":"","background-image":"","background-repeat":"repeat","background-position":"center center","background-size":"auto","background-attachment":"scroll","background-type":"","background-media":"","overlay-type":"","overlay-color":"","overlay-opacity":"","overlay-gradient":""}},"ast-content-background-meta":{"desktop":{"background-color":"var(--ast-global-color-5)","background-image":"","background-repeat":"repeat","background-position":"center center","background-size":"auto","background-attachment":"scroll","background-type":"","background-media":"","overlay-type":"","overlay-color":"","overlay-opacity":"","overlay-gradient":""},"tablet":{"background-color":"var(--ast-global-color-5)","background-image":"","background-repeat":"repeat","background-position":"center center","background-size":"auto","background-attachment":"scroll","background-type":"","background-media":"","overlay-type":"","overlay-color":"","overlay-opacity":"","overlay-gradient":""},"mobile":{"background-color":"var(--ast-global-color-5)","background-image":"","background-repeat":"repeat","background-position":"center center","background-size":"auto","background-attachment":"scroll","background-type":"","background-media":"","overlay-type":"","overlay-color":"","overlay-opacity":"","overlay-gradient":""}},"footnotes":""},"categories":[3,1,29],"tags":[],"class_list":["post-1033","post","type-post","status-publish","format-standard","has-post-thumbnail","hentry","category-eso","category-general","category-portada"],"post_mailing_queue_ids":[],"_links":{"self":[{"href":"https:\/\/agora.xtec.cat\/ies-santelm\/wp-json\/wp\/v2\/posts\/1033","targetHints":{"allow":["GET"]}}],"collection":[{"href":"https:\/\/agora.xtec.cat\/ies-santelm\/wp-json\/wp\/v2\/posts"}],"about":[{"href":"https:\/\/agora.xtec.cat\/ies-santelm\/wp-json\/wp\/v2\/types\/post"}],"author":[{"embeddable":true,"href":"https:\/\/agora.xtec.cat\/ies-santelm\/wp-json\/wp\/v2\/users\/1"}],"replies":[{"embeddable":true,"href":"https:\/\/agora.xtec.cat\/ies-santelm\/wp-json\/wp\/v2\/comments?post=1033"}],"version-history":[{"count":3,"href":"https:\/\/agora.xtec.cat\/ies-santelm\/wp-json\/wp\/v2\/posts\/1033\/revisions"}],"predecessor-version":[{"id":1047,"href":"https:\/\/agora.xtec.cat\/ies-santelm\/wp-json\/wp\/v2\/posts\/1033\/revisions\/1047"}],"wp:featuredmedia":[{"embeddable":true,"href":"https:\/\/agora.xtec.cat\/ies-santelm\/wp-json\/wp\/v2\/media\/1042"}],"wp:attachment":[{"href":"https:\/\/agora.xtec.cat\/ies-santelm\/wp-json\/wp\/v2\/media?parent=1033"}],"wp:term":[{"taxonomy":"category","embeddable":true,"href":"https:\/\/agora.xtec.cat\/ies-santelm\/wp-json\/wp\/v2\/categories?post=1033"},{"taxonomy":"post_tag","embeddable":true,"href":"https:\/\/agora.xtec.cat\/ies-santelm\/wp-json\/wp\/v2\/tags?post=1033"}],"curies":[{"name":"wp","href":"https:\/\/api.w.org\/{rel}","templated":true}]}}