{"id":11196,"date":"2026-09-04T23:11:13","date_gmt":"2026-09-04T21:11:13","guid":{"rendered":"https:\/\/agora.xtec.cat\/ies-santaeulalia\/?p=11196"},"modified":"2026-09-04T23:11:13","modified_gmt":"2026-09-04T21:11:13","slug":"eso-batxillerat-inici-de-curs","status":"publish","type":"post","link":"https:\/\/agora.xtec.cat\/ies-santaeulalia\/general\/eso-batxillerat-inici-de-curs\/","title":{"rendered":"ESO\/Batxillerat: Inici de curs"},"content":{"rendered":"\n<pre class=\"wp-block-verse\"><strong>INICI DE LES ACTIVITATS LECTIVES<\/strong><\/pre>\n\n\n\n<p>El dimarts<strong> 8 de setembre de 2026<\/strong> comen\u00e7a el curs acad\u00e8mic. \u00c9s una dia per presentacions del centre i entre el grup classe i la tutora. La previsi\u00f3 \u00e9s que estiguin aproximadament 1h al centre.<\/p>\n\n\n\n<p>Els alumnes seran rebuts segons el seg\u00fcent horari:<\/p>\n\n\n\n<figure class=\"wp-block-table is-style-stripes\"><table class=\"has-fixed-layout\"><tbody><tr><td><strong>CURS<\/strong><\/td><td><strong>Hora de rebuda al centre:<\/strong><\/td><\/tr><tr><td>3r ESO<\/td><td>10:00h<\/td><\/tr><tr><td>4t ESO<\/td><td>10:30h<\/td><\/tr><tr><td>2n BATX<\/td><td>11:00h<\/td><\/tr><\/tbody><\/table><\/figure>\n\n\n\n<pre class=\"wp-block-verse\"><strong>REUNI\u00d3 FAM\u00cdLIES<\/strong><\/pre>\n\n\n\n<p>Us recordem que les reunions presencials amb les fam\u00edlies seran els seg\u00fcents dies:<\/p>\n\n\n\n<p><strong>3r i 4t ESO i 2n de Batxillerat: dijous 24 de setembre a les 18 hores<\/strong><\/p>\n\n\n\n<p>\u00c9s important la vostra assist\u00e8ncia, ja que us informarem sobre el funcionament de l&#8217;institut, normes, organitzaci\u00f3 del curs, mat\u00e8ries comunes i optatives, activitats complement\u00e0ries, calendari de vacances, sortides\u2026 Tamb\u00e9 us presentarem el tutor\/a del seu fill\/a, aix\u00ed com l&#8217; equip directiu.<\/p>\n\n\n\n<p>Els hi demanem que durant els primers dies de setembre acabin de realitzar les gestions que tinguin pendents amb secretaria per assegurar-nos que tenim tota la documentaci\u00f3 necess\u00e0ria.<\/p>\n","protected":false},"excerpt":{"rendered":"<p>INICI DE LES ACTIVITATS LECTIVES El dimarts 8 de setembre de 2026 comen\u00e7a el curs acad\u00e8mic. \u00c9s una dia per presentacions del centre i entre el grup classe i la tutora. La previsi\u00f3 \u00e9s que estiguin aproximadament 1h al centre. Els alumnes seran rebuts segons el seg\u00fcent horari: CURS Hora de rebuda al centre: 3r [&hellip;]<\/p>\n","protected":false},"author":1,"featured_media":9876,"comment_status":"open","ping_status":"open","sticky":false,"template":"","format":"standard","meta":{"_bbp_topic_count":0,"_bbp_reply_count":0,"_bbp_total_topic_count":0,"_bbp_total_reply_count":0,"_bbp_voice_count":0,"_bbp_anonymous_reply_count":0,"_bbp_topic_count_hidden":0,"_bbp_reply_count_hidden":0,"_bbp_forum_subforum_count":0,"site-sidebar-layout":"default","site-content-layout":"","ast-site-content-layout":"default","site-content-style":"default","site-sidebar-style":"default","ast-global-header-display":"","ast-banner-title-visibility":"","ast-main-header-display":"","ast-hfb-above-header-display":"","ast-hfb-below-header-display":"","ast-hfb-mobile-header-display":"","site-post-title":"","ast-breadcrumbs-content":"","ast-featured-img":"","footer-sml-layout":"","theme-transparent-header-meta":"","adv-header-id-meta":"","stick-header-meta":"","header-above-stick-meta":"","header-main-stick-meta":"","header-below-stick-meta":"","astra-migrate-meta-layouts":"set","ast-page-background-enabled":"default","ast-page-background-meta":{"desktop":{"background-color":"var(--ast-global-color-4)","background-image":"","background-repeat":"repeat","background-position":"center center","background-size":"auto","background-attachment":"scroll","background-type":"","background-media":"","overlay-type":"","overlay-color":"","overlay-opacity":"","overlay-gradient":""},"tablet":{"background-color":"","background-image":"","background-repeat":"repeat","background-position":"center center","background-size":"auto","background-attachment":"scroll","background-type":"","background-media":"","overlay-type":"","overlay-color":"","overlay-opacity":"","overlay-gradient":""},"mobile":{"background-color":"","background-image":"","background-repeat":"repeat","background-position":"center center","background-size":"auto","background-attachment":"scroll","background-type":"","background-media":"","overlay-type":"","overlay-color":"","overlay-opacity":"","overlay-gradient":""}},"ast-content-background-meta":{"desktop":{"background-color":"var(--ast-global-color-5)","background-image":"","background-repeat":"repeat","background-position":"center center","background-size":"auto","background-attachment":"scroll","background-type":"","background-media":"","overlay-type":"","overlay-color":"","overlay-opacity":"","overlay-gradient":""},"tablet":{"background-color":"var(--ast-global-color-5)","background-image":"","background-repeat":"repeat","background-position":"center center","background-size":"auto","background-attachment":"scroll","background-type":"","background-media":"","overlay-type":"","overlay-color":"","overlay-opacity":"","overlay-gradient":""},"mobile":{"background-color":"var(--ast-global-color-5)","background-image":"","background-repeat":"repeat","background-position":"center center","background-size":"auto","background-attachment":"scroll","background-type":"","background-media":"","overlay-type":"","overlay-color":"","overlay-opacity":"","overlay-gradient":""}},"footnotes":""},"categories":[1,29],"tags":[],"class_list":["post-11196","post","type-post","status-publish","format-standard","has-post-thumbnail","hentry","category-general","category-portada"],"post_mailing_queue_ids":[],"_links":{"self":[{"href":"https:\/\/agora.xtec.cat\/ies-santaeulalia\/wp-json\/wp\/v2\/posts\/11196","targetHints":{"allow":["GET"]}}],"collection":[{"href":"https:\/\/agora.xtec.cat\/ies-santaeulalia\/wp-json\/wp\/v2\/posts"}],"about":[{"href":"https:\/\/agora.xtec.cat\/ies-santaeulalia\/wp-json\/wp\/v2\/types\/post"}],"author":[{"embeddable":true,"href":"https:\/\/agora.xtec.cat\/ies-santaeulalia\/wp-json\/wp\/v2\/users\/1"}],"replies":[{"embeddable":true,"href":"https:\/\/agora.xtec.cat\/ies-santaeulalia\/wp-json\/wp\/v2\/comments?post=11196"}],"version-history":[{"count":1,"href":"https:\/\/agora.xtec.cat\/ies-santaeulalia\/wp-json\/wp\/v2\/posts\/11196\/revisions"}],"predecessor-version":[{"id":11200,"href":"https:\/\/agora.xtec.cat\/ies-santaeulalia\/wp-json\/wp\/v2\/posts\/11196\/revisions\/11200"}],"wp:featuredmedia":[{"embeddable":true,"href":"https:\/\/agora.xtec.cat\/ies-santaeulalia\/wp-json\/wp\/v2\/media\/9876"}],"wp:attachment":[{"href":"https:\/\/agora.xtec.cat\/ies-santaeulalia\/wp-json\/wp\/v2\/media?parent=11196"}],"wp:term":[{"taxonomy":"category","embeddable":true,"href":"https:\/\/agora.xtec.cat\/ies-santaeulalia\/wp-json\/wp\/v2\/categories?post=11196"},{"taxonomy":"post_tag","embeddable":true,"href":"https:\/\/agora.xtec.cat\/ies-santaeulalia\/wp-json\/wp\/v2\/tags?post=11196"}],"curies":[{"name":"wp","href":"https:\/\/api.w.org\/{rel}","templated":true}]}}