{"id":11104,"date":"2026-09-01T18:20:20","date_gmt":"2026-09-01T16:20:20","guid":{"rendered":"https:\/\/agora.xtec.cat\/ies-santaeulalia\/?p=11104"},"modified":"2026-09-01T18:20:20","modified_gmt":"2026-09-01T16:20:20","slug":"testimoni-erasmus-italia","status":"publish","type":"post","link":"https:\/\/agora.xtec.cat\/ies-santaeulalia\/portada\/testimoni-erasmus-italia\/","title":{"rendered":"Testimoni Erasmus+: It\u00e0lia"},"content":{"rendered":"\n<p>La Clara, del cicle superior d&#8217;il\u00b7luminaci\u00f3, captaci\u00f3 i tractament d&#8217;imatge volia ampliar els seus coneixements amb una mobilitat  i va presentar-se a la beca Erasmus+ per anar a una productora audiovisual a Roma. Aquesta va ser la seva experi\u00e8ncia:<\/p>\n\n\n\n<p>&#8220;Despr\u00e9s de tornar a casa, puc dir que la meva experi\u00e8ncia Erasmus a Roma ha estat molt enriquidora, tant a nivell personal com professional. Durant aquests dos mesos he pogut descobrir la ciutat amb molta llibertat i con\u00e8ixer una Roma menys tur\u00edstica mentre anava a fer les pr\u00e0ctiques.<\/p>\n\n\n\n<p>Les he realitzat a la productora Bendico SRL, on he treballat com a fot\u00f2grafa i tamb\u00e9 m\u2019he encarregat de l\u2019edici\u00f3 de les fotografies. Aquesta experi\u00e8ncia m\u2019ha perm\u00e8s millorar les meves t\u00e8cniques fotogr\u00e0fiques i aprendre molt del m\u00f3n audiovisual.<\/p>\n\n\n\n<p>Tamb\u00e9 he tingut la sort de con\u00e8ixer gent maqu\u00edssima d\u2019arreu del m\u00f3n i crear noves amistats. La bellesa de Roma, tant de dia com de nit, m\u2019ha deixat sense paraules.<\/p>\n\n\n\n<p>Sens dubte, aquests dos mesos quedaran sempre a la meva mem\u00f2ria. Gr\u00e0cies al programa Erasmus+ i a l\u2019INS Santa Eul\u00e0lia he pogut viure aquesta aventura!&#8221;<\/p>\n\n\n\n<figure class=\"wp-block-gallery has-nested-images columns-default is-cropped wp-block-gallery-1 is-layout-flex wp-block-gallery-is-layout-flex\">\n<figure class=\"wp-block-image size-large\"><a href=\"https:\/\/agora.xtec.cat\/ies-santaeulalia\/wp-content\/uploads\/usu44\/2026\/09\/IMG_1168-scaled.jpg\"><img loading=\"lazy\" decoding=\"async\" width=\"683\" height=\"1024\" data-id=\"11105\" src=\"https:\/\/agora.xtec.cat\/ies-santaeulalia\/wp-content\/uploads\/usu44\/2026\/09\/IMG_1168-683x1024.jpg\" alt=\"\" class=\"wp-image-11105\" srcset=\"https:\/\/agora.xtec.cat\/ies-santaeulalia\/wp-content\/uploads\/usu44\/2026\/09\/IMG_1168-683x1024.jpg 683w, https:\/\/agora.xtec.cat\/ies-santaeulalia\/wp-content\/uploads\/usu44\/2026\/09\/IMG_1168-200x300.jpg 200w, https:\/\/agora.xtec.cat\/ies-santaeulalia\/wp-content\/uploads\/usu44\/2026\/09\/IMG_1168-768x1152.jpg 768w, https:\/\/agora.xtec.cat\/ies-santaeulalia\/wp-content\/uploads\/usu44\/2026\/09\/IMG_1168-1024x1536.jpg 1024w, https:\/\/agora.xtec.cat\/ies-santaeulalia\/wp-content\/uploads\/usu44\/2026\/09\/IMG_1168-1365x2048.jpg 1365w, https:\/\/agora.xtec.cat\/ies-santaeulalia\/wp-content\/uploads\/usu44\/2026\/09\/IMG_1168-scaled.jpg 1707w\" sizes=\"auto, (max-width: 683px) 100vw, 683px\" \/><\/a><\/figure>\n\n\n\n<figure class=\"wp-block-image size-large\"><a href=\"https:\/\/agora.xtec.cat\/ies-santaeulalia\/wp-content\/uploads\/usu44\/2026\/09\/IMG_1178-scaled.jpg\"><img loading=\"lazy\" decoding=\"async\" width=\"683\" height=\"1024\" data-id=\"11106\" src=\"https:\/\/agora.xtec.cat\/ies-santaeulalia\/wp-content\/uploads\/usu44\/2026\/09\/IMG_1178-683x1024.jpg\" alt=\"\" class=\"wp-image-11106\" srcset=\"https:\/\/agora.xtec.cat\/ies-santaeulalia\/wp-content\/uploads\/usu44\/2026\/09\/IMG_1178-683x1024.jpg 683w, https:\/\/agora.xtec.cat\/ies-santaeulalia\/wp-content\/uploads\/usu44\/2026\/09\/IMG_1178-200x300.jpg 200w, https:\/\/agora.xtec.cat\/ies-santaeulalia\/wp-content\/uploads\/usu44\/2026\/09\/IMG_1178-768x1152.jpg 768w, https:\/\/agora.xtec.cat\/ies-santaeulalia\/wp-content\/uploads\/usu44\/2026\/09\/IMG_1178-1024x1536.jpg 1024w, https:\/\/agora.xtec.cat\/ies-santaeulalia\/wp-content\/uploads\/usu44\/2026\/09\/IMG_1178-1365x2048.jpg 1365w, https:\/\/agora.xtec.cat\/ies-santaeulalia\/wp-content\/uploads\/usu44\/2026\/09\/IMG_1178-scaled.jpg 1707w\" sizes=\"auto, (max-width: 683px) 100vw, 683px\" \/><\/a><\/figure>\n\n\n\n<figure class=\"wp-block-image size-large\"><a href=\"https:\/\/agora.xtec.cat\/ies-santaeulalia\/wp-content\/uploads\/usu44\/2026\/09\/IMG_8182-scaled.jpg\"><img loading=\"lazy\" decoding=\"async\" width=\"1024\" height=\"768\" data-id=\"11109\" src=\"https:\/\/agora.xtec.cat\/ies-santaeulalia\/wp-content\/uploads\/usu44\/2026\/09\/IMG_8182-1024x768.jpg\" alt=\"\" class=\"wp-image-11109\" srcset=\"https:\/\/agora.xtec.cat\/ies-santaeulalia\/wp-content\/uploads\/usu44\/2026\/09\/IMG_8182-1024x768.jpg 1024w, https:\/\/agora.xtec.cat\/ies-santaeulalia\/wp-content\/uploads\/usu44\/2026\/09\/IMG_8182-300x225.jpg 300w, https:\/\/agora.xtec.cat\/ies-santaeulalia\/wp-content\/uploads\/usu44\/2026\/09\/IMG_8182-768x576.jpg 768w, https:\/\/agora.xtec.cat\/ies-santaeulalia\/wp-content\/uploads\/usu44\/2026\/09\/IMG_8182-1536x1152.jpg 1536w, https:\/\/agora.xtec.cat\/ies-santaeulalia\/wp-content\/uploads\/usu44\/2026\/09\/IMG_8182-2048x1536.jpg 2048w\" sizes=\"auto, (max-width: 1024px) 100vw, 1024px\" \/><\/a><\/figure>\n\n\n\n<figure class=\"wp-block-image size-large\"><a href=\"https:\/\/agora.xtec.cat\/ies-santaeulalia\/wp-content\/uploads\/usu44\/2026\/09\/PHOTO-2026-06-02-17-13-09.jpg\"><img loading=\"lazy\" decoding=\"async\" width=\"768\" height=\"1024\" data-id=\"11107\" src=\"https:\/\/agora.xtec.cat\/ies-santaeulalia\/wp-content\/uploads\/usu44\/2026\/09\/PHOTO-2026-06-02-17-13-09-768x1024.jpg\" alt=\"\" class=\"wp-image-11107\" srcset=\"https:\/\/agora.xtec.cat\/ies-santaeulalia\/wp-content\/uploads\/usu44\/2026\/09\/PHOTO-2026-06-02-17-13-09-768x1024.jpg 768w, https:\/\/agora.xtec.cat\/ies-santaeulalia\/wp-content\/uploads\/usu44\/2026\/09\/PHOTO-2026-06-02-17-13-09-225x300.jpg 225w, https:\/\/agora.xtec.cat\/ies-santaeulalia\/wp-content\/uploads\/usu44\/2026\/09\/PHOTO-2026-06-02-17-13-09-1152x1536.jpg 1152w, https:\/\/agora.xtec.cat\/ies-santaeulalia\/wp-content\/uploads\/usu44\/2026\/09\/PHOTO-2026-06-02-17-13-09.jpg 1200w\" sizes=\"auto, (max-width: 768px) 100vw, 768px\" \/><\/a><\/figure>\n\n\n\n<figure class=\"wp-block-image size-large\"><a href=\"https:\/\/agora.xtec.cat\/ies-santaeulalia\/wp-content\/uploads\/usu44\/2026\/09\/PHOTO-2026-07-02-21-18-15.jpg\"><img loading=\"lazy\" decoding=\"async\" width=\"1024\" height=\"571\" data-id=\"11108\" src=\"https:\/\/agora.xtec.cat\/ies-santaeulalia\/wp-content\/uploads\/usu44\/2026\/09\/PHOTO-2026-07-02-21-18-15-1024x571.jpg\" alt=\"\" class=\"wp-image-11108\" srcset=\"https:\/\/agora.xtec.cat\/ies-santaeulalia\/wp-content\/uploads\/usu44\/2026\/09\/PHOTO-2026-07-02-21-18-15-1024x571.jpg 1024w, https:\/\/agora.xtec.cat\/ies-santaeulalia\/wp-content\/uploads\/usu44\/2026\/09\/PHOTO-2026-07-02-21-18-15-300x167.jpg 300w, https:\/\/agora.xtec.cat\/ies-santaeulalia\/wp-content\/uploads\/usu44\/2026\/09\/PHOTO-2026-07-02-21-18-15-768x428.jpg 768w, https:\/\/agora.xtec.cat\/ies-santaeulalia\/wp-content\/uploads\/usu44\/2026\/09\/PHOTO-2026-07-02-21-18-15.jpg 1170w\" sizes=\"auto, (max-width: 1024px) 100vw, 1024px\" \/><\/a><\/figure>\n<\/figure>\n","protected":false},"excerpt":{"rendered":"<p>La Clara, del cicle superior d&#8217;il\u00b7luminaci\u00f3, captaci\u00f3 i tractament d&#8217;imatge volia ampliar els seus coneixements amb una mobilitat i va presentar-se a la beca Erasmus+ per anar a una productora audiovisual a Roma. Aquesta va ser la seva experi\u00e8ncia: &#8220;Despr\u00e9s de tornar a casa, puc dir que la meva experi\u00e8ncia Erasmus a Roma ha estat [&hellip;]<\/p>\n","protected":false},"author":1,"featured_media":11108,"comment_status":"open","ping_status":"open","sticky":false,"template":"","format":"standard","meta":{"_bbp_topic_count":0,"_bbp_reply_count":0,"_bbp_total_topic_count":0,"_bbp_total_reply_count":0,"_bbp_voice_count":0,"_bbp_anonymous_reply_count":0,"_bbp_topic_count_hidden":0,"_bbp_reply_count_hidden":0,"_bbp_forum_subforum_count":0,"site-sidebar-layout":"default","site-content-layout":"","ast-site-content-layout":"default","site-content-style":"default","site-sidebar-style":"default","ast-global-header-display":"","ast-banner-title-visibility":"","ast-main-header-display":"","ast-hfb-above-header-display":"","ast-hfb-below-header-display":"","ast-hfb-mobile-header-display":"","site-post-title":"","ast-breadcrumbs-content":"","ast-featured-img":"","footer-sml-layout":"","theme-transparent-header-meta":"","adv-header-id-meta":"","stick-header-meta":"","header-above-stick-meta":"","header-main-stick-meta":"","header-below-stick-meta":"","astra-migrate-meta-layouts":"set","ast-page-background-enabled":"default","ast-page-background-meta":{"desktop":{"background-color":"var(--ast-global-color-4)","background-image":"","background-repeat":"repeat","background-position":"center center","background-size":"auto","background-attachment":"scroll","background-type":"","background-media":"","overlay-type":"","overlay-color":"","overlay-opacity":"","overlay-gradient":""},"tablet":{"background-color":"","background-image":"","background-repeat":"repeat","background-position":"center center","background-size":"auto","background-attachment":"scroll","background-type":"","background-media":"","overlay-type":"","overlay-color":"","overlay-opacity":"","overlay-gradient":""},"mobile":{"background-color":"","background-image":"","background-repeat":"repeat","background-position":"center center","background-size":"auto","background-attachment":"scroll","background-type":"","background-media":"","overlay-type":"","overlay-color":"","overlay-opacity":"","overlay-gradient":""}},"ast-content-background-meta":{"desktop":{"background-color":"var(--ast-global-color-5)","background-image":"","background-repeat":"repeat","background-position":"center center","background-size":"auto","background-attachment":"scroll","background-type":"","background-media":"","overlay-type":"","overlay-color":"","overlay-opacity":"","overlay-gradient":""},"tablet":{"background-color":"var(--ast-global-color-5)","background-image":"","background-repeat":"repeat","background-position":"center center","background-size":"auto","background-attachment":"scroll","background-type":"","background-media":"","overlay-type":"","overlay-color":"","overlay-opacity":"","overlay-gradient":""},"mobile":{"background-color":"var(--ast-global-color-5)","background-image":"","background-repeat":"repeat","background-position":"center center","background-size":"auto","background-attachment":"scroll","background-type":"","background-media":"","overlay-type":"","overlay-color":"","overlay-opacity":"","overlay-gradient":""}},"footnotes":""},"categories":[99,100,101,29],"tags":[],"class_list":["post-11104","post","type-post","status-publish","format-standard","has-post-thumbnail","hentry","category-activitats","category-erasmus","category-mobilitat-alumnes","category-portada"],"post_mailing_queue_ids":[],"_links":{"self":[{"href":"https:\/\/agora.xtec.cat\/ies-santaeulalia\/wp-json\/wp\/v2\/posts\/11104","targetHints":{"allow":["GET"]}}],"collection":[{"href":"https:\/\/agora.xtec.cat\/ies-santaeulalia\/wp-json\/wp\/v2\/posts"}],"about":[{"href":"https:\/\/agora.xtec.cat\/ies-santaeulalia\/wp-json\/wp\/v2\/types\/post"}],"author":[{"embeddable":true,"href":"https:\/\/agora.xtec.cat\/ies-santaeulalia\/wp-json\/wp\/v2\/users\/1"}],"replies":[{"embeddable":true,"href":"https:\/\/agora.xtec.cat\/ies-santaeulalia\/wp-json\/wp\/v2\/comments?post=11104"}],"version-history":[{"count":1,"href":"https:\/\/agora.xtec.cat\/ies-santaeulalia\/wp-json\/wp\/v2\/posts\/11104\/revisions"}],"predecessor-version":[{"id":11110,"href":"https:\/\/agora.xtec.cat\/ies-santaeulalia\/wp-json\/wp\/v2\/posts\/11104\/revisions\/11110"}],"wp:featuredmedia":[{"embeddable":true,"href":"https:\/\/agora.xtec.cat\/ies-santaeulalia\/wp-json\/wp\/v2\/media\/11108"}],"wp:attachment":[{"href":"https:\/\/agora.xtec.cat\/ies-santaeulalia\/wp-json\/wp\/v2\/media?parent=11104"}],"wp:term":[{"taxonomy":"category","embeddable":true,"href":"https:\/\/agora.xtec.cat\/ies-santaeulalia\/wp-json\/wp\/v2\/categories?post=11104"},{"taxonomy":"post_tag","embeddable":true,"href":"https:\/\/agora.xtec.cat\/ies-santaeulalia\/wp-json\/wp\/v2\/tags?post=11104"}],"curies":[{"name":"wp","href":"https:\/\/api.w.org\/{rel}","templated":true}]}}