{"id":11096,"date":"2026-09-03T18:14:52","date_gmt":"2026-09-03T16:14:52","guid":{"rendered":"https:\/\/agora.xtec.cat\/ies-santaeulalia\/?p=11096"},"modified":"2026-09-01T18:16:12","modified_gmt":"2026-09-01T16:16:12","slug":"testimoni-erasmus-suissa","status":"publish","type":"post","link":"https:\/\/agora.xtec.cat\/ies-santaeulalia\/portada\/testimoni-erasmus-suissa\/","title":{"rendered":"Testimoni Erasmus+ (Su\u00efssa)"},"content":{"rendered":"\n<p>&#8220;La meva experi\u00e8ncia Erasmus a Su\u00efssa ha estat una oportunitat incre\u00efble, tant a nivell professional com personal. Durant aquests dos mesos he pogut sortir de la meva zona de confort, con\u00e8ixer una nova manera de treballar i viure experi\u00e8ncies que recordar\u00e9 durant molt de temps.<\/p>\n\n\n\n<p>A nivell professional, he treballat en un campus d\u2019estiu a Les Diablerets, participant en activitats amb nens i joves, com esports, piscina, jocs, excursions i acampades. Aquesta experi\u00e8ncia m\u2019ha perm\u00e8s assumir responsabilitats, treballar en equip, adaptar-me a situacions noves i millorar la meva comunicaci\u00f3 amb persones de diferents edats i cultures.<\/p>\n\n\n\n<p>Per\u00f2 l\u2019Erasmus ha estat molt m\u00e9s que una experi\u00e8ncia laboral. He pogut descobrir Su\u00efssa, gaudir de la muntanya, fer rutes i excursions i con\u00e8ixer paisatges espectaculars. Una de les experi\u00e8ncies m\u00e9s especials ha estat fer el Tour del Mont Blanc. Su\u00efssa m\u2019ha sorpr\u00e8s molt\u00edssim per la seva natura, les muntanyes i els llacs.<\/p>\n\n\n\n<p>Tamb\u00e9 he conegut persones de diferents parts del m\u00f3n, amb qui he compartit moments i creat amistats i records que espero conservar durant molts anys.<\/p>\n\n\n\n<p>Sens dubte, ha estat una experi\u00e8ncia que tornaria a repetir i per la qual nom\u00e9s puc donar les gr\u00e0cies.&#8221;<\/p>\n\n\n\n<figure class=\"wp-block-gallery has-nested-images columns-default is-cropped wp-block-gallery-1 is-layout-flex wp-block-gallery-is-layout-flex\">\n<figure class=\"wp-block-image size-large\"><a href=\"https:\/\/agora.xtec.cat\/ies-santaeulalia\/wp-content\/uploads\/usu44\/2026\/09\/IMG_2131-scaled.jpg\"><img loading=\"lazy\" decoding=\"async\" width=\"768\" height=\"1024\" data-id=\"11100\" src=\"https:\/\/agora.xtec.cat\/ies-santaeulalia\/wp-content\/uploads\/usu44\/2026\/09\/IMG_2131-768x1024.jpg\" alt=\"\" class=\"wp-image-11100\" srcset=\"https:\/\/agora.xtec.cat\/ies-santaeulalia\/wp-content\/uploads\/usu44\/2026\/09\/IMG_2131-768x1024.jpg 768w, https:\/\/agora.xtec.cat\/ies-santaeulalia\/wp-content\/uploads\/usu44\/2026\/09\/IMG_2131-225x300.jpg 225w, https:\/\/agora.xtec.cat\/ies-santaeulalia\/wp-content\/uploads\/usu44\/2026\/09\/IMG_2131-1152x1536.jpg 1152w, https:\/\/agora.xtec.cat\/ies-santaeulalia\/wp-content\/uploads\/usu44\/2026\/09\/IMG_2131-1536x2048.jpg 1536w, https:\/\/agora.xtec.cat\/ies-santaeulalia\/wp-content\/uploads\/usu44\/2026\/09\/IMG_2131-scaled.jpg 1920w\" sizes=\"auto, (max-width: 768px) 100vw, 768px\" \/><\/a><\/figure>\n\n\n\n<figure class=\"wp-block-image size-large\"><a href=\"https:\/\/agora.xtec.cat\/ies-santaeulalia\/wp-content\/uploads\/usu44\/2026\/09\/IMG_2291-scaled.jpg\"><img loading=\"lazy\" decoding=\"async\" width=\"768\" height=\"1024\" data-id=\"11101\" src=\"https:\/\/agora.xtec.cat\/ies-santaeulalia\/wp-content\/uploads\/usu44\/2026\/09\/IMG_2291-768x1024.jpg\" alt=\"\" class=\"wp-image-11101\" srcset=\"https:\/\/agora.xtec.cat\/ies-santaeulalia\/wp-content\/uploads\/usu44\/2026\/09\/IMG_2291-768x1024.jpg 768w, https:\/\/agora.xtec.cat\/ies-santaeulalia\/wp-content\/uploads\/usu44\/2026\/09\/IMG_2291-225x300.jpg 225w, https:\/\/agora.xtec.cat\/ies-santaeulalia\/wp-content\/uploads\/usu44\/2026\/09\/IMG_2291-1152x1536.jpg 1152w, https:\/\/agora.xtec.cat\/ies-santaeulalia\/wp-content\/uploads\/usu44\/2026\/09\/IMG_2291-1536x2048.jpg 1536w, https:\/\/agora.xtec.cat\/ies-santaeulalia\/wp-content\/uploads\/usu44\/2026\/09\/IMG_2291-scaled.jpg 1920w\" sizes=\"auto, (max-width: 768px) 100vw, 768px\" \/><\/a><\/figure>\n\n\n\n<figure class=\"wp-block-image size-large\"><a href=\"https:\/\/agora.xtec.cat\/ies-santaeulalia\/wp-content\/uploads\/usu44\/2026\/09\/IMG_5177-scaled.jpg\"><img loading=\"lazy\" decoding=\"async\" width=\"768\" height=\"1024\" data-id=\"11102\" src=\"https:\/\/agora.xtec.cat\/ies-santaeulalia\/wp-content\/uploads\/usu44\/2026\/09\/IMG_5177-768x1024.jpg\" alt=\"\" class=\"wp-image-11102\" srcset=\"https:\/\/agora.xtec.cat\/ies-santaeulalia\/wp-content\/uploads\/usu44\/2026\/09\/IMG_5177-768x1024.jpg 768w, https:\/\/agora.xtec.cat\/ies-santaeulalia\/wp-content\/uploads\/usu44\/2026\/09\/IMG_5177-225x300.jpg 225w, https:\/\/agora.xtec.cat\/ies-santaeulalia\/wp-content\/uploads\/usu44\/2026\/09\/IMG_5177-1152x1536.jpg 1152w, https:\/\/agora.xtec.cat\/ies-santaeulalia\/wp-content\/uploads\/usu44\/2026\/09\/IMG_5177-1536x2048.jpg 1536w, https:\/\/agora.xtec.cat\/ies-santaeulalia\/wp-content\/uploads\/usu44\/2026\/09\/IMG_5177-scaled.jpg 1920w\" sizes=\"auto, (max-width: 768px) 100vw, 768px\" \/><\/a><\/figure>\n<\/figure>\n\n\n\n<p><\/p>\n","protected":false},"excerpt":{"rendered":"<p>&#8220;La meva experi\u00e8ncia Erasmus a Su\u00efssa ha estat una oportunitat incre\u00efble, tant a nivell professional com personal. Durant aquests dos mesos he pogut sortir de la meva zona de confort, con\u00e8ixer una nova manera de treballar i viure experi\u00e8ncies que recordar\u00e9 durant molt de temps. A nivell professional, he treballat en un campus d\u2019estiu a [&hellip;]<\/p>\n","protected":false},"author":1,"featured_media":11100,"comment_status":"open","ping_status":"open","sticky":false,"template":"","format":"standard","meta":{"_bbp_topic_count":0,"_bbp_reply_count":0,"_bbp_total_topic_count":0,"_bbp_total_reply_count":0,"_bbp_voice_count":0,"_bbp_anonymous_reply_count":0,"_bbp_topic_count_hidden":0,"_bbp_reply_count_hidden":0,"_bbp_forum_subforum_count":0,"site-sidebar-layout":"default","site-content-layout":"","ast-site-content-layout":"default","site-content-style":"default","site-sidebar-style":"default","ast-global-header-display":"","ast-banner-title-visibility":"","ast-main-header-display":"","ast-hfb-above-header-display":"","ast-hfb-below-header-display":"","ast-hfb-mobile-header-display":"","site-post-title":"","ast-breadcrumbs-content":"","ast-featured-img":"","footer-sml-layout":"","theme-transparent-header-meta":"","adv-header-id-meta":"","stick-header-meta":"","header-above-stick-meta":"","header-main-stick-meta":"","header-below-stick-meta":"","astra-migrate-meta-layouts":"set","ast-page-background-enabled":"default","ast-page-background-meta":{"desktop":{"background-color":"var(--ast-global-color-4)","background-image":"","background-repeat":"repeat","background-position":"center center","background-size":"auto","background-attachment":"scroll","background-type":"","background-media":"","overlay-type":"","overlay-color":"","overlay-opacity":"","overlay-gradient":""},"tablet":{"background-color":"","background-image":"","background-repeat":"repeat","background-position":"center center","background-size":"auto","background-attachment":"scroll","background-type":"","background-media":"","overlay-type":"","overlay-color":"","overlay-opacity":"","overlay-gradient":""},"mobile":{"background-color":"","background-image":"","background-repeat":"repeat","background-position":"center center","background-size":"auto","background-attachment":"scroll","background-type":"","background-media":"","overlay-type":"","overlay-color":"","overlay-opacity":"","overlay-gradient":""}},"ast-content-background-meta":{"desktop":{"background-color":"var(--ast-global-color-5)","background-image":"","background-repeat":"repeat","background-position":"center center","background-size":"auto","background-attachment":"scroll","background-type":"","background-media":"","overlay-type":"","overlay-color":"","overlay-opacity":"","overlay-gradient":""},"tablet":{"background-color":"var(--ast-global-color-5)","background-image":"","background-repeat":"repeat","background-position":"center center","background-size":"auto","background-attachment":"scroll","background-type":"","background-media":"","overlay-type":"","overlay-color":"","overlay-opacity":"","overlay-gradient":""},"mobile":{"background-color":"var(--ast-global-color-5)","background-image":"","background-repeat":"repeat","background-position":"center center","background-size":"auto","background-attachment":"scroll","background-type":"","background-media":"","overlay-type":"","overlay-color":"","overlay-opacity":"","overlay-gradient":""}},"footnotes":""},"categories":[100,101,29],"tags":[],"class_list":["post-11096","post","type-post","status-publish","format-standard","has-post-thumbnail","hentry","category-erasmus","category-mobilitat-alumnes","category-portada"],"post_mailing_queue_ids":[],"_links":{"self":[{"href":"https:\/\/agora.xtec.cat\/ies-santaeulalia\/wp-json\/wp\/v2\/posts\/11096","targetHints":{"allow":["GET"]}}],"collection":[{"href":"https:\/\/agora.xtec.cat\/ies-santaeulalia\/wp-json\/wp\/v2\/posts"}],"about":[{"href":"https:\/\/agora.xtec.cat\/ies-santaeulalia\/wp-json\/wp\/v2\/types\/post"}],"author":[{"embeddable":true,"href":"https:\/\/agora.xtec.cat\/ies-santaeulalia\/wp-json\/wp\/v2\/users\/1"}],"replies":[{"embeddable":true,"href":"https:\/\/agora.xtec.cat\/ies-santaeulalia\/wp-json\/wp\/v2\/comments?post=11096"}],"version-history":[{"count":1,"href":"https:\/\/agora.xtec.cat\/ies-santaeulalia\/wp-json\/wp\/v2\/posts\/11096\/revisions"}],"predecessor-version":[{"id":11103,"href":"https:\/\/agora.xtec.cat\/ies-santaeulalia\/wp-json\/wp\/v2\/posts\/11096\/revisions\/11103"}],"wp:featuredmedia":[{"embeddable":true,"href":"https:\/\/agora.xtec.cat\/ies-santaeulalia\/wp-json\/wp\/v2\/media\/11100"}],"wp:attachment":[{"href":"https:\/\/agora.xtec.cat\/ies-santaeulalia\/wp-json\/wp\/v2\/media?parent=11096"}],"wp:term":[{"taxonomy":"category","embeddable":true,"href":"https:\/\/agora.xtec.cat\/ies-santaeulalia\/wp-json\/wp\/v2\/categories?post=11096"},{"taxonomy":"post_tag","embeddable":true,"href":"https:\/\/agora.xtec.cat\/ies-santaeulalia\/wp-json\/wp\/v2\/tags?post=11096"}],"curies":[{"name":"wp","href":"https:\/\/api.w.org\/{rel}","templated":true}]}}