{"id":10704,"date":"2026-04-15T10:23:59","date_gmt":"2026-04-15T08:23:59","guid":{"rendered":"https:\/\/agora.xtec.cat\/ies-santaeulalia\/?p=10704"},"modified":"2026-04-16T10:19:55","modified_gmt":"2026-04-16T08:19:55","slug":"estarem-presents-a-la-fira-terrassa-futur-2026","status":"publish","type":"post","link":"https:\/\/agora.xtec.cat\/ies-santaeulalia\/portada\/estarem-presents-a-la-fira-terrassa-futur-2026\/","title":{"rendered":"Presents a la Fira Terrassa Tria Futur 2026"},"content":{"rendered":"\n<p>Com cada any,  hi serem a la Fira Terrassa Tria Futur 2026 que tindr\u00e0 lloc els dies 15 i 16 d&#8217;abril al recinte firal de Terrassa. Us podrem mostrar i informar de tota la nostra oferta formativa en ensenyaments postobligatoris.<\/p>\n\n\n\n<p>Terrassa Tria Futur \u00e9s una iniciativa impulsada per l&#8217;Ajuntament de Terrassa per oferir a tota la ciutadania, i en especial a l&#8217;alumnat de 16 anys o m\u00e9s, un espai d&#8217;orientaci\u00f3 formativa i professional per ajudar les persones a triar entre les seves opcions de futur.&nbsp;<\/p>\n\n\n\n<figure class=\"wp-block-image size-full is-resized\"><a href=\"https:\/\/agora.xtec.cat\/ies-santaeulalia\/wp-content\/uploads\/usu44\/2026\/04\/cartell_web_ttf.JPG.jpg\"><img loading=\"lazy\" decoding=\"async\" width=\"612\" height=\"711\" src=\"https:\/\/agora.xtec.cat\/ies-santaeulalia\/wp-content\/uploads\/usu44\/2026\/04\/cartell_web_ttf.JPG.jpg\" alt=\"\" class=\"wp-image-10705\" style=\"width:332px;height:auto\" srcset=\"https:\/\/agora.xtec.cat\/ies-santaeulalia\/wp-content\/uploads\/usu44\/2026\/04\/cartell_web_ttf.JPG.jpg 612w, https:\/\/agora.xtec.cat\/ies-santaeulalia\/wp-content\/uploads\/usu44\/2026\/04\/cartell_web_ttf.JPG-258x300.jpg 258w\" sizes=\"auto, (max-width: 612px) 100vw, 612px\" \/><\/a><\/figure>\n\n\n\n<p>En la present edici\u00f3, a banda de la Fira d&#8217;Orientaci\u00f3&nbsp;hi haur\u00e0 per primera vegada un complet&nbsp;<a href=\"https:\/\/www.terrassa.cat\/documents\/12006\/89326208\/20260410_TTF_web_Programa-orientacio.pdf\/dc724a04-6cc5-4f89-85e5-cb467dc60c2d\" target=\"_blank\" rel=\"noreferrer noopener\">Programa d&#8217;Orientaci\u00f3<\/a>&nbsp;de dos mesos de durada. Aquest programa integra la hist\u00f2rica Mostra d&#8217;Ensenyament del Servei de Joventut i&nbsp;les&nbsp;xerrades de Foment de Terrassa&nbsp;i d&#8217;Educaci\u00f3, conformant una oferta de 46&nbsp;activitats. Entre aquestes xerrades hi haur\u00e0 tallers per a grups-classe&nbsp;i sessions sobre beques, oportunitats a l&#8217;estranger,&nbsp;noves tecnologies aplicades al treball, etc. A m\u00e9s, diferents serveis municipals refor\u00e7aran l&#8217;atenci\u00f3 individualitzada.&nbsp;Aquest programa es desenvolupar\u00e0&nbsp;entre l&#8217;11 de mar\u00e7 i el 8 de maig.&nbsp;<\/p>\n\n\n\n<p>La&nbsp;<a href=\"https:\/\/www.terrassa.cat\/fira-orientacio-ttf\">Fira d&#8217;Orientaci\u00f3 Professional<\/a>&nbsp;tindr\u00e0&nbsp;lloc els dies 15 i 16 d&#8217;abril al Recinte Firal. Amb prop d&#8217;un centenar d&#8217;expositors, la fira aposta per un model vivencial. Per garantir una orientaci\u00f3 de qualitat i personalitzada, l&#8217;acc\u00e9s al recinte firal es far\u00e0 per franges hor\u00e0ries i en torns d&#8217;una hora i mitja, amb reserva pr\u00e8via tant per a grups com per a&nbsp;<a href=\"https:\/\/terrassaocupacio.cat\/ca\/entrades-individuals\/\" target=\"_blank\" rel=\"noreferrer noopener\">visites individuals<\/a>.&nbsp;<\/p>\n\n\n\n<p>D&#8217;aquesta manera, Terrassa Tria Futur vol ser el lloc de refer\u00e8ncia per a l&#8217;orientaci\u00f3 formativa i professional a Terrassa i comarca, per a totes aquelles persones que, a qualsevol edat, han d&#8217;escollir un cam\u00ed per a formar-se i treballar.&nbsp;<\/p>\n\n\n\n<p>Font: web Ajuntament de Terrassa.<\/p>\n","protected":false},"excerpt":{"rendered":"<p>Com cada any, hi serem a la Fira Terrassa Tria Futur 2026 que tindr\u00e0 lloc els dies 15 i 16 d&#8217;abril al recinte firal de Terrassa. Us podrem mostrar i informar de tota la nostra oferta formativa en ensenyaments postobligatoris. Terrassa Tria Futur \u00e9s una iniciativa impulsada per l&#8217;Ajuntament de Terrassa per oferir a tota [&hellip;]<\/p>\n","protected":false},"author":1,"featured_media":10705,"comment_status":"open","ping_status":"open","sticky":false,"template":"","format":"standard","meta":{"_bbp_topic_count":0,"_bbp_reply_count":0,"_bbp_total_topic_count":0,"_bbp_total_reply_count":0,"_bbp_voice_count":0,"_bbp_anonymous_reply_count":0,"_bbp_topic_count_hidden":0,"_bbp_reply_count_hidden":0,"_bbp_forum_subforum_count":0,"site-sidebar-layout":"default","site-content-layout":"","ast-site-content-layout":"default","site-content-style":"default","site-sidebar-style":"default","ast-global-header-display":"","ast-banner-title-visibility":"","ast-main-header-display":"","ast-hfb-above-header-display":"","ast-hfb-below-header-display":"","ast-hfb-mobile-header-display":"","site-post-title":"","ast-breadcrumbs-content":"","ast-featured-img":"","footer-sml-layout":"","theme-transparent-header-meta":"","adv-header-id-meta":"","stick-header-meta":"","header-above-stick-meta":"","header-main-stick-meta":"","header-below-stick-meta":"","astra-migrate-meta-layouts":"set","ast-page-background-enabled":"default","ast-page-background-meta":{"desktop":{"background-color":"var(--ast-global-color-4)","background-image":"","background-repeat":"repeat","background-position":"center center","background-size":"auto","background-attachment":"scroll","background-type":"","background-media":"","overlay-type":"","overlay-color":"","overlay-opacity":"","overlay-gradient":""},"tablet":{"background-color":"","background-image":"","background-repeat":"repeat","background-position":"center center","background-size":"auto","background-attachment":"scroll","background-type":"","background-media":"","overlay-type":"","overlay-color":"","overlay-opacity":"","overlay-gradient":""},"mobile":{"background-color":"","background-image":"","background-repeat":"repeat","background-position":"center center","background-size":"auto","background-attachment":"scroll","background-type":"","background-media":"","overlay-type":"","overlay-color":"","overlay-opacity":"","overlay-gradient":""}},"ast-content-background-meta":{"desktop":{"background-color":"var(--ast-global-color-5)","background-image":"","background-repeat":"repeat","background-position":"center center","background-size":"auto","background-attachment":"scroll","background-type":"","background-media":"","overlay-type":"","overlay-color":"","overlay-opacity":"","overlay-gradient":""},"tablet":{"background-color":"var(--ast-global-color-5)","background-image":"","background-repeat":"repeat","background-position":"center center","background-size":"auto","background-attachment":"scroll","background-type":"","background-media":"","overlay-type":"","overlay-color":"","overlay-opacity":"","overlay-gradient":""},"mobile":{"background-color":"var(--ast-global-color-5)","background-image":"","background-repeat":"repeat","background-position":"center center","background-size":"auto","background-attachment":"scroll","background-type":"","background-media":"","overlay-type":"","overlay-color":"","overlay-opacity":"","overlay-gradient":""}},"footnotes":""},"categories":[99,29],"tags":[],"class_list":["post-10704","post","type-post","status-publish","format-standard","has-post-thumbnail","hentry","category-activitats","category-portada"],"post_mailing_queue_ids":[],"_links":{"self":[{"href":"https:\/\/agora.xtec.cat\/ies-santaeulalia\/wp-json\/wp\/v2\/posts\/10704","targetHints":{"allow":["GET"]}}],"collection":[{"href":"https:\/\/agora.xtec.cat\/ies-santaeulalia\/wp-json\/wp\/v2\/posts"}],"about":[{"href":"https:\/\/agora.xtec.cat\/ies-santaeulalia\/wp-json\/wp\/v2\/types\/post"}],"author":[{"embeddable":true,"href":"https:\/\/agora.xtec.cat\/ies-santaeulalia\/wp-json\/wp\/v2\/users\/1"}],"replies":[{"embeddable":true,"href":"https:\/\/agora.xtec.cat\/ies-santaeulalia\/wp-json\/wp\/v2\/comments?post=10704"}],"version-history":[{"count":3,"href":"https:\/\/agora.xtec.cat\/ies-santaeulalia\/wp-json\/wp\/v2\/posts\/10704\/revisions"}],"predecessor-version":[{"id":10708,"href":"https:\/\/agora.xtec.cat\/ies-santaeulalia\/wp-json\/wp\/v2\/posts\/10704\/revisions\/10708"}],"wp:featuredmedia":[{"embeddable":true,"href":"https:\/\/agora.xtec.cat\/ies-santaeulalia\/wp-json\/wp\/v2\/media\/10705"}],"wp:attachment":[{"href":"https:\/\/agora.xtec.cat\/ies-santaeulalia\/wp-json\/wp\/v2\/media?parent=10704"}],"wp:term":[{"taxonomy":"category","embeddable":true,"href":"https:\/\/agora.xtec.cat\/ies-santaeulalia\/wp-json\/wp\/v2\/categories?post=10704"},{"taxonomy":"post_tag","embeddable":true,"href":"https:\/\/agora.xtec.cat\/ies-santaeulalia\/wp-json\/wp\/v2\/tags?post=10704"}],"curies":[{"name":"wp","href":"https:\/\/api.w.org\/{rel}","templated":true}]}}