{"id":9980,"date":"2023-03-20T17:20:09","date_gmt":"2023-03-20T16:20:09","guid":{"rendered":"https:\/\/agora.xtec.cat\/ies-santa-eulalia\/?p=9980"},"modified":"2023-03-20T17:21:28","modified_gmt":"2023-03-20T16:21:28","slug":"pi-day-14-de-marc-dia-mundial-de-les-matematiques","status":"publish","type":"post","link":"https:\/\/agora.xtec.cat\/ies-santa-eulalia\/general\/pi-day-14-de-marc-dia-mundial-de-les-matematiques\/","title":{"rendered":"Pi-Day: 14 de mar\u00e7, dia mundial de les matem\u00e0tiques"},"content":{"rendered":"<p>Aquesta setmana a l&#8217;institut hem celebrat la setmana de les matem\u00e0tiques amb diverses activitats.<\/p>\n<p><a href=\"https:\/\/agora.xtec.cat\/ies-santa-eulalia\/wp-content\/uploads\/usu1612\/2023\/03\/WhatsApp-Image-2023-03-14-at-13.20.081-1.jpeg\"><img loading=\"lazy\" decoding=\"async\" class=\"alignnone size-large wp-image-9983\" src=\"https:\/\/agora.xtec.cat\/ies-santa-eulalia\/wp-content\/uploads\/usu1612\/2023\/03\/WhatsApp-Image-2023-03-14-at-13.20.081-1-1024x768.jpeg\" alt=\"\" width=\"1024\" height=\"768\" srcset=\"https:\/\/agora.xtec.cat\/ies-santa-eulalia\/wp-content\/uploads\/usu1612\/2023\/03\/WhatsApp-Image-2023-03-14-at-13.20.081-1-1024x768.jpeg 1024w, https:\/\/agora.xtec.cat\/ies-santa-eulalia\/wp-content\/uploads\/usu1612\/2023\/03\/WhatsApp-Image-2023-03-14-at-13.20.081-1-300x225.jpeg 300w, https:\/\/agora.xtec.cat\/ies-santa-eulalia\/wp-content\/uploads\/usu1612\/2023\/03\/WhatsApp-Image-2023-03-14-at-13.20.081-1-768x576.jpeg 768w, https:\/\/agora.xtec.cat\/ies-santa-eulalia\/wp-content\/uploads\/usu1612\/2023\/03\/WhatsApp-Image-2023-03-14-at-13.20.081-1-1536x1152.jpeg 1536w, https:\/\/agora.xtec.cat\/ies-santa-eulalia\/wp-content\/uploads\/usu1612\/2023\/03\/WhatsApp-Image-2023-03-14-at-13.20.081-1-200x150.jpeg 200w, https:\/\/agora.xtec.cat\/ies-santa-eulalia\/wp-content\/uploads\/usu1612\/2023\/03\/WhatsApp-Image-2023-03-14-at-13.20.081-1.jpeg 2016w\" sizes=\"auto, (max-width: 1024px) 100vw, 1024px\" \/><\/a><\/p>\n<p>El 14 de mar\u00e7(3), amb motiu de del dia mundial de les matem\u00e0tiques i del n\u00famero Pi (3,14) vam celebrar el dia fent la Jornada Virtual Matem\u00e0tica amb els alumnes de primer i diversos tallers amb la resta de l&#8217;alumnat.<\/p>\n<table style=\"border-collapse: collapse;width: 100%\">\n<tbody>\n<tr>\n<td style=\"width: 50%\"><a href=\"https:\/\/agora.xtec.cat\/ies-santa-eulalia\/wp-content\/uploads\/usu1612\/2023\/03\/WhatsApp-Image-2023-03-14-at-13.20.04.jpeg\"><img loading=\"lazy\" decoding=\"async\" class=\"alignnone size-large wp-image-9984\" src=\"https:\/\/agora.xtec.cat\/ies-santa-eulalia\/wp-content\/uploads\/usu1612\/2023\/03\/WhatsApp-Image-2023-03-14-at-13.20.04-1024x768.jpeg\" alt=\"\" width=\"1024\" height=\"768\" srcset=\"https:\/\/agora.xtec.cat\/ies-santa-eulalia\/wp-content\/uploads\/usu1612\/2023\/03\/WhatsApp-Image-2023-03-14-at-13.20.04-1024x768.jpeg 1024w, https:\/\/agora.xtec.cat\/ies-santa-eulalia\/wp-content\/uploads\/usu1612\/2023\/03\/WhatsApp-Image-2023-03-14-at-13.20.04-300x225.jpeg 300w, https:\/\/agora.xtec.cat\/ies-santa-eulalia\/wp-content\/uploads\/usu1612\/2023\/03\/WhatsApp-Image-2023-03-14-at-13.20.04-768x576.jpeg 768w, https:\/\/agora.xtec.cat\/ies-santa-eulalia\/wp-content\/uploads\/usu1612\/2023\/03\/WhatsApp-Image-2023-03-14-at-13.20.04-1536x1152.jpeg 1536w, https:\/\/agora.xtec.cat\/ies-santa-eulalia\/wp-content\/uploads\/usu1612\/2023\/03\/WhatsApp-Image-2023-03-14-at-13.20.04-200x150.jpeg 200w, https:\/\/agora.xtec.cat\/ies-santa-eulalia\/wp-content\/uploads\/usu1612\/2023\/03\/WhatsApp-Image-2023-03-14-at-13.20.04.jpeg 2016w\" sizes=\"auto, (max-width: 1024px) 100vw, 1024px\" \/><\/a><\/td>\n<td style=\"width: 50%\"><a href=\"https:\/\/agora.xtec.cat\/ies-santa-eulalia\/wp-content\/uploads\/usu1612\/2023\/03\/WhatsApp-Image-2023-03-14-at-13.35.37.jpeg\"><img loading=\"lazy\" decoding=\"async\" class=\"alignnone size-large wp-image-9985\" src=\"https:\/\/agora.xtec.cat\/ies-santa-eulalia\/wp-content\/uploads\/usu1612\/2023\/03\/WhatsApp-Image-2023-03-14-at-13.35.37-768x1024.jpeg\" alt=\"\" width=\"768\" height=\"1024\" srcset=\"https:\/\/agora.xtec.cat\/ies-santa-eulalia\/wp-content\/uploads\/usu1612\/2023\/03\/WhatsApp-Image-2023-03-14-at-13.35.37-768x1024.jpeg 768w, https:\/\/agora.xtec.cat\/ies-santa-eulalia\/wp-content\/uploads\/usu1612\/2023\/03\/WhatsApp-Image-2023-03-14-at-13.35.37-225x300.jpeg 225w, https:\/\/agora.xtec.cat\/ies-santa-eulalia\/wp-content\/uploads\/usu1612\/2023\/03\/WhatsApp-Image-2023-03-14-at-13.35.37-1152x1536.jpeg 1152w, https:\/\/agora.xtec.cat\/ies-santa-eulalia\/wp-content\/uploads\/usu1612\/2023\/03\/WhatsApp-Image-2023-03-14-at-13.35.37.jpeg 1512w\" sizes=\"auto, (max-width: 768px) 100vw, 768px\" \/><\/a><\/td>\n<\/tr>\n<\/tbody>\n<\/table>\n<p>La JVM consistia en un joc de pistes que havien de resoldre el alumnes per descobrir a un lladre que havia robat objectes de les seves classes. Les nostres ag\u00e8ncies investigadores van resoldre els enigmes i van recuperar els articles robats.<\/p>\n<table style=\"border-collapse: collapse;width: 100%\">\n<tbody>\n<tr>\n<td style=\"width: 25%\"><a href=\"https:\/\/agora.xtec.cat\/ies-santa-eulalia\/wp-content\/uploads\/usu1612\/2023\/03\/Foto-1r-A.jpg\"><img loading=\"lazy\" decoding=\"async\" class=\"alignnone size-large wp-image-9986\" src=\"https:\/\/agora.xtec.cat\/ies-santa-eulalia\/wp-content\/uploads\/usu1612\/2023\/03\/Foto-1r-A-1024x894.jpg\" alt=\"\" width=\"1024\" height=\"894\" srcset=\"https:\/\/agora.xtec.cat\/ies-santa-eulalia\/wp-content\/uploads\/usu1612\/2023\/03\/Foto-1r-A-1024x894.jpg 1024w, https:\/\/agora.xtec.cat\/ies-santa-eulalia\/wp-content\/uploads\/usu1612\/2023\/03\/Foto-1r-A-300x262.jpg 300w, https:\/\/agora.xtec.cat\/ies-santa-eulalia\/wp-content\/uploads\/usu1612\/2023\/03\/Foto-1r-A-768x671.jpg 768w, https:\/\/agora.xtec.cat\/ies-santa-eulalia\/wp-content\/uploads\/usu1612\/2023\/03\/Foto-1r-A-1536x1341.jpg 1536w, https:\/\/agora.xtec.cat\/ies-santa-eulalia\/wp-content\/uploads\/usu1612\/2023\/03\/Foto-1r-A.jpg 2048w\" sizes=\"auto, (max-width: 1024px) 100vw, 1024px\" \/><\/a><\/td>\n<td style=\"width: 25%\"><a href=\"https:\/\/agora.xtec.cat\/ies-santa-eulalia\/wp-content\/uploads\/usu1612\/2023\/03\/1rB.jpeg\"><img loading=\"lazy\" decoding=\"async\" class=\"alignnone size-large wp-image-9987\" src=\"https:\/\/agora.xtec.cat\/ies-santa-eulalia\/wp-content\/uploads\/usu1612\/2023\/03\/1rB-1024x768.jpeg\" alt=\"\" width=\"1024\" height=\"768\" srcset=\"https:\/\/agora.xtec.cat\/ies-santa-eulalia\/wp-content\/uploads\/usu1612\/2023\/03\/1rB-1024x768.jpeg 1024w, https:\/\/agora.xtec.cat\/ies-santa-eulalia\/wp-content\/uploads\/usu1612\/2023\/03\/1rB-300x225.jpeg 300w, https:\/\/agora.xtec.cat\/ies-santa-eulalia\/wp-content\/uploads\/usu1612\/2023\/03\/1rB-768x576.jpeg 768w, https:\/\/agora.xtec.cat\/ies-santa-eulalia\/wp-content\/uploads\/usu1612\/2023\/03\/1rB-1536x1152.jpeg 1536w, https:\/\/agora.xtec.cat\/ies-santa-eulalia\/wp-content\/uploads\/usu1612\/2023\/03\/1rB-200x150.jpeg 200w, https:\/\/agora.xtec.cat\/ies-santa-eulalia\/wp-content\/uploads\/usu1612\/2023\/03\/1rB.jpeg 1600w\" sizes=\"auto, (max-width: 1024px) 100vw, 1024px\" \/><\/a><\/td>\n<td style=\"width: 25%\"><a href=\"https:\/\/agora.xtec.cat\/ies-santa-eulalia\/wp-content\/uploads\/usu1612\/2023\/03\/Foto_JVM_1C1.jpg\"><img loading=\"lazy\" decoding=\"async\" class=\"alignnone size-full wp-image-9988\" src=\"https:\/\/agora.xtec.cat\/ies-santa-eulalia\/wp-content\/uploads\/usu1612\/2023\/03\/Foto_JVM_1C1.jpg\" alt=\"\" width=\"591\" height=\"443\" srcset=\"https:\/\/agora.xtec.cat\/ies-santa-eulalia\/wp-content\/uploads\/usu1612\/2023\/03\/Foto_JVM_1C1.jpg 591w, https:\/\/agora.xtec.cat\/ies-santa-eulalia\/wp-content\/uploads\/usu1612\/2023\/03\/Foto_JVM_1C1-300x225.jpg 300w, https:\/\/agora.xtec.cat\/ies-santa-eulalia\/wp-content\/uploads\/usu1612\/2023\/03\/Foto_JVM_1C1-200x150.jpg 200w\" sizes=\"auto, (max-width: 591px) 100vw, 591px\" \/><\/a><\/td>\n<td style=\"width: 25%\"><a href=\"https:\/\/agora.xtec.cat\/ies-santa-eulalia\/wp-content\/uploads\/usu1612\/2023\/03\/1r-D.jpg\"><img loading=\"lazy\" decoding=\"async\" class=\"alignnone size-full wp-image-9989\" src=\"https:\/\/agora.xtec.cat\/ies-santa-eulalia\/wp-content\/uploads\/usu1612\/2023\/03\/1r-D.jpg\" alt=\"\" width=\"1024\" height=\"768\" srcset=\"https:\/\/agora.xtec.cat\/ies-santa-eulalia\/wp-content\/uploads\/usu1612\/2023\/03\/1r-D.jpg 1024w, https:\/\/agora.xtec.cat\/ies-santa-eulalia\/wp-content\/uploads\/usu1612\/2023\/03\/1r-D-300x225.jpg 300w, https:\/\/agora.xtec.cat\/ies-santa-eulalia\/wp-content\/uploads\/usu1612\/2023\/03\/1r-D-768x576.jpg 768w, https:\/\/agora.xtec.cat\/ies-santa-eulalia\/wp-content\/uploads\/usu1612\/2023\/03\/1r-D-200x150.jpg 200w\" sizes=\"auto, (max-width: 1024px) 100vw, 1024px\" \/><\/a><\/td>\n<\/tr>\n<tr>\n<td style=\"width: 25%\" colspan=\"2\"><a href=\"https:\/\/agora.xtec.cat\/ies-santa-eulalia\/wp-content\/uploads\/usu1612\/2023\/03\/WhatsApp-Image-2023-02-10-at-12.26.52-modificada.jpeg\"><img loading=\"lazy\" decoding=\"async\" class=\"alignnone size-large wp-image-9990\" src=\"https:\/\/agora.xtec.cat\/ies-santa-eulalia\/wp-content\/uploads\/usu1612\/2023\/03\/WhatsApp-Image-2023-02-10-at-12.26.52-modificada-1024x768.jpeg\" alt=\"\" width=\"1024\" height=\"768\" srcset=\"https:\/\/agora.xtec.cat\/ies-santa-eulalia\/wp-content\/uploads\/usu1612\/2023\/03\/WhatsApp-Image-2023-02-10-at-12.26.52-modificada-1024x768.jpeg 1024w, https:\/\/agora.xtec.cat\/ies-santa-eulalia\/wp-content\/uploads\/usu1612\/2023\/03\/WhatsApp-Image-2023-02-10-at-12.26.52-modificada-300x225.jpeg 300w, https:\/\/agora.xtec.cat\/ies-santa-eulalia\/wp-content\/uploads\/usu1612\/2023\/03\/WhatsApp-Image-2023-02-10-at-12.26.52-modificada-768x576.jpeg 768w, https:\/\/agora.xtec.cat\/ies-santa-eulalia\/wp-content\/uploads\/usu1612\/2023\/03\/WhatsApp-Image-2023-02-10-at-12.26.52-modificada-1536x1152.jpeg 1536w, https:\/\/agora.xtec.cat\/ies-santa-eulalia\/wp-content\/uploads\/usu1612\/2023\/03\/WhatsApp-Image-2023-02-10-at-12.26.52-modificada-200x150.jpeg 200w, https:\/\/agora.xtec.cat\/ies-santa-eulalia\/wp-content\/uploads\/usu1612\/2023\/03\/WhatsApp-Image-2023-02-10-at-12.26.52-modificada.jpeg 1600w\" sizes=\"auto, (max-width: 1024px) 100vw, 1024px\" \/><\/a><\/td>\n<td style=\"width: 25%\"><a href=\"https:\/\/agora.xtec.cat\/ies-santa-eulalia\/wp-content\/uploads\/usu1612\/2023\/03\/WhatsApp-Image-2023-03-14-at-16.25.49.jpeg\"><img loading=\"lazy\" decoding=\"async\" class=\"alignnone size-large wp-image-9991\" src=\"https:\/\/agora.xtec.cat\/ies-santa-eulalia\/wp-content\/uploads\/usu1612\/2023\/03\/WhatsApp-Image-2023-03-14-at-16.25.49-1024x1024.jpeg\" alt=\"\" width=\"1024\" height=\"1024\" srcset=\"https:\/\/agora.xtec.cat\/ies-santa-eulalia\/wp-content\/uploads\/usu1612\/2023\/03\/WhatsApp-Image-2023-03-14-at-16.25.49-1024x1024.jpeg 1024w, https:\/\/agora.xtec.cat\/ies-santa-eulalia\/wp-content\/uploads\/usu1612\/2023\/03\/WhatsApp-Image-2023-03-14-at-16.25.49-300x300.jpeg 300w, https:\/\/agora.xtec.cat\/ies-santa-eulalia\/wp-content\/uploads\/usu1612\/2023\/03\/WhatsApp-Image-2023-03-14-at-16.25.49-150x150.jpeg 150w, https:\/\/agora.xtec.cat\/ies-santa-eulalia\/wp-content\/uploads\/usu1612\/2023\/03\/WhatsApp-Image-2023-03-14-at-16.25.49-768x768.jpeg 768w, https:\/\/agora.xtec.cat\/ies-santa-eulalia\/wp-content\/uploads\/usu1612\/2023\/03\/WhatsApp-Image-2023-03-14-at-16.25.49-1536x1536.jpeg 1536w, https:\/\/agora.xtec.cat\/ies-santa-eulalia\/wp-content\/uploads\/usu1612\/2023\/03\/WhatsApp-Image-2023-03-14-at-16.25.49.jpeg 2048w\" sizes=\"auto, (max-width: 1024px) 100vw, 1024px\" \/><\/a><\/td>\n<td style=\"width: 25%\"><a href=\"https:\/\/agora.xtec.cat\/ies-santa-eulalia\/wp-content\/uploads\/usu1612\/2023\/03\/WhatsApp-Image-2023-03-14-at-17.21.20.jpeg\"><img loading=\"lazy\" decoding=\"async\" class=\"alignnone size-large wp-image-9992\" src=\"https:\/\/agora.xtec.cat\/ies-santa-eulalia\/wp-content\/uploads\/usu1612\/2023\/03\/WhatsApp-Image-2023-03-14-at-17.21.20-1024x1024.jpeg\" alt=\"\" width=\"1024\" height=\"1024\" srcset=\"https:\/\/agora.xtec.cat\/ies-santa-eulalia\/wp-content\/uploads\/usu1612\/2023\/03\/WhatsApp-Image-2023-03-14-at-17.21.20-1024x1024.jpeg 1024w, https:\/\/agora.xtec.cat\/ies-santa-eulalia\/wp-content\/uploads\/usu1612\/2023\/03\/WhatsApp-Image-2023-03-14-at-17.21.20-300x300.jpeg 300w, https:\/\/agora.xtec.cat\/ies-santa-eulalia\/wp-content\/uploads\/usu1612\/2023\/03\/WhatsApp-Image-2023-03-14-at-17.21.20-150x150.jpeg 150w, https:\/\/agora.xtec.cat\/ies-santa-eulalia\/wp-content\/uploads\/usu1612\/2023\/03\/WhatsApp-Image-2023-03-14-at-17.21.20-768x768.jpeg 768w, https:\/\/agora.xtec.cat\/ies-santa-eulalia\/wp-content\/uploads\/usu1612\/2023\/03\/WhatsApp-Image-2023-03-14-at-17.21.20-1536x1536.jpeg 1536w, https:\/\/agora.xtec.cat\/ies-santa-eulalia\/wp-content\/uploads\/usu1612\/2023\/03\/WhatsApp-Image-2023-03-14-at-17.21.20.jpeg 2048w\" sizes=\"auto, (max-width: 1024px) 100vw, 1024px\" \/><\/a><\/td>\n<\/tr>\n<\/tbody>\n<\/table>\n<p>Els tallers pels alumnes de 2n, 3r i 4t\u00a0 estaven dividits en dues hores.<\/p>\n<p>Durant la primera hora, els alumnes, amb ajuda dels seus companys de batxillerat que havien preparat molt b\u00e9 la tasca, van trobar aproximacions molt bones del nombre Pi fent servir la geometria o la estad\u00edstica.<\/p>\n<table style=\"border-collapse: collapse;width: 92.725%;height: 177px\">\n<tbody>\n<tr>\n<td style=\"width: 20%\"><a href=\"https:\/\/agora.xtec.cat\/ies-santa-eulalia\/wp-content\/uploads\/usu1612\/2023\/03\/WhatsApp-Image-2023-03-14-at-13.26.30.jpeg\"><img loading=\"lazy\" decoding=\"async\" class=\"alignnone size-large wp-image-9994\" src=\"https:\/\/agora.xtec.cat\/ies-santa-eulalia\/wp-content\/uploads\/usu1612\/2023\/03\/WhatsApp-Image-2023-03-14-at-13.26.30-1024x768.jpeg\" alt=\"\" width=\"1024\" height=\"768\" srcset=\"https:\/\/agora.xtec.cat\/ies-santa-eulalia\/wp-content\/uploads\/usu1612\/2023\/03\/WhatsApp-Image-2023-03-14-at-13.26.30-1024x768.jpeg 1024w, https:\/\/agora.xtec.cat\/ies-santa-eulalia\/wp-content\/uploads\/usu1612\/2023\/03\/WhatsApp-Image-2023-03-14-at-13.26.30-300x225.jpeg 300w, https:\/\/agora.xtec.cat\/ies-santa-eulalia\/wp-content\/uploads\/usu1612\/2023\/03\/WhatsApp-Image-2023-03-14-at-13.26.30-768x576.jpeg 768w, https:\/\/agora.xtec.cat\/ies-santa-eulalia\/wp-content\/uploads\/usu1612\/2023\/03\/WhatsApp-Image-2023-03-14-at-13.26.30-1536x1152.jpeg 1536w, https:\/\/agora.xtec.cat\/ies-santa-eulalia\/wp-content\/uploads\/usu1612\/2023\/03\/WhatsApp-Image-2023-03-14-at-13.26.30-200x150.jpeg 200w, https:\/\/agora.xtec.cat\/ies-santa-eulalia\/wp-content\/uploads\/usu1612\/2023\/03\/WhatsApp-Image-2023-03-14-at-13.26.30.jpeg 2016w\" sizes=\"auto, (max-width: 1024px) 100vw, 1024px\" \/><\/a><\/td>\n<td style=\"width: 20%\"><a href=\"https:\/\/agora.xtec.cat\/ies-santa-eulalia\/wp-content\/uploads\/usu1612\/2023\/03\/WhatsApp-Image-2023-03-14-at-13.38.44.jpeg\"><img loading=\"lazy\" decoding=\"async\" class=\"alignnone size-large wp-image-9995\" src=\"https:\/\/agora.xtec.cat\/ies-santa-eulalia\/wp-content\/uploads\/usu1612\/2023\/03\/WhatsApp-Image-2023-03-14-at-13.38.44-1024x790.jpeg\" alt=\"\" width=\"1024\" height=\"790\" srcset=\"https:\/\/agora.xtec.cat\/ies-santa-eulalia\/wp-content\/uploads\/usu1612\/2023\/03\/WhatsApp-Image-2023-03-14-at-13.38.44-1024x790.jpeg 1024w, https:\/\/agora.xtec.cat\/ies-santa-eulalia\/wp-content\/uploads\/usu1612\/2023\/03\/WhatsApp-Image-2023-03-14-at-13.38.44-300x232.jpeg 300w, https:\/\/agora.xtec.cat\/ies-santa-eulalia\/wp-content\/uploads\/usu1612\/2023\/03\/WhatsApp-Image-2023-03-14-at-13.38.44-768x593.jpeg 768w, https:\/\/agora.xtec.cat\/ies-santa-eulalia\/wp-content\/uploads\/usu1612\/2023\/03\/WhatsApp-Image-2023-03-14-at-13.38.44-1536x1185.jpeg 1536w, https:\/\/agora.xtec.cat\/ies-santa-eulalia\/wp-content\/uploads\/usu1612\/2023\/03\/WhatsApp-Image-2023-03-14-at-13.38.44.jpeg 1766w\" sizes=\"auto, (max-width: 1024px) 100vw, 1024px\" \/><\/a><\/td>\n<td style=\"width: 20%\"><a href=\"https:\/\/agora.xtec.cat\/ies-santa-eulalia\/wp-content\/uploads\/usu1612\/2023\/03\/WhatsApp-Image-2023-03-14-at-13.37.16.jpeg\"><img loading=\"lazy\" decoding=\"async\" class=\"alignnone size-large wp-image-9996\" src=\"https:\/\/agora.xtec.cat\/ies-santa-eulalia\/wp-content\/uploads\/usu1612\/2023\/03\/WhatsApp-Image-2023-03-14-at-13.37.16-1024x768.jpeg\" alt=\"\" width=\"1024\" height=\"768\" srcset=\"https:\/\/agora.xtec.cat\/ies-santa-eulalia\/wp-content\/uploads\/usu1612\/2023\/03\/WhatsApp-Image-2023-03-14-at-13.37.16-1024x768.jpeg 1024w, https:\/\/agora.xtec.cat\/ies-santa-eulalia\/wp-content\/uploads\/usu1612\/2023\/03\/WhatsApp-Image-2023-03-14-at-13.37.16-300x225.jpeg 300w, https:\/\/agora.xtec.cat\/ies-santa-eulalia\/wp-content\/uploads\/usu1612\/2023\/03\/WhatsApp-Image-2023-03-14-at-13.37.16-768x576.jpeg 768w, https:\/\/agora.xtec.cat\/ies-santa-eulalia\/wp-content\/uploads\/usu1612\/2023\/03\/WhatsApp-Image-2023-03-14-at-13.37.16-1536x1152.jpeg 1536w, https:\/\/agora.xtec.cat\/ies-santa-eulalia\/wp-content\/uploads\/usu1612\/2023\/03\/WhatsApp-Image-2023-03-14-at-13.37.16-200x150.jpeg 200w, https:\/\/agora.xtec.cat\/ies-santa-eulalia\/wp-content\/uploads\/usu1612\/2023\/03\/WhatsApp-Image-2023-03-14-at-13.37.16.jpeg 2016w\" sizes=\"auto, (max-width: 1024px) 100vw, 1024px\" \/><\/a><\/td>\n<td style=\"width: 20%\"><a href=\"https:\/\/agora.xtec.cat\/ies-santa-eulalia\/wp-content\/uploads\/usu1612\/2023\/03\/WhatsApp-Image-2023-03-14-at-13.40.32.jpeg\"><img loading=\"lazy\" decoding=\"async\" class=\"alignnone size-large wp-image-9997\" src=\"https:\/\/agora.xtec.cat\/ies-santa-eulalia\/wp-content\/uploads\/usu1612\/2023\/03\/WhatsApp-Image-2023-03-14-at-13.40.32-768x1024.jpeg\" alt=\"\" width=\"768\" height=\"1024\" srcset=\"https:\/\/agora.xtec.cat\/ies-santa-eulalia\/wp-content\/uploads\/usu1612\/2023\/03\/WhatsApp-Image-2023-03-14-at-13.40.32-768x1024.jpeg 768w, https:\/\/agora.xtec.cat\/ies-santa-eulalia\/wp-content\/uploads\/usu1612\/2023\/03\/WhatsApp-Image-2023-03-14-at-13.40.32-225x300.jpeg 225w, https:\/\/agora.xtec.cat\/ies-santa-eulalia\/wp-content\/uploads\/usu1612\/2023\/03\/WhatsApp-Image-2023-03-14-at-13.40.32-1152x1536.jpeg 1152w, https:\/\/agora.xtec.cat\/ies-santa-eulalia\/wp-content\/uploads\/usu1612\/2023\/03\/WhatsApp-Image-2023-03-14-at-13.40.32.jpeg 1512w\" sizes=\"auto, (max-width: 768px) 100vw, 768px\" \/><\/a><\/td>\n<td style=\"width: 20%\"><a href=\"https:\/\/agora.xtec.cat\/ies-santa-eulalia\/wp-content\/uploads\/usu1612\/2023\/03\/WhatsApp-Image-2023-03-14-at-17.21.22.jpeg\"><img loading=\"lazy\" decoding=\"async\" class=\"alignnone size-large wp-image-9998\" src=\"https:\/\/agora.xtec.cat\/ies-santa-eulalia\/wp-content\/uploads\/usu1612\/2023\/03\/WhatsApp-Image-2023-03-14-at-17.21.22-1024x1024.jpeg\" alt=\"\" width=\"1024\" height=\"1024\" srcset=\"https:\/\/agora.xtec.cat\/ies-santa-eulalia\/wp-content\/uploads\/usu1612\/2023\/03\/WhatsApp-Image-2023-03-14-at-17.21.22-1024x1024.jpeg 1024w, https:\/\/agora.xtec.cat\/ies-santa-eulalia\/wp-content\/uploads\/usu1612\/2023\/03\/WhatsApp-Image-2023-03-14-at-17.21.22-300x300.jpeg 300w, https:\/\/agora.xtec.cat\/ies-santa-eulalia\/wp-content\/uploads\/usu1612\/2023\/03\/WhatsApp-Image-2023-03-14-at-17.21.22-150x150.jpeg 150w, https:\/\/agora.xtec.cat\/ies-santa-eulalia\/wp-content\/uploads\/usu1612\/2023\/03\/WhatsApp-Image-2023-03-14-at-17.21.22-768x768.jpeg 768w, https:\/\/agora.xtec.cat\/ies-santa-eulalia\/wp-content\/uploads\/usu1612\/2023\/03\/WhatsApp-Image-2023-03-14-at-17.21.22-1536x1536.jpeg 1536w, https:\/\/agora.xtec.cat\/ies-santa-eulalia\/wp-content\/uploads\/usu1612\/2023\/03\/WhatsApp-Image-2023-03-14-at-17.21.22.jpeg 2048w\" sizes=\"auto, (max-width: 1024px) 100vw, 1024px\" \/><\/a><\/td>\n<\/tr>\n<\/tbody>\n<\/table>\n<p>Durant la segona hora, van fer punts de llibre amb motius del n\u00famero PI i relats on el protagonista era el nombre pi.<\/p>\n<table style=\"border-collapse: collapse;width: 98.2737%;height: 25px\">\n<tbody>\n<tr>\n<td style=\"width: 20%\"><a href=\"https:\/\/agora.xtec.cat\/ies-santa-eulalia\/wp-content\/uploads\/usu1612\/2023\/03\/WhatsApp-Image-2023-03-14-at-13.40.01.jpeg\"><img loading=\"lazy\" decoding=\"async\" class=\"alignnone size-large wp-image-9999\" src=\"https:\/\/agora.xtec.cat\/ies-santa-eulalia\/wp-content\/uploads\/usu1612\/2023\/03\/WhatsApp-Image-2023-03-14-at-13.40.01-1024x768.jpeg\" alt=\"\" width=\"1024\" height=\"768\" srcset=\"https:\/\/agora.xtec.cat\/ies-santa-eulalia\/wp-content\/uploads\/usu1612\/2023\/03\/WhatsApp-Image-2023-03-14-at-13.40.01-1024x768.jpeg 1024w, https:\/\/agora.xtec.cat\/ies-santa-eulalia\/wp-content\/uploads\/usu1612\/2023\/03\/WhatsApp-Image-2023-03-14-at-13.40.01-300x225.jpeg 300w, https:\/\/agora.xtec.cat\/ies-santa-eulalia\/wp-content\/uploads\/usu1612\/2023\/03\/WhatsApp-Image-2023-03-14-at-13.40.01-768x576.jpeg 768w, https:\/\/agora.xtec.cat\/ies-santa-eulalia\/wp-content\/uploads\/usu1612\/2023\/03\/WhatsApp-Image-2023-03-14-at-13.40.01-1536x1152.jpeg 1536w, https:\/\/agora.xtec.cat\/ies-santa-eulalia\/wp-content\/uploads\/usu1612\/2023\/03\/WhatsApp-Image-2023-03-14-at-13.40.01-200x150.jpeg 200w, https:\/\/agora.xtec.cat\/ies-santa-eulalia\/wp-content\/uploads\/usu1612\/2023\/03\/WhatsApp-Image-2023-03-14-at-13.40.01.jpeg 2016w\" sizes=\"auto, (max-width: 1024px) 100vw, 1024px\" \/><\/a><\/td>\n<td style=\"width: 20%\"><a href=\"https:\/\/agora.xtec.cat\/ies-santa-eulalia\/wp-content\/uploads\/usu1612\/2023\/03\/WhatsApp-Image-2023-03-14-at-13.41.16.jpeg\"><img loading=\"lazy\" decoding=\"async\" class=\"alignnone size-large wp-image-10000\" src=\"https:\/\/agora.xtec.cat\/ies-santa-eulalia\/wp-content\/uploads\/usu1612\/2023\/03\/WhatsApp-Image-2023-03-14-at-13.41.16-1024x768.jpeg\" alt=\"\" width=\"1024\" height=\"768\" srcset=\"https:\/\/agora.xtec.cat\/ies-santa-eulalia\/wp-content\/uploads\/usu1612\/2023\/03\/WhatsApp-Image-2023-03-14-at-13.41.16-1024x768.jpeg 1024w, https:\/\/agora.xtec.cat\/ies-santa-eulalia\/wp-content\/uploads\/usu1612\/2023\/03\/WhatsApp-Image-2023-03-14-at-13.41.16-300x225.jpeg 300w, https:\/\/agora.xtec.cat\/ies-santa-eulalia\/wp-content\/uploads\/usu1612\/2023\/03\/WhatsApp-Image-2023-03-14-at-13.41.16-768x576.jpeg 768w, https:\/\/agora.xtec.cat\/ies-santa-eulalia\/wp-content\/uploads\/usu1612\/2023\/03\/WhatsApp-Image-2023-03-14-at-13.41.16-1536x1152.jpeg 1536w, https:\/\/agora.xtec.cat\/ies-santa-eulalia\/wp-content\/uploads\/usu1612\/2023\/03\/WhatsApp-Image-2023-03-14-at-13.41.16-200x150.jpeg 200w, https:\/\/agora.xtec.cat\/ies-santa-eulalia\/wp-content\/uploads\/usu1612\/2023\/03\/WhatsApp-Image-2023-03-14-at-13.41.16.jpeg 2016w\" sizes=\"auto, (max-width: 1024px) 100vw, 1024px\" \/><\/a><\/td>\n<td style=\"width: 20%\"><a href=\"https:\/\/agora.xtec.cat\/ies-santa-eulalia\/wp-content\/uploads\/usu1612\/2023\/03\/WhatsApp-Image-2023-03-14-at-13.40.47.jpeg\"><img loading=\"lazy\" decoding=\"async\" class=\"alignnone size-large wp-image-10001\" src=\"https:\/\/agora.xtec.cat\/ies-santa-eulalia\/wp-content\/uploads\/usu1612\/2023\/03\/WhatsApp-Image-2023-03-14-at-13.40.47-1024x768.jpeg\" alt=\"\" width=\"1024\" height=\"768\" srcset=\"https:\/\/agora.xtec.cat\/ies-santa-eulalia\/wp-content\/uploads\/usu1612\/2023\/03\/WhatsApp-Image-2023-03-14-at-13.40.47-1024x768.jpeg 1024w, https:\/\/agora.xtec.cat\/ies-santa-eulalia\/wp-content\/uploads\/usu1612\/2023\/03\/WhatsApp-Image-2023-03-14-at-13.40.47-300x225.jpeg 300w, https:\/\/agora.xtec.cat\/ies-santa-eulalia\/wp-content\/uploads\/usu1612\/2023\/03\/WhatsApp-Image-2023-03-14-at-13.40.47-768x576.jpeg 768w, https:\/\/agora.xtec.cat\/ies-santa-eulalia\/wp-content\/uploads\/usu1612\/2023\/03\/WhatsApp-Image-2023-03-14-at-13.40.47-1536x1152.jpeg 1536w, https:\/\/agora.xtec.cat\/ies-santa-eulalia\/wp-content\/uploads\/usu1612\/2023\/03\/WhatsApp-Image-2023-03-14-at-13.40.47-200x150.jpeg 200w, https:\/\/agora.xtec.cat\/ies-santa-eulalia\/wp-content\/uploads\/usu1612\/2023\/03\/WhatsApp-Image-2023-03-14-at-13.40.47.jpeg 2016w\" sizes=\"auto, (max-width: 1024px) 100vw, 1024px\" \/><\/a><\/td>\n<td style=\"width: 20%\"><a href=\"https:\/\/agora.xtec.cat\/ies-santa-eulalia\/wp-content\/uploads\/usu1612\/2023\/03\/WhatsApp-Image-2023-03-14-at-13.42.14.jpeg\"><img loading=\"lazy\" decoding=\"async\" class=\"alignnone size-large wp-image-10002\" src=\"https:\/\/agora.xtec.cat\/ies-santa-eulalia\/wp-content\/uploads\/usu1612\/2023\/03\/WhatsApp-Image-2023-03-14-at-13.42.14-1024x768.jpeg\" alt=\"\" width=\"1024\" height=\"768\" srcset=\"https:\/\/agora.xtec.cat\/ies-santa-eulalia\/wp-content\/uploads\/usu1612\/2023\/03\/WhatsApp-Image-2023-03-14-at-13.42.14-1024x768.jpeg 1024w, https:\/\/agora.xtec.cat\/ies-santa-eulalia\/wp-content\/uploads\/usu1612\/2023\/03\/WhatsApp-Image-2023-03-14-at-13.42.14-300x225.jpeg 300w, https:\/\/agora.xtec.cat\/ies-santa-eulalia\/wp-content\/uploads\/usu1612\/2023\/03\/WhatsApp-Image-2023-03-14-at-13.42.14-768x576.jpeg 768w, https:\/\/agora.xtec.cat\/ies-santa-eulalia\/wp-content\/uploads\/usu1612\/2023\/03\/WhatsApp-Image-2023-03-14-at-13.42.14-1536x1152.jpeg 1536w, https:\/\/agora.xtec.cat\/ies-santa-eulalia\/wp-content\/uploads\/usu1612\/2023\/03\/WhatsApp-Image-2023-03-14-at-13.42.14-200x150.jpeg 200w, https:\/\/agora.xtec.cat\/ies-santa-eulalia\/wp-content\/uploads\/usu1612\/2023\/03\/WhatsApp-Image-2023-03-14-at-13.42.14.jpeg 2016w\" sizes=\"auto, (max-width: 1024px) 100vw, 1024px\" \/><\/a><\/td>\n<td style=\"width: 20%\"><a href=\"https:\/\/agora.xtec.cat\/ies-santa-eulalia\/wp-content\/uploads\/usu1612\/2023\/03\/WhatsApp-Image-2023-03-14-at-13.40.13.jpeg\"><img loading=\"lazy\" decoding=\"async\" class=\"alignnone size-large wp-image-10003\" src=\"https:\/\/agora.xtec.cat\/ies-santa-eulalia\/wp-content\/uploads\/usu1612\/2023\/03\/WhatsApp-Image-2023-03-14-at-13.40.13-1024x768.jpeg\" alt=\"\" width=\"1024\" height=\"768\" srcset=\"https:\/\/agora.xtec.cat\/ies-santa-eulalia\/wp-content\/uploads\/usu1612\/2023\/03\/WhatsApp-Image-2023-03-14-at-13.40.13-1024x768.jpeg 1024w, https:\/\/agora.xtec.cat\/ies-santa-eulalia\/wp-content\/uploads\/usu1612\/2023\/03\/WhatsApp-Image-2023-03-14-at-13.40.13-300x225.jpeg 300w, https:\/\/agora.xtec.cat\/ies-santa-eulalia\/wp-content\/uploads\/usu1612\/2023\/03\/WhatsApp-Image-2023-03-14-at-13.40.13-768x576.jpeg 768w, https:\/\/agora.xtec.cat\/ies-santa-eulalia\/wp-content\/uploads\/usu1612\/2023\/03\/WhatsApp-Image-2023-03-14-at-13.40.13-1536x1152.jpeg 1536w, https:\/\/agora.xtec.cat\/ies-santa-eulalia\/wp-content\/uploads\/usu1612\/2023\/03\/WhatsApp-Image-2023-03-14-at-13.40.13-200x150.jpeg 200w, https:\/\/agora.xtec.cat\/ies-santa-eulalia\/wp-content\/uploads\/usu1612\/2023\/03\/WhatsApp-Image-2023-03-14-at-13.40.13.jpeg 2016w\" sizes=\"auto, (max-width: 1024px) 100vw, 1024px\" \/><\/a><\/td>\n<\/tr>\n<\/tbody>\n<\/table>\n<p>En resum, va ser un dia fant\u00e0stic on vam treballar i gaudir les matem\u00e0tiques d&#8217;una manera diferent.<\/p>\n<p>&nbsp;<\/p>\n","protected":false},"excerpt":{"rendered":"<p>Aquesta setmana a l&#8217;institut hem celebrat la setmana de les matem\u00e0tiques amb diverses activitats.<br \/>\n<a href=\"https:\/\/agora.xtec.cat\/ies-santa-eulalia\/wp-content\/uploads\/usu1612\/2023\/03\/WhatsApp-Image-2023-03-14-at-13.20.081-1.jpeg\"><\/a><br \/>\nEl 14 de mar\u00e7(3), amb motiu de del dia mundial de les matem\u00e0tiques i del n\u00famero Pi (3,14) vam celebrar el dia fent la Jornada Virtual Matem\u00e0tica amb els alumnes de&hellip;  <a href=\"https:\/\/agora.xtec.cat\/ies-santa-eulalia\/general\/pi-day-14-de-marc-dia-mundial-de-les-matematiques\/\" title=\"Read Pi-Day: 14 de mar\u00e7, dia mundial de les matem\u00e0tiques\">Llegeix m\u00e9s\u00bb<\/a><\/p>\n","protected":false},"author":29,"featured_media":10005,"comment_status":"open","ping_status":"closed","sticky":false,"template":"","format":"standard","meta":{"_bbp_topic_count":0,"_bbp_reply_count":0,"_bbp_total_topic_count":0,"_bbp_total_reply_count":0,"_bbp_voice_count":0,"_bbp_anonymous_reply_count":0,"_bbp_topic_count_hidden":0,"_bbp_reply_count_hidden":0,"_bbp_forum_subforum_count":0,"footnotes":""},"categories":[335,1,29],"tags":[],"class_list":["post-9980","post","type-post","status-publish","format-standard","has-post-thumbnail","hentry","category-activitats-matematiques","category-general","category-portada"],"post_mailing_queue_ids":[],"_links":{"self":[{"href":"https:\/\/agora.xtec.cat\/ies-santa-eulalia\/wp-json\/wp\/v2\/posts\/9980","targetHints":{"allow":["GET"]}}],"collection":[{"href":"https:\/\/agora.xtec.cat\/ies-santa-eulalia\/wp-json\/wp\/v2\/posts"}],"about":[{"href":"https:\/\/agora.xtec.cat\/ies-santa-eulalia\/wp-json\/wp\/v2\/types\/post"}],"author":[{"embeddable":true,"href":"https:\/\/agora.xtec.cat\/ies-santa-eulalia\/wp-json\/wp\/v2\/users\/29"}],"replies":[{"embeddable":true,"href":"https:\/\/agora.xtec.cat\/ies-santa-eulalia\/wp-json\/wp\/v2\/comments?post=9980"}],"version-history":[{"count":2,"href":"https:\/\/agora.xtec.cat\/ies-santa-eulalia\/wp-json\/wp\/v2\/posts\/9980\/revisions"}],"predecessor-version":[{"id":10007,"href":"https:\/\/agora.xtec.cat\/ies-santa-eulalia\/wp-json\/wp\/v2\/posts\/9980\/revisions\/10007"}],"wp:featuredmedia":[{"embeddable":true,"href":"https:\/\/agora.xtec.cat\/ies-santa-eulalia\/wp-json\/wp\/v2\/media\/10005"}],"wp:attachment":[{"href":"https:\/\/agora.xtec.cat\/ies-santa-eulalia\/wp-json\/wp\/v2\/media?parent=9980"}],"wp:term":[{"taxonomy":"category","embeddable":true,"href":"https:\/\/agora.xtec.cat\/ies-santa-eulalia\/wp-json\/wp\/v2\/categories?post=9980"},{"taxonomy":"post_tag","embeddable":true,"href":"https:\/\/agora.xtec.cat\/ies-santa-eulalia\/wp-json\/wp\/v2\/tags?post=9980"}],"curies":[{"name":"wp","href":"https:\/\/api.w.org\/{rel}","templated":true}]}}