{"id":9969,"date":"2023-03-07T17:55:32","date_gmt":"2023-03-07T16:55:32","guid":{"rendered":"https:\/\/agora.xtec.cat\/ies-santa-eulalia\/?p=9969"},"modified":"2023-03-07T17:55:32","modified_gmt":"2023-03-07T16:55:32","slug":"preparem-el-8-de-marc","status":"publish","type":"post","link":"https:\/\/agora.xtec.cat\/ies-santa-eulalia\/eso\/preparem-el-8-de-marc\/","title":{"rendered":"Preparem el 8 de mar\u00e7"},"content":{"rendered":"<p>Aquest any ens sumem a l&#8217;acci\u00f3 llen\u00e7ols, proposta de les escoles feministes, que consisteix en penjar a un lloc visible de l&#8217;institut llen\u00e7ols on hem pintat frases que recorden els greuges que patim les dones al llarg de tota la nostra vida pel fet de ser dones i, des d&#8217;una mirada transversal i interseccional, aquells altres greuges que es creuen amb aquests.<br \/>\nL&#8217;alumnat de quart d&#8217;ESO ha preparat els llen\u00e7ols, ha estat una acci\u00f3 reivindicativa molt enriquidora. <a href=\"https:\/\/agora.xtec.cat\/ies-santa-eulalia\/wp-content\/uploads\/usu1612\/2023\/03\/IMG-20230307-WA0007.jpg\"><img loading=\"lazy\" decoding=\"async\" src=\"https:\/\/agora.xtec.cat\/ies-santa-eulalia\/wp-content\/uploads\/usu1612\/2023\/03\/IMG-20230307-WA0007-462x1024.jpg\" alt=\"\" width=\"462\" height=\"1024\" class=\"alignleft size-large wp-image-9972\" srcset=\"https:\/\/agora.xtec.cat\/ies-santa-eulalia\/wp-content\/uploads\/usu1612\/2023\/03\/IMG-20230307-WA0007-462x1024.jpg 462w, https:\/\/agora.xtec.cat\/ies-santa-eulalia\/wp-content\/uploads\/usu1612\/2023\/03\/IMG-20230307-WA0007-135x300.jpg 135w, https:\/\/agora.xtec.cat\/ies-santa-eulalia\/wp-content\/uploads\/usu1612\/2023\/03\/IMG-20230307-WA0007-768x1704.jpg 768w, https:\/\/agora.xtec.cat\/ies-santa-eulalia\/wp-content\/uploads\/usu1612\/2023\/03\/IMG-20230307-WA0007-692x1536.jpg 692w, https:\/\/agora.xtec.cat\/ies-santa-eulalia\/wp-content\/uploads\/usu1612\/2023\/03\/IMG-20230307-WA0007.jpg 923w\" sizes=\"auto, (max-width: 462px) 100vw, 462px\" \/><\/a> <\/p>\n","protected":false},"excerpt":{"rendered":"<p>Aquest any ens sumem a l&#8217;acci\u00f3 llen\u00e7ols, proposta de les escoles feministes, que consisteix en penjar a un lloc visible de l&#8217;institut llen\u00e7ols on hem pintat frases que recorden els greuges que patim les dones al llarg de tota la nostra vida pel fet de&hellip;  <a href=\"https:\/\/agora.xtec.cat\/ies-santa-eulalia\/eso\/preparem-el-8-de-marc\/\" title=\"Read Preparem el 8 de mar\u00e7\">Llegeix m\u00e9s\u00bb<\/a><\/p>\n","protected":false},"author":98,"featured_media":9971,"comment_status":"closed","ping_status":"closed","sticky":false,"template":"","format":"standard","meta":{"_bbp_topic_count":0,"_bbp_reply_count":0,"_bbp_total_topic_count":0,"_bbp_total_reply_count":0,"_bbp_voice_count":0,"_bbp_anonymous_reply_count":0,"_bbp_topic_count_hidden":0,"_bbp_reply_count_hidden":0,"_bbp_forum_subforum_count":0,"footnotes":""},"categories":[3,7,29],"tags":[],"class_list":["post-9969","post","type-post","status-publish","format-standard","has-post-thumbnail","hentry","category-eso","category-eso-4","category-portada"],"post_mailing_queue_ids":[],"_links":{"self":[{"href":"https:\/\/agora.xtec.cat\/ies-santa-eulalia\/wp-json\/wp\/v2\/posts\/9969","targetHints":{"allow":["GET"]}}],"collection":[{"href":"https:\/\/agora.xtec.cat\/ies-santa-eulalia\/wp-json\/wp\/v2\/posts"}],"about":[{"href":"https:\/\/agora.xtec.cat\/ies-santa-eulalia\/wp-json\/wp\/v2\/types\/post"}],"author":[{"embeddable":true,"href":"https:\/\/agora.xtec.cat\/ies-santa-eulalia\/wp-json\/wp\/v2\/users\/98"}],"replies":[{"embeddable":true,"href":"https:\/\/agora.xtec.cat\/ies-santa-eulalia\/wp-json\/wp\/v2\/comments?post=9969"}],"version-history":[{"count":3,"href":"https:\/\/agora.xtec.cat\/ies-santa-eulalia\/wp-json\/wp\/v2\/posts\/9969\/revisions"}],"predecessor-version":[{"id":9975,"href":"https:\/\/agora.xtec.cat\/ies-santa-eulalia\/wp-json\/wp\/v2\/posts\/9969\/revisions\/9975"}],"wp:featuredmedia":[{"embeddable":true,"href":"https:\/\/agora.xtec.cat\/ies-santa-eulalia\/wp-json\/wp\/v2\/media\/9971"}],"wp:attachment":[{"href":"https:\/\/agora.xtec.cat\/ies-santa-eulalia\/wp-json\/wp\/v2\/media?parent=9969"}],"wp:term":[{"taxonomy":"category","embeddable":true,"href":"https:\/\/agora.xtec.cat\/ies-santa-eulalia\/wp-json\/wp\/v2\/categories?post=9969"},{"taxonomy":"post_tag","embeddable":true,"href":"https:\/\/agora.xtec.cat\/ies-santa-eulalia\/wp-json\/wp\/v2\/tags?post=9969"}],"curies":[{"name":"wp","href":"https:\/\/api.w.org\/{rel}","templated":true}]}}