{"id":9868,"date":"2023-02-07T13:33:12","date_gmt":"2023-02-07T12:33:12","guid":{"rendered":"https:\/\/agora.xtec.cat\/ies-santa-eulalia\/?p=9868"},"modified":"2023-02-07T13:33:12","modified_gmt":"2023-02-07T12:33:12","slug":"xerrada-taller-a-la-facultat-de-matematiques","status":"publish","type":"post","link":"https:\/\/agora.xtec.cat\/ies-santa-eulalia\/general\/xerrada-taller-a-la-facultat-de-matematiques\/","title":{"rendered":"Xerrada-Taller a la facultat de Matem\u00e0tiques"},"content":{"rendered":"<p>El passat dilluns dia 6 de febrer, els alumnes de 1r de Batxillerat Cient\u00edfic-Tecnol\u00f2gic van visitar la Facultat de Matem\u00e0tiques de la UB on van assistir a la confer\u00e8ncia &#8220;Aprendizaje autom\u00e1tico para la medicina: potenciales y riesgos&#8221; a c\u00e0rrec de la doctora Polyxeni Gkontra i despr\u00e9s van participar en un taller on van poder posar en practica el que havien apr\u00e8s a la confer\u00e8ncia.<\/p>\n<p>En acabar, van fer un passeig per l&#8217;edifici hist\u00f2ric de la Universitat. <a href=\"https:\/\/agora.xtec.cat\/ies-santa-eulalia\/wp-content\/uploads\/usu1612\/2023\/02\/WhatsApp-Image-2023-02-06-at-15.01.16.jpeg\"><img loading=\"lazy\" decoding=\"async\" class=\"alignnone size-large wp-image-9869\" src=\"https:\/\/agora.xtec.cat\/ies-santa-eulalia\/wp-content\/uploads\/usu1612\/2023\/02\/WhatsApp-Image-2023-02-06-at-15.01.16-1024x768.jpeg\" alt=\"\" width=\"1024\" height=\"768\" srcset=\"https:\/\/agora.xtec.cat\/ies-santa-eulalia\/wp-content\/uploads\/usu1612\/2023\/02\/WhatsApp-Image-2023-02-06-at-15.01.16-1024x768.jpeg 1024w, https:\/\/agora.xtec.cat\/ies-santa-eulalia\/wp-content\/uploads\/usu1612\/2023\/02\/WhatsApp-Image-2023-02-06-at-15.01.16-300x225.jpeg 300w, https:\/\/agora.xtec.cat\/ies-santa-eulalia\/wp-content\/uploads\/usu1612\/2023\/02\/WhatsApp-Image-2023-02-06-at-15.01.16-768x576.jpeg 768w, https:\/\/agora.xtec.cat\/ies-santa-eulalia\/wp-content\/uploads\/usu1612\/2023\/02\/WhatsApp-Image-2023-02-06-at-15.01.16-1536x1152.jpeg 1536w, https:\/\/agora.xtec.cat\/ies-santa-eulalia\/wp-content\/uploads\/usu1612\/2023\/02\/WhatsApp-Image-2023-02-06-at-15.01.16-200x150.jpeg 200w, https:\/\/agora.xtec.cat\/ies-santa-eulalia\/wp-content\/uploads\/usu1612\/2023\/02\/WhatsApp-Image-2023-02-06-at-15.01.16.jpeg 2016w\" sizes=\"auto, (max-width: 1024px) 100vw, 1024px\" \/><\/a> <a href=\"https:\/\/agora.xtec.cat\/ies-santa-eulalia\/wp-content\/uploads\/usu1612\/2023\/02\/WhatsApp-Image-2023-02-06-at-15.01.29.jpeg\"><img loading=\"lazy\" decoding=\"async\" class=\"alignnone size-large wp-image-9870\" src=\"https:\/\/agora.xtec.cat\/ies-santa-eulalia\/wp-content\/uploads\/usu1612\/2023\/02\/WhatsApp-Image-2023-02-06-at-15.01.29-1024x768.jpeg\" alt=\"\" width=\"1024\" height=\"768\" srcset=\"https:\/\/agora.xtec.cat\/ies-santa-eulalia\/wp-content\/uploads\/usu1612\/2023\/02\/WhatsApp-Image-2023-02-06-at-15.01.29-1024x768.jpeg 1024w, https:\/\/agora.xtec.cat\/ies-santa-eulalia\/wp-content\/uploads\/usu1612\/2023\/02\/WhatsApp-Image-2023-02-06-at-15.01.29-300x225.jpeg 300w, https:\/\/agora.xtec.cat\/ies-santa-eulalia\/wp-content\/uploads\/usu1612\/2023\/02\/WhatsApp-Image-2023-02-06-at-15.01.29-768x576.jpeg 768w, https:\/\/agora.xtec.cat\/ies-santa-eulalia\/wp-content\/uploads\/usu1612\/2023\/02\/WhatsApp-Image-2023-02-06-at-15.01.29-1536x1152.jpeg 1536w, https:\/\/agora.xtec.cat\/ies-santa-eulalia\/wp-content\/uploads\/usu1612\/2023\/02\/WhatsApp-Image-2023-02-06-at-15.01.29-200x150.jpeg 200w, https:\/\/agora.xtec.cat\/ies-santa-eulalia\/wp-content\/uploads\/usu1612\/2023\/02\/WhatsApp-Image-2023-02-06-at-15.01.29.jpeg 2016w\" sizes=\"auto, (max-width: 1024px) 100vw, 1024px\" \/><\/a> <a href=\"https:\/\/agora.xtec.cat\/ies-santa-eulalia\/wp-content\/uploads\/usu1612\/2023\/02\/WhatsApp-Image-2023-02-06-at-15.02.04.jpeg\"><img loading=\"lazy\" decoding=\"async\" class=\"alignnone size-large wp-image-9871\" src=\"https:\/\/agora.xtec.cat\/ies-santa-eulalia\/wp-content\/uploads\/usu1612\/2023\/02\/WhatsApp-Image-2023-02-06-at-15.02.04-1024x768.jpeg\" alt=\"\" width=\"1024\" height=\"768\" srcset=\"https:\/\/agora.xtec.cat\/ies-santa-eulalia\/wp-content\/uploads\/usu1612\/2023\/02\/WhatsApp-Image-2023-02-06-at-15.02.04-1024x768.jpeg 1024w, https:\/\/agora.xtec.cat\/ies-santa-eulalia\/wp-content\/uploads\/usu1612\/2023\/02\/WhatsApp-Image-2023-02-06-at-15.02.04-300x225.jpeg 300w, https:\/\/agora.xtec.cat\/ies-santa-eulalia\/wp-content\/uploads\/usu1612\/2023\/02\/WhatsApp-Image-2023-02-06-at-15.02.04-768x576.jpeg 768w, https:\/\/agora.xtec.cat\/ies-santa-eulalia\/wp-content\/uploads\/usu1612\/2023\/02\/WhatsApp-Image-2023-02-06-at-15.02.04-1536x1152.jpeg 1536w, https:\/\/agora.xtec.cat\/ies-santa-eulalia\/wp-content\/uploads\/usu1612\/2023\/02\/WhatsApp-Image-2023-02-06-at-15.02.04-200x150.jpeg 200w, https:\/\/agora.xtec.cat\/ies-santa-eulalia\/wp-content\/uploads\/usu1612\/2023\/02\/WhatsApp-Image-2023-02-06-at-15.02.04.jpeg 2016w\" sizes=\"auto, (max-width: 1024px) 100vw, 1024px\" \/><\/a> <a href=\"https:\/\/agora.xtec.cat\/ies-santa-eulalia\/wp-content\/uploads\/usu1612\/2023\/02\/WhatsApp-Image-2023-02-06-at-15.04.10.jpeg\"><img loading=\"lazy\" decoding=\"async\" class=\"alignnone size-large wp-image-9872\" src=\"https:\/\/agora.xtec.cat\/ies-santa-eulalia\/wp-content\/uploads\/usu1612\/2023\/02\/WhatsApp-Image-2023-02-06-at-15.04.10-1024x768.jpeg\" alt=\"\" width=\"1024\" height=\"768\" srcset=\"https:\/\/agora.xtec.cat\/ies-santa-eulalia\/wp-content\/uploads\/usu1612\/2023\/02\/WhatsApp-Image-2023-02-06-at-15.04.10-1024x768.jpeg 1024w, https:\/\/agora.xtec.cat\/ies-santa-eulalia\/wp-content\/uploads\/usu1612\/2023\/02\/WhatsApp-Image-2023-02-06-at-15.04.10-300x225.jpeg 300w, https:\/\/agora.xtec.cat\/ies-santa-eulalia\/wp-content\/uploads\/usu1612\/2023\/02\/WhatsApp-Image-2023-02-06-at-15.04.10-768x576.jpeg 768w, https:\/\/agora.xtec.cat\/ies-santa-eulalia\/wp-content\/uploads\/usu1612\/2023\/02\/WhatsApp-Image-2023-02-06-at-15.04.10-1536x1152.jpeg 1536w, https:\/\/agora.xtec.cat\/ies-santa-eulalia\/wp-content\/uploads\/usu1612\/2023\/02\/WhatsApp-Image-2023-02-06-at-15.04.10-200x150.jpeg 200w, https:\/\/agora.xtec.cat\/ies-santa-eulalia\/wp-content\/uploads\/usu1612\/2023\/02\/WhatsApp-Image-2023-02-06-at-15.04.10.jpeg 2016w\" sizes=\"auto, (max-width: 1024px) 100vw, 1024px\" \/><\/a><\/p>\n","protected":false},"excerpt":{"rendered":"<p>El passat dilluns dia 6 de febrer, els alumnes de 1r de Batxillerat Cient\u00edfic-Tecnol\u00f2gic van visitar la Facultat de Matem\u00e0tiques de la UB on van assistir a la confer\u00e8ncia &#8220;Aprendizaje autom\u00e1tico para la medicina: potenciales y riesgos&#8221; a c\u00e0rrec de la doctora Polyxeni Gkontra i&hellip;  <a href=\"https:\/\/agora.xtec.cat\/ies-santa-eulalia\/general\/xerrada-taller-a-la-facultat-de-matematiques\/\" title=\"Read Xerrada-Taller a la facultat de Matem\u00e0tiques\">Llegeix m\u00e9s\u00bb<\/a><\/p>\n","protected":false},"author":29,"featured_media":9869,"comment_status":"open","ping_status":"closed","sticky":false,"template":"","format":"standard","meta":{"_bbp_topic_count":0,"_bbp_reply_count":0,"_bbp_total_topic_count":0,"_bbp_total_reply_count":0,"_bbp_voice_count":0,"_bbp_anonymous_reply_count":0,"_bbp_topic_count_hidden":0,"_bbp_reply_count_hidden":0,"_bbp_forum_subforum_count":0,"footnotes":""},"categories":[140,8,1,29],"tags":[234,233,132,41],"class_list":["post-9868","post","type-post","status-publish","format-standard","has-post-thumbnail","hentry","category-novetats-matematiques","category-batxillerat","category-general","category-portada","tag-copem","tag-iseulalia","tag-1r-bat","tag-matematiques"],"post_mailing_queue_ids":[],"_links":{"self":[{"href":"https:\/\/agora.xtec.cat\/ies-santa-eulalia\/wp-json\/wp\/v2\/posts\/9868","targetHints":{"allow":["GET"]}}],"collection":[{"href":"https:\/\/agora.xtec.cat\/ies-santa-eulalia\/wp-json\/wp\/v2\/posts"}],"about":[{"href":"https:\/\/agora.xtec.cat\/ies-santa-eulalia\/wp-json\/wp\/v2\/types\/post"}],"author":[{"embeddable":true,"href":"https:\/\/agora.xtec.cat\/ies-santa-eulalia\/wp-json\/wp\/v2\/users\/29"}],"replies":[{"embeddable":true,"href":"https:\/\/agora.xtec.cat\/ies-santa-eulalia\/wp-json\/wp\/v2\/comments?post=9868"}],"version-history":[{"count":2,"href":"https:\/\/agora.xtec.cat\/ies-santa-eulalia\/wp-json\/wp\/v2\/posts\/9868\/revisions"}],"predecessor-version":[{"id":9874,"href":"https:\/\/agora.xtec.cat\/ies-santa-eulalia\/wp-json\/wp\/v2\/posts\/9868\/revisions\/9874"}],"wp:featuredmedia":[{"embeddable":true,"href":"https:\/\/agora.xtec.cat\/ies-santa-eulalia\/wp-json\/wp\/v2\/media\/9869"}],"wp:attachment":[{"href":"https:\/\/agora.xtec.cat\/ies-santa-eulalia\/wp-json\/wp\/v2\/media?parent=9868"}],"wp:term":[{"taxonomy":"category","embeddable":true,"href":"https:\/\/agora.xtec.cat\/ies-santa-eulalia\/wp-json\/wp\/v2\/categories?post=9868"},{"taxonomy":"post_tag","embeddable":true,"href":"https:\/\/agora.xtec.cat\/ies-santa-eulalia\/wp-json\/wp\/v2\/tags?post=9868"}],"curies":[{"name":"wp","href":"https:\/\/api.w.org\/{rel}","templated":true}]}}