{"id":9837,"date":"2023-02-04T17:51:41","date_gmt":"2023-02-04T16:51:41","guid":{"rendered":"https:\/\/agora.xtec.cat\/ies-santa-eulalia\/?p=9837"},"modified":"2023-02-11T10:09:59","modified_gmt":"2023-02-11T09:09:59","slug":"exposicio-fotografia-matematica","status":"publish","type":"post","link":"https:\/\/agora.xtec.cat\/ies-santa-eulalia\/general\/exposicio-fotografia-matematica\/","title":{"rendered":"Exposici\u00f3 fotografia matem\u00e0tica"},"content":{"rendered":"<p>Aquesta setmana, als passadissos de la planta baixa de l\u2019institut es pot gaudir d\u2019una exposici\u00f3 de fotografia matem\u00e0tica cedida per l&#8217;ABEAM (&#8220;Associaci\u00f3 de Barcelona per l&#8217;Ensenyament i l&#8217;Aprenentatge de les Matem\u00e0tiques &#8220;) on podem trobar un recull de moltes de les fotografies guanyadores del concurs de fotografia matem\u00e0tica del darrers anys. Amb aquestes fotografies podem veure les matem\u00e0tiques amb uns ulls diferents i observar la bellesa i la seva presencia al nostre entorn.\u00a0 Els alumnes ja han gaudit de l\u2019exposici\u00f3 acompanyants dels seus professors de matem\u00e0tiques.<\/p>\n<p>Us hi esperem a tots!<\/p>\n<p><a href=\"https:\/\/agora.xtec.cat\/ies-santa-eulalia\/wp-content\/uploads\/usu1612\/2023\/02\/Collage-1.png\"><img loading=\"lazy\" decoding=\"async\" class=\"alignnone wp-image-9842\" src=\"https:\/\/agora.xtec.cat\/ies-santa-eulalia\/wp-content\/uploads\/usu1612\/2023\/02\/Collage-1.png\" alt=\"\" width=\"576\" height=\"460\" srcset=\"https:\/\/agora.xtec.cat\/ies-santa-eulalia\/wp-content\/uploads\/usu1612\/2023\/02\/Collage-1.png 413w, https:\/\/agora.xtec.cat\/ies-santa-eulalia\/wp-content\/uploads\/usu1612\/2023\/02\/Collage-1-300x240.png 300w\" sizes=\"auto, (max-width: 576px) 100vw, 576px\" \/><\/a><\/p>\n<p>&nbsp;<\/p>\n","protected":false},"excerpt":{"rendered":"<p>Aquesta setmana, als passadissos de la planta baixa de l\u2019institut es pot gaudir d\u2019una exposici\u00f3 de fotografia matem\u00e0tica cedida per l&#8217;ABEAM (&#8220;Associaci\u00f3 de Barcelona per l&#8217;Ensenyament i l&#8217;Aprenentatge de les Matem\u00e0tiques &#8220;) on podem trobar un recull de moltes de les fotografies guanyadores del concurs&hellip;  <a href=\"https:\/\/agora.xtec.cat\/ies-santa-eulalia\/general\/exposicio-fotografia-matematica\/\" title=\"Read Exposici\u00f3 fotografia matem\u00e0tica\">Llegeix m\u00e9s\u00bb<\/a><\/p>\n","protected":false},"author":29,"featured_media":9839,"comment_status":"open","ping_status":"closed","sticky":false,"template":"","format":"standard","meta":{"_bbp_topic_count":0,"_bbp_reply_count":0,"_bbp_total_topic_count":0,"_bbp_total_reply_count":0,"_bbp_voice_count":0,"_bbp_anonymous_reply_count":0,"_bbp_topic_count_hidden":0,"_bbp_reply_count_hidden":0,"_bbp_forum_subforum_count":0,"footnotes":""},"categories":[140,1,29],"tags":[234,432,433,233,41],"class_list":["post-9837","post","type-post","status-publish","format-standard","has-post-thumbnail","hentry","category-novetats-matematiques","category-general","category-portada","tag-copem","tag-fotografiamatematica","tag-fotomatiques","tag-iseulalia","tag-matematiques"],"post_mailing_queue_ids":[],"_links":{"self":[{"href":"https:\/\/agora.xtec.cat\/ies-santa-eulalia\/wp-json\/wp\/v2\/posts\/9837","targetHints":{"allow":["GET"]}}],"collection":[{"href":"https:\/\/agora.xtec.cat\/ies-santa-eulalia\/wp-json\/wp\/v2\/posts"}],"about":[{"href":"https:\/\/agora.xtec.cat\/ies-santa-eulalia\/wp-json\/wp\/v2\/types\/post"}],"author":[{"embeddable":true,"href":"https:\/\/agora.xtec.cat\/ies-santa-eulalia\/wp-json\/wp\/v2\/users\/29"}],"replies":[{"embeddable":true,"href":"https:\/\/agora.xtec.cat\/ies-santa-eulalia\/wp-json\/wp\/v2\/comments?post=9837"}],"version-history":[{"count":3,"href":"https:\/\/agora.xtec.cat\/ies-santa-eulalia\/wp-json\/wp\/v2\/posts\/9837\/revisions"}],"predecessor-version":[{"id":9843,"href":"https:\/\/agora.xtec.cat\/ies-santa-eulalia\/wp-json\/wp\/v2\/posts\/9837\/revisions\/9843"}],"wp:featuredmedia":[{"embeddable":true,"href":"https:\/\/agora.xtec.cat\/ies-santa-eulalia\/wp-json\/wp\/v2\/media\/9839"}],"wp:attachment":[{"href":"https:\/\/agora.xtec.cat\/ies-santa-eulalia\/wp-json\/wp\/v2\/media?parent=9837"}],"wp:term":[{"taxonomy":"category","embeddable":true,"href":"https:\/\/agora.xtec.cat\/ies-santa-eulalia\/wp-json\/wp\/v2\/categories?post=9837"},{"taxonomy":"post_tag","embeddable":true,"href":"https:\/\/agora.xtec.cat\/ies-santa-eulalia\/wp-json\/wp\/v2\/tags?post=9837"}],"curies":[{"name":"wp","href":"https:\/\/api.w.org\/{rel}","templated":true}]}}