{"id":9832,"date":"2023-02-03T11:05:10","date_gmt":"2023-02-03T10:05:10","guid":{"rendered":"https:\/\/agora.xtec.cat\/ies-santa-eulalia\/?p=9832"},"modified":"2023-02-03T11:06:11","modified_gmt":"2023-02-03T10:06:11","slug":"la-placa-del-diamant","status":"publish","type":"post","link":"https:\/\/agora.xtec.cat\/ies-santa-eulalia\/general\/la-placa-del-diamant\/","title":{"rendered":"&#8220;La pla\u00e7a del Diamant&#8221;"},"content":{"rendered":"<p><a href=\"https:\/\/agora.xtec.cat\/ies-santa-eulalia\/wp-content\/uploads\/usu1612\/2023\/02\/image2.jpeg\"><img loading=\"lazy\" decoding=\"async\" class=\"alignnone size-large wp-image-9834\" src=\"https:\/\/agora.xtec.cat\/ies-santa-eulalia\/wp-content\/uploads\/usu1612\/2023\/02\/image2-1024x768.jpeg\" alt=\"\" width=\"1024\" height=\"768\" srcset=\"https:\/\/agora.xtec.cat\/ies-santa-eulalia\/wp-content\/uploads\/usu1612\/2023\/02\/image2-1024x768.jpeg 1024w, https:\/\/agora.xtec.cat\/ies-santa-eulalia\/wp-content\/uploads\/usu1612\/2023\/02\/image2-300x225.jpeg 300w, https:\/\/agora.xtec.cat\/ies-santa-eulalia\/wp-content\/uploads\/usu1612\/2023\/02\/image2-768x576.jpeg 768w, https:\/\/agora.xtec.cat\/ies-santa-eulalia\/wp-content\/uploads\/usu1612\/2023\/02\/image2-1536x1152.jpeg 1536w, https:\/\/agora.xtec.cat\/ies-santa-eulalia\/wp-content\/uploads\/usu1612\/2023\/02\/image2-200x150.jpeg 200w, https:\/\/agora.xtec.cat\/ies-santa-eulalia\/wp-content\/uploads\/usu1612\/2023\/02\/image2.jpeg 2016w\" sizes=\"auto, (max-width: 1024px) 100vw, 1024px\" \/><\/a><\/p>\n<p>Dijous 2 de febrer, els alumnes de 2n de Batxillerat van assistir al Sant Andreu Teatre (SAT!) per veure l&#8217;adaptaci\u00f3 teatral de\u00a0<em>La pla\u00e7a del Diamant<\/em><em>,\u00a0<\/em>de Merc\u00e8 Rodoreda, que \u00e9s lectura obligat\u00f2ria per a aquest curs i que sortir\u00e0 a l&#8217;examen de la selectivitat.<\/p>\n<p>L&#8217;obra, interpretada per nom\u00e9s dos actors, li han donat cos, forma, vida, a la hist\u00f2ria de la Nat\u00e0lia, la Colometa, i ha perm\u00e8s als alumnes endinsar-se una mica m\u00e9s en l&#8217;obra, recon\u00e8ixer-hi fragments, entendre millor passatges.<\/p>\n<p>Just despr\u00e9s de l&#8217;obra de teatre, han tingut l&#8217;oportunitat de fer un col\u00b7loqui amb els actors i la directora, amb qui han parlat del simbolisme de l&#8217;escenografia, dels personatges i de l&#8217;ofici d&#8217;actor.<\/p>\n<p>Sens dubte, ha sigut molt i molt interessant tota l&#8217;activitat.<\/p>\n<p>&nbsp;<\/p>\n<p>&nbsp;<\/p>\n<p><a href=\"https:\/\/agora.xtec.cat\/ies-santa-eulalia\/wp-content\/uploads\/usu1612\/2023\/02\/image1.jpeg\"><img loading=\"lazy\" decoding=\"async\" class=\"alignnone size-large wp-image-9833\" src=\"https:\/\/agora.xtec.cat\/ies-santa-eulalia\/wp-content\/uploads\/usu1612\/2023\/02\/image1-1024x768.jpeg\" alt=\"\" width=\"1024\" height=\"768\" srcset=\"https:\/\/agora.xtec.cat\/ies-santa-eulalia\/wp-content\/uploads\/usu1612\/2023\/02\/image1-1024x768.jpeg 1024w, https:\/\/agora.xtec.cat\/ies-santa-eulalia\/wp-content\/uploads\/usu1612\/2023\/02\/image1-300x225.jpeg 300w, https:\/\/agora.xtec.cat\/ies-santa-eulalia\/wp-content\/uploads\/usu1612\/2023\/02\/image1-768x576.jpeg 768w, https:\/\/agora.xtec.cat\/ies-santa-eulalia\/wp-content\/uploads\/usu1612\/2023\/02\/image1-1536x1152.jpeg 1536w, https:\/\/agora.xtec.cat\/ies-santa-eulalia\/wp-content\/uploads\/usu1612\/2023\/02\/image1-200x150.jpeg 200w, https:\/\/agora.xtec.cat\/ies-santa-eulalia\/wp-content\/uploads\/usu1612\/2023\/02\/image1.jpeg 2016w\" sizes=\"auto, (max-width: 1024px) 100vw, 1024px\" \/><\/a><\/p>\n","protected":false},"excerpt":{"rendered":"<p><a href=\"https:\/\/agora.xtec.cat\/ies-santa-eulalia\/wp-content\/uploads\/usu1612\/2023\/02\/image2.jpeg\"><\/a><br \/>\nDijous 2 de febrer, els alumnes de 2n de Batxillerat van assistir al Sant Andreu Teatre (SAT!) per veure l&#8217;adaptaci\u00f3 teatral de\u00a0La pla\u00e7a del Diamant,\u00a0de Merc\u00e8 Rodoreda, que \u00e9s lectura obligat\u00f2ria per a aquest curs i que sortir\u00e0 a l&#8217;examen de la selectivitat.<br \/>\nL&#8217;obra, interpretada&hellip;  <a href=\"https:\/\/agora.xtec.cat\/ies-santa-eulalia\/general\/la-placa-del-diamant\/\" title=\"Read &#8220;La pla\u00e7a del Diamant&#8221;\">Llegeix m\u00e9s\u00bb<\/a><\/p>\n","protected":false},"author":76,"featured_media":0,"comment_status":"open","ping_status":"closed","sticky":false,"template":"","format":"standard","meta":{"_bbp_topic_count":0,"_bbp_reply_count":0,"_bbp_total_topic_count":0,"_bbp_total_reply_count":0,"_bbp_voice_count":0,"_bbp_anonymous_reply_count":0,"_bbp_topic_count_hidden":0,"_bbp_reply_count_hidden":0,"_bbp_forum_subforum_count":0,"footnotes":""},"categories":[174,136,8,1,29],"tags":[430,431,429,40],"class_list":["post-9832","post","type-post","status-publish","format-standard","hentry","category-2n-batxillerat","category-novetats-catala","category-batxillerat","category-general","category-portada","tag-2n-batxillerat","tag-catala","tag-la-placa-del-diamant","tag-teatre"],"post_mailing_queue_ids":[],"_links":{"self":[{"href":"https:\/\/agora.xtec.cat\/ies-santa-eulalia\/wp-json\/wp\/v2\/posts\/9832","targetHints":{"allow":["GET"]}}],"collection":[{"href":"https:\/\/agora.xtec.cat\/ies-santa-eulalia\/wp-json\/wp\/v2\/posts"}],"about":[{"href":"https:\/\/agora.xtec.cat\/ies-santa-eulalia\/wp-json\/wp\/v2\/types\/post"}],"author":[{"embeddable":true,"href":"https:\/\/agora.xtec.cat\/ies-santa-eulalia\/wp-json\/wp\/v2\/users\/76"}],"replies":[{"embeddable":true,"href":"https:\/\/agora.xtec.cat\/ies-santa-eulalia\/wp-json\/wp\/v2\/comments?post=9832"}],"version-history":[{"count":2,"href":"https:\/\/agora.xtec.cat\/ies-santa-eulalia\/wp-json\/wp\/v2\/posts\/9832\/revisions"}],"predecessor-version":[{"id":9836,"href":"https:\/\/agora.xtec.cat\/ies-santa-eulalia\/wp-json\/wp\/v2\/posts\/9832\/revisions\/9836"}],"wp:attachment":[{"href":"https:\/\/agora.xtec.cat\/ies-santa-eulalia\/wp-json\/wp\/v2\/media?parent=9832"}],"wp:term":[{"taxonomy":"category","embeddable":true,"href":"https:\/\/agora.xtec.cat\/ies-santa-eulalia\/wp-json\/wp\/v2\/categories?post=9832"},{"taxonomy":"post_tag","embeddable":true,"href":"https:\/\/agora.xtec.cat\/ies-santa-eulalia\/wp-json\/wp\/v2\/tags?post=9832"}],"curies":[{"name":"wp","href":"https:\/\/api.w.org\/{rel}","templated":true}]}}