{"id":9801,"date":"2023-01-26T11:55:04","date_gmt":"2023-01-26T10:55:04","guid":{"rendered":"https:\/\/agora.xtec.cat\/ies-santa-eulalia\/?p=9801"},"modified":"2023-01-26T11:59:00","modified_gmt":"2023-01-26T10:59:00","slug":"mostra-destudis-i-professions-3","status":"publish","type":"post","link":"https:\/\/agora.xtec.cat\/ies-santa-eulalia\/general\/mostra-destudis-i-professions-3\/","title":{"rendered":"Mostra d&#8217;estudis i professions"},"content":{"rendered":"<p>Com cada curs, els nostres alumnes de 4t d\u2019ESO han assistit a la Mostra d\u2019estudis i professions, que organitza l\u2019oficina Jove de l\u2019Hospitalet de Llobregat.<\/p>\n<p>A la mostra han participat en dos tallers d\u2019orientaci\u00f3 laboral, que els ajudaran a prendre una decisi\u00f3 encertada en relaci\u00f3 amb el seu futur.<a href=\"https:\/\/agora.xtec.cat\/ies-santa-eulalia\/wp-content\/uploads\/usu1612\/2023\/01\/IMG_20230124_152527-1-scaled.jpg\"><img loading=\"lazy\" decoding=\"async\" src=\"https:\/\/agora.xtec.cat\/ies-santa-eulalia\/wp-content\/uploads\/usu1612\/2023\/01\/IMG_20230124_152527-1-1024x753.jpg\" alt=\"\" width=\"1024\" height=\"753\" class=\"alignleft size-large wp-image-9802\" srcset=\"https:\/\/agora.xtec.cat\/ies-santa-eulalia\/wp-content\/uploads\/usu1612\/2023\/01\/IMG_20230124_152527-1-1024x753.jpg 1024w, https:\/\/agora.xtec.cat\/ies-santa-eulalia\/wp-content\/uploads\/usu1612\/2023\/01\/IMG_20230124_152527-1-300x221.jpg 300w, https:\/\/agora.xtec.cat\/ies-santa-eulalia\/wp-content\/uploads\/usu1612\/2023\/01\/IMG_20230124_152527-1-768x565.jpg 768w, https:\/\/agora.xtec.cat\/ies-santa-eulalia\/wp-content\/uploads\/usu1612\/2023\/01\/IMG_20230124_152527-1-1536x1130.jpg 1536w, https:\/\/agora.xtec.cat\/ies-santa-eulalia\/wp-content\/uploads\/usu1612\/2023\/01\/IMG_20230124_152527-1-2048x1506.jpg 2048w\" sizes=\"auto, (max-width: 1024px) 100vw, 1024px\" \/><\/a><\/p>\n","protected":false},"excerpt":{"rendered":"<p>Com cada curs, els nostres alumnes de 4t d\u2019ESO han assistit a la Mostra d\u2019estudis i professions, que organitza l\u2019oficina Jove de l\u2019Hospitalet de Llobregat.<br \/>\nA la mostra han participat en dos tallers d\u2019orientaci\u00f3 laboral, que els ajudaran a prendre una decisi\u00f3 encertada en relaci\u00f3 amb&hellip;  <a href=\"https:\/\/agora.xtec.cat\/ies-santa-eulalia\/general\/mostra-destudis-i-professions-3\/\" title=\"Read Mostra d&#8217;estudis i professions\">Llegeix m\u00e9s\u00bb<\/a><\/p>\n","protected":false},"author":98,"featured_media":0,"comment_status":"closed","ping_status":"closed","sticky":false,"template":"","format":"standard","meta":{"_bbp_topic_count":0,"_bbp_reply_count":0,"_bbp_total_topic_count":0,"_bbp_total_reply_count":0,"_bbp_voice_count":0,"_bbp_anonymous_reply_count":0,"_bbp_topic_count_hidden":0,"_bbp_reply_count_hidden":0,"_bbp_forum_subforum_count":0,"footnotes":""},"categories":[7,1,29],"tags":[],"class_list":["post-9801","post","type-post","status-publish","format-standard","hentry","category-eso-4","category-general","category-portada"],"post_mailing_queue_ids":[],"_links":{"self":[{"href":"https:\/\/agora.xtec.cat\/ies-santa-eulalia\/wp-json\/wp\/v2\/posts\/9801","targetHints":{"allow":["GET"]}}],"collection":[{"href":"https:\/\/agora.xtec.cat\/ies-santa-eulalia\/wp-json\/wp\/v2\/posts"}],"about":[{"href":"https:\/\/agora.xtec.cat\/ies-santa-eulalia\/wp-json\/wp\/v2\/types\/post"}],"author":[{"embeddable":true,"href":"https:\/\/agora.xtec.cat\/ies-santa-eulalia\/wp-json\/wp\/v2\/users\/98"}],"replies":[{"embeddable":true,"href":"https:\/\/agora.xtec.cat\/ies-santa-eulalia\/wp-json\/wp\/v2\/comments?post=9801"}],"version-history":[{"count":1,"href":"https:\/\/agora.xtec.cat\/ies-santa-eulalia\/wp-json\/wp\/v2\/posts\/9801\/revisions"}],"predecessor-version":[{"id":9803,"href":"https:\/\/agora.xtec.cat\/ies-santa-eulalia\/wp-json\/wp\/v2\/posts\/9801\/revisions\/9803"}],"wp:attachment":[{"href":"https:\/\/agora.xtec.cat\/ies-santa-eulalia\/wp-json\/wp\/v2\/media?parent=9801"}],"wp:term":[{"taxonomy":"category","embeddable":true,"href":"https:\/\/agora.xtec.cat\/ies-santa-eulalia\/wp-json\/wp\/v2\/categories?post=9801"},{"taxonomy":"post_tag","embeddable":true,"href":"https:\/\/agora.xtec.cat\/ies-santa-eulalia\/wp-json\/wp\/v2\/tags?post=9801"}],"curies":[{"name":"wp","href":"https:\/\/api.w.org\/{rel}","templated":true}]}}