{"id":9794,"date":"2023-01-24T19:22:30","date_gmt":"2023-01-24T18:22:30","guid":{"rendered":"https:\/\/agora.xtec.cat\/ies-santa-eulalia\/?p=9794"},"modified":"2023-01-24T19:22:30","modified_gmt":"2023-01-24T18:22:30","slug":"sortida-cosmocaixa-2neso-c-i-d","status":"publish","type":"post","link":"https:\/\/agora.xtec.cat\/ies-santa-eulalia\/eso\/eso-2\/sortida-cosmocaixa-2neso-c-i-d\/","title":{"rendered":"Sortida Cosmocaixa 2nESO C i D"},"content":{"rendered":"<p><span style=\"font-family: Arial, sans-serif\"><span style=\"font-size: medium\">Aquest mat\u00ed<\/span><\/span><span style=\"font-family: Arial, sans-serif\"><span style=\"font-size: medium\"> hem fet una sortida al Cosmocaixa <\/span><\/span><span style=\"font-family: Arial, sans-serif\"><span style=\"font-size: medium\">amb <\/span><\/span><span style=\"font-family: Arial, sans-serif\"><span style=\"font-size: medium\">els grups <\/span><\/span><span style=\"font-family: Arial, sans-serif\"><span style=\"font-size: medium\">de<\/span><\/span><span style=\"font-family: Arial, sans-serif\"><span style=\"font-size: medium\"> 2n <\/span><\/span><span style=\"font-family: Arial, sans-serif\"><span style=\"font-size: medium\">ESO C i <\/span><\/span><span style=\"font-family: Arial, sans-serif\"><span style=\"font-size: medium\">D. <\/span><\/span><span style=\"font-family: Arial, sans-serif\"><span style=\"font-size: medium\">A m\u00e9s de visitar el Museu, hem fet un taller molt interessant sobre la pressi\u00f3 atmosf\u00e8rica. <\/span><\/span><span style=\"font-family: Arial, sans-serif\"><span style=\"font-size: medium\">Els alumnes<\/span><\/span><span style=\"font-family: Arial, sans-serif\"><span style=\"font-size: medium\"> h<\/span><\/span><span style=\"font-family: Arial, sans-serif\"><span style=\"font-size: medium\">an<\/span><\/span><span style=\"font-family: Arial, sans-serif\"><span style=\"font-size: medium\"> col\u00b7laborat en la realitzaci\u00f3 <\/span><\/span><span style=\"font-family: Arial, sans-serif\"><span style=\"font-size: medium\">dels<\/span><\/span><span style=\"font-family: Arial, sans-serif\"><span style=\"font-size: medium\"> experiments. <\/span><\/span><span style=\"font-family: Arial, sans-serif\"><span style=\"font-size: medium\">Fins i tot, <\/span><\/span><span style=\"font-family: Arial, sans-serif\"><span style=\"font-size: medium\">una persona<\/span><\/span><span style=\"font-family: Arial, sans-serif\"><span style=\"font-size: medium\"> s\u2019ha atrevit a estirar-se en un llit de faquir. N\u2019han apr\u00e8s molt <\/span><\/span><span style=\"font-family: Arial, sans-serif\"><span style=\"font-size: medium\">i<\/span><\/span><span style=\"font-family: Arial, sans-serif\"><span style=\"font-size: medium\"> e<\/span><\/span><span style=\"font-family: Arial, sans-serif\"><span style=\"font-size: medium\">ns ho hem passat molt b\u00e9.<\/span><\/span><\/p>\n","protected":false},"excerpt":{"rendered":"<p>Aquest mat\u00ed hem fet una sortida al Cosmocaixa amb els grups de 2n ESO C i D. A m\u00e9s de visitar el Museu, hem fet un taller molt interessant sobre la pressi\u00f3 atmosf\u00e8rica. Els alumnes han col\u00b7laborat en la realitzaci\u00f3 dels experiments. Fins i tot,&hellip;  <a href=\"https:\/\/agora.xtec.cat\/ies-santa-eulalia\/eso\/eso-2\/sortida-cosmocaixa-2neso-c-i-d\/\" title=\"Read Sortida Cosmocaixa 2nESO C i D\">Llegeix m\u00e9s\u00bb<\/a><\/p>\n","protected":false},"author":106,"featured_media":9795,"comment_status":"open","ping_status":"closed","sticky":false,"template":"","format":"standard","meta":{"_bbp_topic_count":0,"_bbp_reply_count":0,"_bbp_total_topic_count":0,"_bbp_total_reply_count":0,"_bbp_voice_count":0,"_bbp_anonymous_reply_count":0,"_bbp_topic_count_hidden":0,"_bbp_reply_count_hidden":0,"_bbp_forum_subforum_count":0,"footnotes":""},"categories":[145,5,29],"tags":[],"class_list":["post-9794","post","type-post","status-publish","format-standard","has-post-thumbnail","hentry","category-novetats-fisica-i-quimica","category-eso-2","category-portada"],"post_mailing_queue_ids":[],"_links":{"self":[{"href":"https:\/\/agora.xtec.cat\/ies-santa-eulalia\/wp-json\/wp\/v2\/posts\/9794","targetHints":{"allow":["GET"]}}],"collection":[{"href":"https:\/\/agora.xtec.cat\/ies-santa-eulalia\/wp-json\/wp\/v2\/posts"}],"about":[{"href":"https:\/\/agora.xtec.cat\/ies-santa-eulalia\/wp-json\/wp\/v2\/types\/post"}],"author":[{"embeddable":true,"href":"https:\/\/agora.xtec.cat\/ies-santa-eulalia\/wp-json\/wp\/v2\/users\/106"}],"replies":[{"embeddable":true,"href":"https:\/\/agora.xtec.cat\/ies-santa-eulalia\/wp-json\/wp\/v2\/comments?post=9794"}],"version-history":[{"count":1,"href":"https:\/\/agora.xtec.cat\/ies-santa-eulalia\/wp-json\/wp\/v2\/posts\/9794\/revisions"}],"predecessor-version":[{"id":9796,"href":"https:\/\/agora.xtec.cat\/ies-santa-eulalia\/wp-json\/wp\/v2\/posts\/9794\/revisions\/9796"}],"wp:featuredmedia":[{"embeddable":true,"href":"https:\/\/agora.xtec.cat\/ies-santa-eulalia\/wp-json\/wp\/v2\/media\/9795"}],"wp:attachment":[{"href":"https:\/\/agora.xtec.cat\/ies-santa-eulalia\/wp-json\/wp\/v2\/media?parent=9794"}],"wp:term":[{"taxonomy":"category","embeddable":true,"href":"https:\/\/agora.xtec.cat\/ies-santa-eulalia\/wp-json\/wp\/v2\/categories?post=9794"},{"taxonomy":"post_tag","embeddable":true,"href":"https:\/\/agora.xtec.cat\/ies-santa-eulalia\/wp-json\/wp\/v2\/tags?post=9794"}],"curies":[{"name":"wp","href":"https:\/\/api.w.org\/{rel}","templated":true}]}}