{"id":9613,"date":"2022-12-02T14:33:28","date_gmt":"2022-12-02T13:33:28","guid":{"rendered":"https:\/\/agora.xtec.cat\/ies-santa-eulalia\/?p=9613"},"modified":"2022-12-02T14:35:13","modified_gmt":"2022-12-02T13:35:13","slug":"visita-al-museu-de-la-immigracio-de-catalunya","status":"publish","type":"post","link":"https:\/\/agora.xtec.cat\/ies-santa-eulalia\/general\/visita-al-museu-de-la-immigracio-de-catalunya\/","title":{"rendered":"Visita al Museu de la Immigraci\u00f3 de Catalunya"},"content":{"rendered":"<p>Els grups de 3r. d&#8217;ESO han anat a Sant Adri\u00e0 del Bes\u00f2s per visitar el Museu de la Immigraci\u00f3 de Catalunya, all\u00ed han tingut l&#8217;oportunitat d&#8217;aprofundir en el tema de les migracions treballat a l&#8217;aula i de pujar dalt d&#8217;un vag\u00f3 del tren anomenat el <em>Sevillano<\/em> que va portar a Catalunya bona part del flux migratori provinent d&#8217;Andalusia als anys seixanta del segle passat. Enlla\u00e7 a m\u00e9s <a href=\"https:\/\/photos.google.com\/share\/AF1QipN1Lp4KB5QYuiR7UtpiFS-FnqqkH14XcFDVvUaZTW7ZzN38-eNzTSwFtsj6s-jZXA\/photo\/AF1QipOgGOgqKRrHC29Rcgj10UKU1X_pn79x_RR6uLMD?key=NlVvVExWdVRLeV83U05GeG10Y2NYU3AxLVVOcVBn\">fotografies<\/a>.<\/p>\n","protected":false},"excerpt":{"rendered":"<p>Els grups de 3r. d&#8217;ESO han anat a Sant Adri\u00e0 del Bes\u00f2s per visitar el Museu de la Immigraci\u00f3 de Catalunya, all\u00ed han tingut l&#8217;oportunitat d&#8217;aprofundir en el tema de les migracions treballat a l&#8217;aula i de pujar dalt d&#8217;un vag\u00f3 del tren anomenat el&hellip;  <a href=\"https:\/\/agora.xtec.cat\/ies-santa-eulalia\/general\/visita-al-museu-de-la-immigracio-de-catalunya\/\" title=\"Read Visita al Museu de la Immigraci\u00f3 de Catalunya\">Llegeix m\u00e9s\u00bb<\/a><\/p>\n","protected":false},"author":18,"featured_media":9616,"comment_status":"open","ping_status":"closed","sticky":false,"template":"","format":"standard","meta":{"_bbp_topic_count":0,"_bbp_reply_count":0,"_bbp_total_topic_count":0,"_bbp_total_reply_count":0,"_bbp_voice_count":0,"_bbp_anonymous_reply_count":0,"_bbp_topic_count_hidden":0,"_bbp_reply_count_hidden":0,"_bbp_forum_subforum_count":0,"footnotes":""},"categories":[147,6,1,29],"tags":[],"class_list":["post-9613","post","type-post","status-publish","format-standard","has-post-thumbnail","hentry","category-novetats-geografia-i-historia","category-eso-3","category-general","category-portada"],"post_mailing_queue_ids":[],"_links":{"self":[{"href":"https:\/\/agora.xtec.cat\/ies-santa-eulalia\/wp-json\/wp\/v2\/posts\/9613","targetHints":{"allow":["GET"]}}],"collection":[{"href":"https:\/\/agora.xtec.cat\/ies-santa-eulalia\/wp-json\/wp\/v2\/posts"}],"about":[{"href":"https:\/\/agora.xtec.cat\/ies-santa-eulalia\/wp-json\/wp\/v2\/types\/post"}],"author":[{"embeddable":true,"href":"https:\/\/agora.xtec.cat\/ies-santa-eulalia\/wp-json\/wp\/v2\/users\/18"}],"replies":[{"embeddable":true,"href":"https:\/\/agora.xtec.cat\/ies-santa-eulalia\/wp-json\/wp\/v2\/comments?post=9613"}],"version-history":[{"count":3,"href":"https:\/\/agora.xtec.cat\/ies-santa-eulalia\/wp-json\/wp\/v2\/posts\/9613\/revisions"}],"predecessor-version":[{"id":9617,"href":"https:\/\/agora.xtec.cat\/ies-santa-eulalia\/wp-json\/wp\/v2\/posts\/9613\/revisions\/9617"}],"wp:featuredmedia":[{"embeddable":true,"href":"https:\/\/agora.xtec.cat\/ies-santa-eulalia\/wp-json\/wp\/v2\/media\/9616"}],"wp:attachment":[{"href":"https:\/\/agora.xtec.cat\/ies-santa-eulalia\/wp-json\/wp\/v2\/media?parent=9613"}],"wp:term":[{"taxonomy":"category","embeddable":true,"href":"https:\/\/agora.xtec.cat\/ies-santa-eulalia\/wp-json\/wp\/v2\/categories?post=9613"},{"taxonomy":"post_tag","embeddable":true,"href":"https:\/\/agora.xtec.cat\/ies-santa-eulalia\/wp-json\/wp\/v2\/tags?post=9613"}],"curies":[{"name":"wp","href":"https:\/\/api.w.org\/{rel}","templated":true}]}}