{"id":9573,"date":"2022-11-24T19:21:09","date_gmt":"2022-11-24T18:21:09","guid":{"rendered":"https:\/\/agora.xtec.cat\/ies-santa-eulalia\/?p=9573"},"modified":"2022-11-24T19:29:58","modified_gmt":"2022-11-24T18:29:58","slug":"coeducacio","status":"publish","type":"post","link":"https:\/\/agora.xtec.cat\/ies-santa-eulalia\/general\/coeducacio\/","title":{"rendered":"25N Dia internacional per l&#8217;erradicaci\u00f3 de la viol\u00e8ncia vers les dones"},"content":{"rendered":"<p>Com cada any, el nostre institut es vesteix de violeta. Des de dilluns passat l&#8217;alumnat de 3r ha explicat als de 1r la import\u00e0ncia de recon\u00e8ixer aquest tipus de viol\u00e8ncies, per a que el missatge arribes han fet servir un role play. <\/p>\n<p>Tamb\u00e9 hem celebrat el 1r concurs de curtmetratges contra la viol\u00e8ncia, moltes gr\u00e0cies a tothom per la vostra participaci\u00f3, ja tenim els tres v\u00eddeos finalistes i dem\u00e0 publicarem el nom del guanyador, quins nervis! <\/p>\n<p>Durant aquesta setmana el nostre timbre musical marca l&#8217;inici de classe al ritme de can\u00e7ons contra la viol\u00e8ncia vers les dones.<br \/>\nAqu\u00ed us deixem una petita mostra.<\/p>\n<p>La porta violeta de Rozal\u00e9n<br \/>\nAquesta can\u00e7\u00f3 \u00e9s un himne d&#8217;esperan\u00e7a per a les dones maltractades, que han de trobar la seva porta violeta, a l&#8217;altre costat hi ha gent disposada ajudar-les a sortir de la seva pres\u00f3.<br \/>\n <iframe loading=\"lazy\" title=\"Rozal\u00e9n - La Puerta Violeta\" width=\"500\" height=\"281\" src=\"https:\/\/www.youtube.com\/embed\/gYyKuLV8A_c?feature=oembed\" frameborder=\"0\" allow=\"accelerometer; autoplay; clipboard-write; encrypted-media; gyroscope; picture-in-picture; web-share\" referrerpolicy=\"strict-origin-when-cross-origin\" allowfullscreen><\/iframe><br \/>\nThe man-Taylor Swift<br \/>\nAl videoclip d&#8217;aquesta can\u00e7\u00f3, Taylor Swift es converteix en un home per fer una cr\u00edtica al masclisme, presentant rolls estereotipats masculins.<br \/>\n<iframe loading=\"lazy\" title=\"Taylor Swift - The Man (Official Video)\" width=\"500\" height=\"281\" src=\"https:\/\/www.youtube.com\/embed\/AqAJLh9wuZ0?feature=oembed\" frameborder=\"0\" allow=\"accelerometer; autoplay; clipboard-write; encrypted-media; gyroscope; picture-in-picture; web-share\" referrerpolicy=\"strict-origin-when-cross-origin\" allowfullscreen><\/iframe><br \/>\nI tu, sols tu- El diluvi<br \/>\n&#8220;Far\u00e0s vibrar cinc continents&#8221; o &#8220;No deixar\u00e0s que ning\u00fa t&#8217;aturi mai&#8221; s\u00f3n alguns dels missatges reivindicatius que cont\u00e9 aquest tema del grup valenc\u00e0.<br \/>\n<iframe loading=\"lazy\" title=\"el Diluvi - I tu, sols tu (Videoclip Oficial)\" width=\"500\" height=\"281\" src=\"https:\/\/www.youtube.com\/embed\/YDafHsyyTNk?feature=oembed\" frameborder=\"0\" allow=\"accelerometer; autoplay; clipboard-write; encrypted-media; gyroscope; picture-in-picture; web-share\" referrerpolicy=\"strict-origin-when-cross-origin\" allowfullscreen><\/iframe><\/p>\n","protected":false},"excerpt":{"rendered":"<p>Com cada any, el nostre institut es vesteix de violeta. Des de dilluns passat l&#8217;alumnat de 3r ha explicat als de 1r la import\u00e0ncia de recon\u00e8ixer aquest tipus de viol\u00e8ncies, per a que el missatge arribes han fet servir un role play.<br \/>\nTamb\u00e9 hem celebrat&hellip;  <a href=\"https:\/\/agora.xtec.cat\/ies-santa-eulalia\/general\/coeducacio\/\" title=\"Read 25N Dia internacional per l&#8217;erradicaci\u00f3 de la viol\u00e8ncia vers les dones\">Llegeix m\u00e9s\u00bb<\/a><\/p>\n","protected":false},"author":98,"featured_media":9579,"comment_status":"closed","ping_status":"closed","sticky":false,"template":"","format":"standard","meta":{"_bbp_topic_count":0,"_bbp_reply_count":0,"_bbp_total_topic_count":0,"_bbp_total_reply_count":0,"_bbp_voice_count":0,"_bbp_anonymous_reply_count":0,"_bbp_topic_count_hidden":0,"_bbp_reply_count_hidden":0,"_bbp_forum_subforum_count":0,"footnotes":""},"categories":[1,29],"tags":[],"class_list":["post-9573","post","type-post","status-publish","format-standard","has-post-thumbnail","hentry","category-general","category-portada"],"post_mailing_queue_ids":[],"_links":{"self":[{"href":"https:\/\/agora.xtec.cat\/ies-santa-eulalia\/wp-json\/wp\/v2\/posts\/9573","targetHints":{"allow":["GET"]}}],"collection":[{"href":"https:\/\/agora.xtec.cat\/ies-santa-eulalia\/wp-json\/wp\/v2\/posts"}],"about":[{"href":"https:\/\/agora.xtec.cat\/ies-santa-eulalia\/wp-json\/wp\/v2\/types\/post"}],"author":[{"embeddable":true,"href":"https:\/\/agora.xtec.cat\/ies-santa-eulalia\/wp-json\/wp\/v2\/users\/98"}],"replies":[{"embeddable":true,"href":"https:\/\/agora.xtec.cat\/ies-santa-eulalia\/wp-json\/wp\/v2\/comments?post=9573"}],"version-history":[{"count":3,"href":"https:\/\/agora.xtec.cat\/ies-santa-eulalia\/wp-json\/wp\/v2\/posts\/9573\/revisions"}],"predecessor-version":[{"id":9577,"href":"https:\/\/agora.xtec.cat\/ies-santa-eulalia\/wp-json\/wp\/v2\/posts\/9573\/revisions\/9577"}],"wp:featuredmedia":[{"embeddable":true,"href":"https:\/\/agora.xtec.cat\/ies-santa-eulalia\/wp-json\/wp\/v2\/media\/9579"}],"wp:attachment":[{"href":"https:\/\/agora.xtec.cat\/ies-santa-eulalia\/wp-json\/wp\/v2\/media?parent=9573"}],"wp:term":[{"taxonomy":"category","embeddable":true,"href":"https:\/\/agora.xtec.cat\/ies-santa-eulalia\/wp-json\/wp\/v2\/categories?post=9573"},{"taxonomy":"post_tag","embeddable":true,"href":"https:\/\/agora.xtec.cat\/ies-santa-eulalia\/wp-json\/wp\/v2\/tags?post=9573"}],"curies":[{"name":"wp","href":"https:\/\/api.w.org\/{rel}","templated":true}]}}