{"id":9559,"date":"2022-11-18T13:21:36","date_gmt":"2022-11-18T12:21:36","guid":{"rendered":"https:\/\/agora.xtec.cat\/ies-santa-eulalia\/?p=9559"},"modified":"2023-01-26T11:06:35","modified_gmt":"2023-01-26T10:06:35","slug":"radio-copem","status":"publish","type":"post","link":"https:\/\/agora.xtec.cat\/ies-santa-eulalia\/eso\/eso-2\/radio-copem\/","title":{"rendered":"R\u00e0dio COPEM"},"content":{"rendered":"<p style=\"text-align: center;\"><img loading=\"lazy\" decoding=\"async\" class=\"size-medium wp-image-9558\" src=\"https:\/\/agora.xtec.cat\/ies-santa-eulalia\/wp-content\/uploads\/usu1612\/2022\/11\/podcast-1-300x300.jpg\" alt=\"\" width=\"300\" height=\"300\" srcset=\"https:\/\/agora.xtec.cat\/ies-santa-eulalia\/wp-content\/uploads\/usu1612\/2022\/11\/podcast-1-300x300.jpg 300w, https:\/\/agora.xtec.cat\/ies-santa-eulalia\/wp-content\/uploads\/usu1612\/2022\/11\/podcast-1-150x150.jpg 150w, https:\/\/agora.xtec.cat\/ies-santa-eulalia\/wp-content\/uploads\/usu1612\/2022\/11\/podcast-1.jpg 756w\" sizes=\"auto, (max-width: 300px) 100vw, 300px\" \/><\/p>\n<p>A l&#8217;Institut Santa Eul\u00e0lia, a segon de l&#8217;ESO, es fa una optativa que es diu &#8220;Fem r\u00e0dio&#8221; on fem programes de r\u00e0dio per escoltar a l&#8217;institut.<\/p>\n<p>&nbsp;<\/p>\n<p>Properament, us anirem enlla\u00e7ant els programes que anem fent i els podreu trobar aqu\u00ed. Esperem que gaudiu d&#8217;aquests enregistraments, tant com ho hem fet nosaltres!<\/p>\n<p><a href=\"https:\/\/drive.google.com\/file\/d\/1OOcUnpcrqnaqQM7otlkYrgoY2WBG3-cI\/view?usp=share_link\">Presentaci\u00f3 i recomanaci\u00f3 llibre<\/a><\/p>\n<p><a href=\"https:\/\/drive.google.com\/file\/d\/1qUA4WI3rBhZln_TMWtPmxRG9Vyl3a4Vk\/view?usp=share_link\">Not\u00edcies<\/a><\/p>\n<p><a href=\"https:\/\/drive.google.com\/file\/d\/1rYIW3JLrGDNzirBoqfUlVuYRnzTJtjWu\/view?usp=share_link\">Nataci\u00f3 i surf<\/a><\/p>\n<p><a href=\"https:\/\/drive.google.com\/file\/d\/1OUaMIlR6ci-049gRQ7sL0NTsJ1Co2xSf\/view?usp=share_link\">M\u00fasica i gimn\u00e0stica art\u00edstica<\/a><\/p>\n<p><a href=\"https:\/\/drive.google.com\/file\/d\/1m40iSfOi-r4Jp7LjWb3lTs7yD4Blw-ul\/view?usp=share_link\">Mundial futbol<\/a><\/p>\n<p><a href=\"https:\/\/drive.google.com\/file\/d\/1b2VoPESqWF7LH-ky7_JSRbHRszywfc5o\/view?usp=share_link\">La guerra civil al Iemen<\/a><\/p>\n<p><a href=\"https:\/\/drive.google.com\/file\/d\/1vMatQaoS24l-OptFyNXeFT6DyioHYjE8\/view?usp=share_link\">Entrevista infermera<\/a><\/p>\n<p><a href=\"https:\/\/drive.google.com\/file\/d\/18P2cZaaAhRqJosJlwsZiRbAcQPs96cPq\/view?usp=share_link\">Entrevista esportista Institut<\/a><\/p>\n<p><a href=\"https:\/\/drive.google.com\/file\/d\/1dzaS0-fSVIX2g2m15C_Apq6591Hgowzh\/view?usp=share_link\">El professor del mes<\/a><\/p>\n<p><a href=\"https:\/\/drive.google.com\/file\/d\/1WTQ2OJgY1UOY1lPi85yqiWh6go96Ntk2\/view?usp=share_link\">El b\u00e0squet<\/a><\/p>\n<p><a href=\"https:\/\/drive.google.com\/file\/d\/1g9p-Jz7RT6Demk4tJ_ZiUB1AtzBXF6s0\/view?usp=share_link\">Debat<\/a><\/p>\n<p><a href=\"https:\/\/drive.google.com\/file\/d\/1Q3d0nSq9L9W_QfWEzftoMrsc8PfPqXZ_\/view?usp=share_link\">Condicions treballadors Mundial<\/a><\/p>\n","protected":false},"excerpt":{"rendered":"<p>A l&#8217;Institut Santa Eul\u00e0lia, a segon de l&#8217;ESO, es fa una optativa que es diu &#8220;Fem r\u00e0dio&#8221; on fem programes de r\u00e0dio per escoltar a l&#8217;institut.<br \/>\n&nbsp;<br \/>\nProperament, us anirem enlla\u00e7ant els programes que anem fent i els podreu trobar aqu\u00ed. Esperem que gaudiu d&#8217;aquests enregistraments, tant&hellip;  <a href=\"https:\/\/agora.xtec.cat\/ies-santa-eulalia\/eso\/eso-2\/radio-copem\/\" title=\"Read R\u00e0dio COPEM\">Llegeix m\u00e9s\u00bb<\/a><\/p>\n","protected":false},"author":1,"featured_media":9558,"comment_status":"open","ping_status":"closed","sticky":false,"template":"","format":"standard","meta":{"_bbp_topic_count":0,"_bbp_reply_count":0,"_bbp_total_topic_count":0,"_bbp_total_reply_count":0,"_bbp_voice_count":0,"_bbp_anonymous_reply_count":0,"_bbp_topic_count_hidden":0,"_bbp_reply_count_hidden":0,"_bbp_forum_subforum_count":0,"footnotes":""},"categories":[136,5,422,423],"tags":[234,404],"class_list":["post-9559","post","type-post","status-publish","format-standard","has-post-thumbnail","hentry","category-novetats-catala","category-eso-2","category-projecte-fem-radio","category-radio-copem","tag-copem","tag-radio"],"post_mailing_queue_ids":[],"_links":{"self":[{"href":"https:\/\/agora.xtec.cat\/ies-santa-eulalia\/wp-json\/wp\/v2\/posts\/9559","targetHints":{"allow":["GET"]}}],"collection":[{"href":"https:\/\/agora.xtec.cat\/ies-santa-eulalia\/wp-json\/wp\/v2\/posts"}],"about":[{"href":"https:\/\/agora.xtec.cat\/ies-santa-eulalia\/wp-json\/wp\/v2\/types\/post"}],"author":[{"embeddable":true,"href":"https:\/\/agora.xtec.cat\/ies-santa-eulalia\/wp-json\/wp\/v2\/users\/1"}],"replies":[{"embeddable":true,"href":"https:\/\/agora.xtec.cat\/ies-santa-eulalia\/wp-json\/wp\/v2\/comments?post=9559"}],"version-history":[{"count":4,"href":"https:\/\/agora.xtec.cat\/ies-santa-eulalia\/wp-json\/wp\/v2\/posts\/9559\/revisions"}],"predecessor-version":[{"id":9800,"href":"https:\/\/agora.xtec.cat\/ies-santa-eulalia\/wp-json\/wp\/v2\/posts\/9559\/revisions\/9800"}],"wp:featuredmedia":[{"embeddable":true,"href":"https:\/\/agora.xtec.cat\/ies-santa-eulalia\/wp-json\/wp\/v2\/media\/9558"}],"wp:attachment":[{"href":"https:\/\/agora.xtec.cat\/ies-santa-eulalia\/wp-json\/wp\/v2\/media?parent=9559"}],"wp:term":[{"taxonomy":"category","embeddable":true,"href":"https:\/\/agora.xtec.cat\/ies-santa-eulalia\/wp-json\/wp\/v2\/categories?post=9559"},{"taxonomy":"post_tag","embeddable":true,"href":"https:\/\/agora.xtec.cat\/ies-santa-eulalia\/wp-json\/wp\/v2\/tags?post=9559"}],"curies":[{"name":"wp","href":"https:\/\/api.w.org\/{rel}","templated":true}]}}