{"id":9521,"date":"2022-11-16T13:05:49","date_gmt":"2022-11-16T12:05:49","guid":{"rendered":"https:\/\/agora.xtec.cat\/ies-santa-eulalia\/?p=9521"},"modified":"2022-11-16T13:05:49","modified_gmt":"2022-11-16T12:05:49","slug":"food-technology-2022-2023","status":"publish","type":"post","link":"https:\/\/agora.xtec.cat\/ies-santa-eulalia\/general\/food-technology-2022-2023\/","title":{"rendered":"Food Technology 2022-2023"},"content":{"rendered":"<p>L&#8217;optativa de &#8220;Food Technology&#8221; es troba dins el marc d\u2019assignatures que formen part del Grup d\u2019Experimentaci\u00f3 pel Pluriling\u00fcisme (GEP). Es treballa mitjan\u00e7ant l\u2019aprenentatge Basat en Projectes (PBL) i AICLE en angl\u00e8s. Aquest any els alumnes de primer d&#8217;ESO despr\u00e9s de treballar conceptes sobre nutrici\u00f3, han realitzat un mural amb la pir\u00e0mide dels aliments i han elaborat un men\u00fa saludable.<\/p>\n<p><a href=\"https:\/\/agora.xtec.cat\/ies-santa-eulalia\/wp-content\/uploads\/usu1612\/2022\/11\/IMG_8875-1-1.jpg\"><img loading=\"lazy\" decoding=\"async\" class=\"aligncenter size-full wp-image-9541\" src=\"https:\/\/agora.xtec.cat\/ies-santa-eulalia\/wp-content\/uploads\/usu1612\/2022\/11\/IMG_8875-1-1.jpg\" alt=\"\" width=\"750\" height=\"541\" srcset=\"https:\/\/agora.xtec.cat\/ies-santa-eulalia\/wp-content\/uploads\/usu1612\/2022\/11\/IMG_8875-1-1.jpg 750w, https:\/\/agora.xtec.cat\/ies-santa-eulalia\/wp-content\/uploads\/usu1612\/2022\/11\/IMG_8875-1-1-300x216.jpg 300w\" sizes=\"auto, (max-width: 750px) 100vw, 750px\" \/><\/a><\/p>\n<p>&nbsp;<\/p>\n<p><a href=\"https:\/\/agora.xtec.cat\/ies-santa-eulalia\/wp-content\/uploads\/usu1612\/2022\/11\/IMG_8874-1.jpg\"><img loading=\"lazy\" decoding=\"async\" class=\"aligncenter size-full wp-image-9527\" src=\"https:\/\/agora.xtec.cat\/ies-santa-eulalia\/wp-content\/uploads\/usu1612\/2022\/11\/IMG_8874-1.jpg\" alt=\"\" width=\"750\" height=\"665\" srcset=\"https:\/\/agora.xtec.cat\/ies-santa-eulalia\/wp-content\/uploads\/usu1612\/2022\/11\/IMG_8874-1.jpg 750w, https:\/\/agora.xtec.cat\/ies-santa-eulalia\/wp-content\/uploads\/usu1612\/2022\/11\/IMG_8874-1-300x266.jpg 300w\" sizes=\"auto, (max-width: 750px) 100vw, 750px\" \/><\/a><\/p>\n<p><a href=\"https:\/\/agora.xtec.cat\/ies-santa-eulalia\/wp-content\/uploads\/usu1612\/2022\/11\/IMG_8876-1.jpg\"><img loading=\"lazy\" decoding=\"async\" class=\"aligncenter size-full wp-image-9525\" src=\"https:\/\/agora.xtec.cat\/ies-santa-eulalia\/wp-content\/uploads\/usu1612\/2022\/11\/IMG_8876-1.jpg\" alt=\"\" width=\"739\" height=\"533\" srcset=\"https:\/\/agora.xtec.cat\/ies-santa-eulalia\/wp-content\/uploads\/usu1612\/2022\/11\/IMG_8876-1.jpg 739w, https:\/\/agora.xtec.cat\/ies-santa-eulalia\/wp-content\/uploads\/usu1612\/2022\/11\/IMG_8876-1-300x216.jpg 300w\" sizes=\"auto, (max-width: 739px) 100vw, 739px\" \/><\/a><\/p>\n<p>&nbsp;<\/p>\n<p><a href=\"https:\/\/agora.xtec.cat\/ies-santa-eulalia\/wp-content\/uploads\/usu1612\/2022\/11\/IMG_8878-1.jpg\"><img loading=\"lazy\" decoding=\"async\" class=\"aligncenter size-full wp-image-9526\" src=\"https:\/\/agora.xtec.cat\/ies-santa-eulalia\/wp-content\/uploads\/usu1612\/2022\/11\/IMG_8878-1.jpg\" alt=\"\" width=\"750\" height=\"943\" srcset=\"https:\/\/agora.xtec.cat\/ies-santa-eulalia\/wp-content\/uploads\/usu1612\/2022\/11\/IMG_8878-1.jpg 750w, https:\/\/agora.xtec.cat\/ies-santa-eulalia\/wp-content\/uploads\/usu1612\/2022\/11\/IMG_8878-1-239x300.jpg 239w\" sizes=\"auto, (max-width: 750px) 100vw, 750px\" \/><\/a><\/p>\n<p>&nbsp;<\/p>\n<p>Podeu veure un v\u00eddeo amb un breu resum de com es van fer les exposicions orals\u00a0 davant altres companys de classe, en el seg\u00fcent <a href=\"https:\/\/drive.google.com\/file\/d\/1ePePfk1w06n7F8620lHNVlgS5Y6V_HP9\/view?usp=sharing\">enlla\u00e7<\/a><\/p>\n<p><a href=\"https:\/\/drive.google.com\/file\/d\/1ePePfk1w06n7F8620lHNVlgS5Y6V_HP9\/view?usp=sharing\"><img loading=\"lazy\" decoding=\"async\" class=\"aligncenter size-medium wp-image-9528\" src=\"https:\/\/agora.xtec.cat\/ies-santa-eulalia\/wp-content\/uploads\/usu1612\/2022\/11\/Ppal-IMG_8877-1-300x153.jpg\" alt=\"\" width=\"300\" height=\"153\" srcset=\"https:\/\/agora.xtec.cat\/ies-santa-eulalia\/wp-content\/uploads\/usu1612\/2022\/11\/Ppal-IMG_8877-1-300x153.jpg 300w, https:\/\/agora.xtec.cat\/ies-santa-eulalia\/wp-content\/uploads\/usu1612\/2022\/11\/Ppal-IMG_8877-1.jpg 750w\" sizes=\"auto, (max-width: 300px) 100vw, 300px\" \/><\/a><\/p>\n","protected":false},"excerpt":{"rendered":"<p>L&#8217;optativa de &#8220;Food Technology&#8221; es troba dins el marc d\u2019assignatures que formen part del Grup d\u2019Experimentaci\u00f3 pel Pluriling\u00fcisme (GEP). Es treballa mitjan\u00e7ant l\u2019aprenentatge Basat en Projectes (PBL) i AICLE en angl\u00e8s. Aquest any els alumnes de primer d&#8217;ESO despr\u00e9s de treballar conceptes sobre nutrici\u00f3, han&hellip;  <a href=\"https:\/\/agora.xtec.cat\/ies-santa-eulalia\/general\/food-technology-2022-2023\/\" title=\"Read Food Technology 2022-2023\">Llegeix m\u00e9s\u00bb<\/a><\/p>\n","protected":false},"author":25,"featured_media":9528,"comment_status":"closed","ping_status":"closed","sticky":false,"template":"","format":"standard","meta":{"_bbp_topic_count":0,"_bbp_reply_count":0,"_bbp_total_topic_count":0,"_bbp_total_reply_count":0,"_bbp_voice_count":0,"_bbp_anonymous_reply_count":0,"_bbp_topic_count_hidden":0,"_bbp_reply_count_hidden":0,"_bbp_forum_subforum_count":0,"footnotes":""},"categories":[146,3,4,1,29,158],"tags":[],"class_list":["post-9521","post","type-post","status-publish","format-standard","has-post-thumbnail","hentry","category-novetats-tecnologia","category-eso","category-eso-1","category-general","category-portada","category-gep"],"post_mailing_queue_ids":[],"_links":{"self":[{"href":"https:\/\/agora.xtec.cat\/ies-santa-eulalia\/wp-json\/wp\/v2\/posts\/9521","targetHints":{"allow":["GET"]}}],"collection":[{"href":"https:\/\/agora.xtec.cat\/ies-santa-eulalia\/wp-json\/wp\/v2\/posts"}],"about":[{"href":"https:\/\/agora.xtec.cat\/ies-santa-eulalia\/wp-json\/wp\/v2\/types\/post"}],"author":[{"embeddable":true,"href":"https:\/\/agora.xtec.cat\/ies-santa-eulalia\/wp-json\/wp\/v2\/users\/25"}],"replies":[{"embeddable":true,"href":"https:\/\/agora.xtec.cat\/ies-santa-eulalia\/wp-json\/wp\/v2\/comments?post=9521"}],"version-history":[{"count":3,"href":"https:\/\/agora.xtec.cat\/ies-santa-eulalia\/wp-json\/wp\/v2\/posts\/9521\/revisions"}],"predecessor-version":[{"id":9544,"href":"https:\/\/agora.xtec.cat\/ies-santa-eulalia\/wp-json\/wp\/v2\/posts\/9521\/revisions\/9544"}],"wp:featuredmedia":[{"embeddable":true,"href":"https:\/\/agora.xtec.cat\/ies-santa-eulalia\/wp-json\/wp\/v2\/media\/9528"}],"wp:attachment":[{"href":"https:\/\/agora.xtec.cat\/ies-santa-eulalia\/wp-json\/wp\/v2\/media?parent=9521"}],"wp:term":[{"taxonomy":"category","embeddable":true,"href":"https:\/\/agora.xtec.cat\/ies-santa-eulalia\/wp-json\/wp\/v2\/categories?post=9521"},{"taxonomy":"post_tag","embeddable":true,"href":"https:\/\/agora.xtec.cat\/ies-santa-eulalia\/wp-json\/wp\/v2\/tags?post=9521"}],"curies":[{"name":"wp","href":"https:\/\/api.w.org\/{rel}","templated":true}]}}