{"id":9513,"date":"2022-11-10T19:33:42","date_gmt":"2022-11-10T18:33:42","guid":{"rendered":"https:\/\/agora.xtec.cat\/ies-santa-eulalia\/?p=9513"},"modified":"2022-11-10T19:35:04","modified_gmt":"2022-11-10T18:35:04","slug":"6e-concurs-de-fotografia-cientifica-de-linstitut-santa-eulalia","status":"publish","type":"post","link":"https:\/\/agora.xtec.cat\/ies-santa-eulalia\/general\/6e-concurs-de-fotografia-cientifica-de-linstitut-santa-eulalia\/","title":{"rendered":"6\u00e8 Concurs de Fotografia Cient\u00edfica de l&#8217;Institut Santa Eul\u00e0lia"},"content":{"rendered":"<p>En motiu de la <strong>VI Setmana de la Ci\u00e8ncia<\/strong> de l&#8217;Institut Santa Eul\u00e0lia, els Departaments de Ci\u00e8ncies Naturals i F\u00edsica i Qu\u00edmica tornem a organitzar el <strong>Concurs de Fotografia Cient\u00edfica<\/strong> del COPEM. El tema de les fotografies \u00e9s la Ci\u00e8ncia Quotidiana, teniu temps d&#8217;enviar-nos les vostres fotos fins el divendres 18 de novembre. Trobareu informaci\u00f3 detallada de les bases del Concurs a les vostres aules i als classrooms de Ci\u00e8ncies.<\/p>\n<p>Animeu-vos a participar!<\/p>\n<p>&nbsp;<\/p>\n<p>Si voleu veure les fotos d&#8217;altres anys, feu un cop d&#8217;ull al seg\u00fcent enlla\u00e7:<\/p>\n<p><a href=\"https:\/\/sites.google.com\/xtec.cat\/fotoscise\/\">https:\/\/sites.google.com\/xtec.cat\/fotoscise\/<\/a><\/p>\n<p><a href=\"https:\/\/agora.xtec.cat\/ies-santa-eulalia\/wp-content\/uploads\/usu1612\/2022\/11\/Cartell-Concurs-Foto-2022-web.jpg\"><img loading=\"lazy\" decoding=\"async\" class=\"alignnone  wp-image-9515 aligncenter\" src=\"https:\/\/agora.xtec.cat\/ies-santa-eulalia\/wp-content\/uploads\/usu1612\/2022\/11\/Cartell-Concurs-Foto-2022-web-1024x576.jpg\" alt=\"\" width=\"825\" height=\"464\" srcset=\"https:\/\/agora.xtec.cat\/ies-santa-eulalia\/wp-content\/uploads\/usu1612\/2022\/11\/Cartell-Concurs-Foto-2022-web-1024x576.jpg 1024w, https:\/\/agora.xtec.cat\/ies-santa-eulalia\/wp-content\/uploads\/usu1612\/2022\/11\/Cartell-Concurs-Foto-2022-web-300x169.jpg 300w, https:\/\/agora.xtec.cat\/ies-santa-eulalia\/wp-content\/uploads\/usu1612\/2022\/11\/Cartell-Concurs-Foto-2022-web-768x432.jpg 768w, https:\/\/agora.xtec.cat\/ies-santa-eulalia\/wp-content\/uploads\/usu1612\/2022\/11\/Cartell-Concurs-Foto-2022-web.jpg 1280w\" sizes=\"auto, (max-width: 825px) 100vw, 825px\" \/><\/a><\/p>\n","protected":false},"excerpt":{"rendered":"<p>Concurs de Fotografia Cient\u00edfica-Ci\u00e8ncia quotidiana.<br \/>\nAnimeu-vos a participar!&hellip;  <a href=\"https:\/\/agora.xtec.cat\/ies-santa-eulalia\/general\/6e-concurs-de-fotografia-cientifica-de-linstitut-santa-eulalia\/\" title=\"Read 6\u00e8 Concurs de Fotografia Cient\u00edfica de l&#8217;Institut Santa Eul\u00e0lia\">Llegeix m\u00e9s\u00bb<\/a><\/p>\n","protected":false},"author":48,"featured_media":9515,"comment_status":"open","ping_status":"closed","sticky":false,"template":"","format":"standard","meta":{"_bbp_topic_count":0,"_bbp_reply_count":0,"_bbp_total_topic_count":0,"_bbp_total_reply_count":0,"_bbp_voice_count":0,"_bbp_anonymous_reply_count":0,"_bbp_topic_count_hidden":0,"_bbp_reply_count_hidden":0,"_bbp_forum_subforum_count":0,"footnotes":""},"categories":[144,145,1,29],"tags":[],"class_list":["post-9513","post","type-post","status-publish","format-standard","has-post-thumbnail","hentry","category-novetats-ciencies-naturals","category-novetats-fisica-i-quimica","category-general","category-portada"],"post_mailing_queue_ids":[],"_links":{"self":[{"href":"https:\/\/agora.xtec.cat\/ies-santa-eulalia\/wp-json\/wp\/v2\/posts\/9513","targetHints":{"allow":["GET"]}}],"collection":[{"href":"https:\/\/agora.xtec.cat\/ies-santa-eulalia\/wp-json\/wp\/v2\/posts"}],"about":[{"href":"https:\/\/agora.xtec.cat\/ies-santa-eulalia\/wp-json\/wp\/v2\/types\/post"}],"author":[{"embeddable":true,"href":"https:\/\/agora.xtec.cat\/ies-santa-eulalia\/wp-json\/wp\/v2\/users\/48"}],"replies":[{"embeddable":true,"href":"https:\/\/agora.xtec.cat\/ies-santa-eulalia\/wp-json\/wp\/v2\/comments?post=9513"}],"version-history":[{"count":3,"href":"https:\/\/agora.xtec.cat\/ies-santa-eulalia\/wp-json\/wp\/v2\/posts\/9513\/revisions"}],"predecessor-version":[{"id":9518,"href":"https:\/\/agora.xtec.cat\/ies-santa-eulalia\/wp-json\/wp\/v2\/posts\/9513\/revisions\/9518"}],"wp:featuredmedia":[{"embeddable":true,"href":"https:\/\/agora.xtec.cat\/ies-santa-eulalia\/wp-json\/wp\/v2\/media\/9515"}],"wp:attachment":[{"href":"https:\/\/agora.xtec.cat\/ies-santa-eulalia\/wp-json\/wp\/v2\/media?parent=9513"}],"wp:term":[{"taxonomy":"category","embeddable":true,"href":"https:\/\/agora.xtec.cat\/ies-santa-eulalia\/wp-json\/wp\/v2\/categories?post=9513"},{"taxonomy":"post_tag","embeddable":true,"href":"https:\/\/agora.xtec.cat\/ies-santa-eulalia\/wp-json\/wp\/v2\/tags?post=9513"}],"curies":[{"name":"wp","href":"https:\/\/api.w.org\/{rel}","templated":true}]}}