{"id":9509,"date":"2022-11-10T17:17:17","date_gmt":"2022-11-10T16:17:17","guid":{"rendered":"https:\/\/agora.xtec.cat\/ies-santa-eulalia\/?p=9509"},"modified":"2022-11-14T20:02:23","modified_gmt":"2022-11-14T19:02:23","slug":"vi-setmana-de-la-ciencia-de-linstitut-santa-eulalia","status":"publish","type":"post","link":"https:\/\/agora.xtec.cat\/ies-santa-eulalia\/general\/vi-setmana-de-la-ciencia-de-linstitut-santa-eulalia\/","title":{"rendered":"VI Setmana de la Ci\u00e8ncia de l&#8217;Institut Santa Eul\u00e0lia"},"content":{"rendered":"<p>Dilluns que ve comencem la\u00a0<strong>VI Setmana de la Ci\u00e8ncia<\/strong>\u00a0de l&#8217;institut Santa Eul\u00e0lia.<\/p>\n<p>Des de principi de curs els departaments de F\u00edsica i Qu\u00edmica i Ci\u00e8ncies Naturals hem estat preparant algunes activitats i concursos. El primer ha estat el <em>Concurs de Cartells de la Setmana de la Ci\u00e8ncia, <\/em>les guanyadores del qual s\u00f3n Mireia Carb\u00f3 i Amelia Pop 4t d\u2019ESO, agra\u00efm molt la col\u00b7laboraci\u00f3 de la Rosa Molina i del departament de Visual i Pl\u00e0stica per organitzar un cop m\u00e9s aquesta activitat.<\/p>\n<p>La resta d&#8217;activitats de la Setmana de la Ci\u00e8ncia s\u00f3n:<\/p>\n<ul>\n<li>Del 14 al 25 de novembre el\u00a0<strong>Concurs 7Ci\u00e8ncies<\/strong>. \u00c9s una s\u00e8rie de preguntes que plantegem a l&#8217;alumnat i que podran anar responent a l\u2019urna de l\u2019entrada.<\/li>\n<li><strong>6\u00e8 Concurs de Fotografia Cient\u00edfica<\/strong>. Hi pot participar qualsevol membre de la comunitat educativa.<\/li>\n<li>Ja fa uns dies que estem gaudint de l&#8217;exposici\u00f3 de\u00a0<strong>Quaderns de bit\u00e0cola <\/strong>de 1r d&#8217;ESO. Alguns s\u00f3n espectaculars, aix\u00ed que passeu pel passad\u00eds dels laboratoris si us ve de gust veure\u2019ls.<\/li>\n<li>De la mateixa manera, podreu veure l\u2019exposici\u00f3 <strong>Normes del Laboratori<\/strong> de l\u2019alumnat de 2n d\u2019ESO.<\/li>\n<li>El 16 de novembre de 11:00 a 12:00\u00a0\u00a0<strong>xerrada de Rafael Clemente (EETAC-UPC): &#8220;Artemis, retorn a la Lluna&#8221; <\/strong>pels dos grups de 1r de batxillerat i 2n de batxillerat cient\u00edficotecnol\u00f2gic.<\/li>\n<li>El 16 de novembre de 9:15 a 10:00\u00a0\u00a0<strong>xerrada <\/strong>organitzada pel<strong> Programa &#8220;La ci\u00e8ncia en primera persona&#8221; de la FCRI <\/strong>sobre<strong> Biologia Marina\u00a0a c\u00e0rrec d\u2019Ariadna Mart\u00ednez (ICM) <\/strong>per tots els grups de 3r d&#8217;ESO.<\/li>\n<li>Activitats variades a l&#8217;aula de Ci\u00e8ncies Naturals i F\u00edsica i Qu\u00edmica.<\/li>\n<\/ul>\n<p>Esperem gaudir molt d\u2019aquesta setmana.<\/p>\n<p>Visca la Ci\u00e8ncia!<\/p>\n<p><em>Departaments de Ci\u00e8ncies Naturals i F\u00edsica i Qu\u00edmica<\/em><\/p>\n<p><a href=\"https:\/\/agora.xtec.cat\/ies-santa-eulalia\/wp-content\/uploads\/usu1612\/2022\/11\/Cartell-SCISE22-scaled.jpg\"><img loading=\"lazy\" decoding=\"async\" class=\"alignnone size-large wp-image-9511\" src=\"https:\/\/agora.xtec.cat\/ies-santa-eulalia\/wp-content\/uploads\/usu1612\/2022\/11\/Cartell-SCISE22-723x1024.jpg\" alt=\"Mireia Carb\u00f3 i Amelia Pop de 4t d'ESO\" width=\"723\" height=\"1024\" srcset=\"https:\/\/agora.xtec.cat\/ies-santa-eulalia\/wp-content\/uploads\/usu1612\/2022\/11\/Cartell-SCISE22-723x1024.jpg 723w, https:\/\/agora.xtec.cat\/ies-santa-eulalia\/wp-content\/uploads\/usu1612\/2022\/11\/Cartell-SCISE22-212x300.jpg 212w, https:\/\/agora.xtec.cat\/ies-santa-eulalia\/wp-content\/uploads\/usu1612\/2022\/11\/Cartell-SCISE22-768x1088.jpg 768w, https:\/\/agora.xtec.cat\/ies-santa-eulalia\/wp-content\/uploads\/usu1612\/2022\/11\/Cartell-SCISE22-1084x1536.jpg 1084w, https:\/\/agora.xtec.cat\/ies-santa-eulalia\/wp-content\/uploads\/usu1612\/2022\/11\/Cartell-SCISE22-1446x2048.jpg 1446w, https:\/\/agora.xtec.cat\/ies-santa-eulalia\/wp-content\/uploads\/usu1612\/2022\/11\/Cartell-SCISE22-scaled.jpg 1807w\" sizes=\"auto, (max-width: 723px) 100vw, 723px\" \/><\/a><\/p>\n<p><em>Imatge: Mireia Carb\u00f3 i Amelia Pop de 4t d&#8217;ESO<\/em><\/p>\n","protected":false},"excerpt":{"rendered":"<p>Dilluns que ve comencem la\u00a0VI Setmana de la Ci\u00e8ncia\u00a0de l&#8217;institut Santa Eul\u00e0lia.<br \/>\nDes de principi de curs els departaments de F\u00edsica i Qu\u00edmica i Ci\u00e8ncies Naturals hem estat preparant algunes activitats i concursos. El primer ha estat el Concurs de Cartells de la Setmana de la&hellip;  <a href=\"https:\/\/agora.xtec.cat\/ies-santa-eulalia\/general\/vi-setmana-de-la-ciencia-de-linstitut-santa-eulalia\/\" title=\"Read VI Setmana de la Ci\u00e8ncia de l&#8217;Institut Santa Eul\u00e0lia\">Llegeix m\u00e9s\u00bb<\/a><\/p>\n","protected":false},"author":48,"featured_media":9511,"comment_status":"open","ping_status":"closed","sticky":false,"template":"","format":"standard","meta":{"_bbp_topic_count":0,"_bbp_reply_count":0,"_bbp_total_topic_count":0,"_bbp_total_reply_count":0,"_bbp_voice_count":0,"_bbp_anonymous_reply_count":0,"_bbp_topic_count_hidden":0,"_bbp_reply_count_hidden":0,"_bbp_forum_subforum_count":0,"footnotes":""},"categories":[144,145,150,8,3,1,29],"tags":[167,403,205,168,44],"class_list":["post-9509","post","type-post","status-publish","format-standard","has-post-thumbnail","hentry","category-novetats-ciencies-naturals","category-novetats-fisica-i-quimica","category-novetats-visual-i-plastica","category-batxillerat","category-eso","category-general","category-portada","tag-concursos","tag-curs-2022-2023","tag-ins-santa-eulalia","tag-setmana-de-la-ciencia","tag-xerrades"],"post_mailing_queue_ids":[],"_links":{"self":[{"href":"https:\/\/agora.xtec.cat\/ies-santa-eulalia\/wp-json\/wp\/v2\/posts\/9509","targetHints":{"allow":["GET"]}}],"collection":[{"href":"https:\/\/agora.xtec.cat\/ies-santa-eulalia\/wp-json\/wp\/v2\/posts"}],"about":[{"href":"https:\/\/agora.xtec.cat\/ies-santa-eulalia\/wp-json\/wp\/v2\/types\/post"}],"author":[{"embeddable":true,"href":"https:\/\/agora.xtec.cat\/ies-santa-eulalia\/wp-json\/wp\/v2\/users\/48"}],"replies":[{"embeddable":true,"href":"https:\/\/agora.xtec.cat\/ies-santa-eulalia\/wp-json\/wp\/v2\/comments?post=9509"}],"version-history":[{"count":3,"href":"https:\/\/agora.xtec.cat\/ies-santa-eulalia\/wp-json\/wp\/v2\/posts\/9509\/revisions"}],"predecessor-version":[{"id":9520,"href":"https:\/\/agora.xtec.cat\/ies-santa-eulalia\/wp-json\/wp\/v2\/posts\/9509\/revisions\/9520"}],"wp:featuredmedia":[{"embeddable":true,"href":"https:\/\/agora.xtec.cat\/ies-santa-eulalia\/wp-json\/wp\/v2\/media\/9511"}],"wp:attachment":[{"href":"https:\/\/agora.xtec.cat\/ies-santa-eulalia\/wp-json\/wp\/v2\/media?parent=9509"}],"wp:term":[{"taxonomy":"category","embeddable":true,"href":"https:\/\/agora.xtec.cat\/ies-santa-eulalia\/wp-json\/wp\/v2\/categories?post=9509"},{"taxonomy":"post_tag","embeddable":true,"href":"https:\/\/agora.xtec.cat\/ies-santa-eulalia\/wp-json\/wp\/v2\/tags?post=9509"}],"curies":[{"name":"wp","href":"https:\/\/api.w.org\/{rel}","templated":true}]}}