{"id":9415,"date":"2022-10-19T14:27:13","date_gmt":"2022-10-19T12:27:13","guid":{"rendered":"https:\/\/agora.xtec.cat\/ies-santa-eulalia\/?p=9415"},"modified":"2022-10-19T14:27:13","modified_gmt":"2022-10-19T12:27:13","slug":"assignatura-de-tecnologia-a-1r-eso-codeweek-2022","status":"publish","type":"post","link":"https:\/\/agora.xtec.cat\/ies-santa-eulalia\/general\/assignatura-de-tecnologia-a-1r-eso-codeweek-2022\/","title":{"rendered":"Assignatura de Tecnologia a 1r ESO: Codeweek 2022"},"content":{"rendered":"<p>La setmana del Codi de la UE \u00e9s una iniciativa que pret\u00e9n apropar la codificaci\u00f3 i l\u2019alfabetitzaci\u00f3 digital a tothom d\u2019una manera divertida i atractiva.<\/p>\n<p>Una vegada m\u00e9s, els alumnes de primer d\u2019ESO participen realitzant unes activitats desendollades. Aquest any participem conjuntament amb una escola Portuguesa practicant la codificaci\u00f3 i descodificaci\u00f3 de dibuixos realitzats amb p\u00edxels.<\/p>\n<p>Aqu\u00ed podeu veure unes imatges de la realitzaci\u00f3 de l\u2019event:<\/p>\n<p><a href=\"https:\/\/agora.xtec.cat\/ies-santa-eulalia\/wp-content\/uploads\/usu1612\/2022\/10\/image2.jpeg\"><img loading=\"lazy\" decoding=\"async\" class=\"alignleft size-medium wp-image-9416\" src=\"https:\/\/agora.xtec.cat\/ies-santa-eulalia\/wp-content\/uploads\/usu1612\/2022\/10\/image2-246x300.jpeg\" alt=\"\" width=\"246\" height=\"300\" srcset=\"https:\/\/agora.xtec.cat\/ies-santa-eulalia\/wp-content\/uploads\/usu1612\/2022\/10\/image2-246x300.jpeg 246w, https:\/\/agora.xtec.cat\/ies-santa-eulalia\/wp-content\/uploads\/usu1612\/2022\/10\/image2-840x1024.jpeg 840w, https:\/\/agora.xtec.cat\/ies-santa-eulalia\/wp-content\/uploads\/usu1612\/2022\/10\/image2-768x936.jpeg 768w, https:\/\/agora.xtec.cat\/ies-santa-eulalia\/wp-content\/uploads\/usu1612\/2022\/10\/image2.jpeg 1232w\" sizes=\"auto, (max-width: 246px) 100vw, 246px\" \/><\/a> <a href=\"https:\/\/agora.xtec.cat\/ies-santa-eulalia\/wp-content\/uploads\/usu1612\/2022\/10\/image3.jpeg\"><img loading=\"lazy\" decoding=\"async\" class=\"alignleft size-medium wp-image-9417\" src=\"https:\/\/agora.xtec.cat\/ies-santa-eulalia\/wp-content\/uploads\/usu1612\/2022\/10\/image3-246x300.jpeg\" alt=\"\" width=\"246\" height=\"300\" srcset=\"https:\/\/agora.xtec.cat\/ies-santa-eulalia\/wp-content\/uploads\/usu1612\/2022\/10\/image3-246x300.jpeg 246w, https:\/\/agora.xtec.cat\/ies-santa-eulalia\/wp-content\/uploads\/usu1612\/2022\/10\/image3-841x1024.jpeg 841w, https:\/\/agora.xtec.cat\/ies-santa-eulalia\/wp-content\/uploads\/usu1612\/2022\/10\/image3-768x935.jpeg 768w, https:\/\/agora.xtec.cat\/ies-santa-eulalia\/wp-content\/uploads\/usu1612\/2022\/10\/image3.jpeg 1234w\" sizes=\"auto, (max-width: 246px) 100vw, 246px\" \/><\/a> <a href=\"https:\/\/agora.xtec.cat\/ies-santa-eulalia\/wp-content\/uploads\/usu1612\/2022\/10\/image4.jpeg\"><img loading=\"lazy\" decoding=\"async\" class=\"alignleft size-medium wp-image-9418\" src=\"https:\/\/agora.xtec.cat\/ies-santa-eulalia\/wp-content\/uploads\/usu1612\/2022\/10\/image4-225x300.jpeg\" alt=\"\" width=\"225\" height=\"300\" srcset=\"https:\/\/agora.xtec.cat\/ies-santa-eulalia\/wp-content\/uploads\/usu1612\/2022\/10\/image4-225x300.jpeg 225w, https:\/\/agora.xtec.cat\/ies-santa-eulalia\/wp-content\/uploads\/usu1612\/2022\/10\/image4-767x1024.jpeg 767w, https:\/\/agora.xtec.cat\/ies-santa-eulalia\/wp-content\/uploads\/usu1612\/2022\/10\/image4-768x1026.jpeg 768w, https:\/\/agora.xtec.cat\/ies-santa-eulalia\/wp-content\/uploads\/usu1612\/2022\/10\/image4-1150x1536.jpeg 1150w, https:\/\/agora.xtec.cat\/ies-santa-eulalia\/wp-content\/uploads\/usu1612\/2022\/10\/image4.jpeg 1219w\" sizes=\"auto, (max-width: 225px) 100vw, 225px\" \/><\/a> <a href=\"https:\/\/agora.xtec.cat\/ies-santa-eulalia\/wp-content\/uploads\/usu1612\/2022\/10\/image1.jpeg\"><img loading=\"lazy\" decoding=\"async\" class=\"alignleft size-medium wp-image-9419\" src=\"https:\/\/agora.xtec.cat\/ies-santa-eulalia\/wp-content\/uploads\/usu1612\/2022\/10\/image1-291x300.jpeg\" alt=\"\" width=\"291\" height=\"300\" srcset=\"https:\/\/agora.xtec.cat\/ies-santa-eulalia\/wp-content\/uploads\/usu1612\/2022\/10\/image1-291x300.jpeg 291w, https:\/\/agora.xtec.cat\/ies-santa-eulalia\/wp-content\/uploads\/usu1612\/2022\/10\/image1-995x1024.jpeg 995w, https:\/\/agora.xtec.cat\/ies-santa-eulalia\/wp-content\/uploads\/usu1612\/2022\/10\/image1-768x791.jpeg 768w, https:\/\/agora.xtec.cat\/ies-santa-eulalia\/wp-content\/uploads\/usu1612\/2022\/10\/image1-1492x1536.jpeg 1492w, https:\/\/agora.xtec.cat\/ies-santa-eulalia\/wp-content\/uploads\/usu1612\/2022\/10\/image1.jpeg 1620w\" sizes=\"auto, (max-width: 291px) 100vw, 291px\" \/><\/a> <a href=\"https:\/\/agora.xtec.cat\/ies-santa-eulalia\/wp-content\/uploads\/usu1612\/2022\/10\/image0-1.jpeg\"><img loading=\"lazy\" decoding=\"async\" class=\"alignleft size-medium wp-image-9420\" src=\"https:\/\/agora.xtec.cat\/ies-santa-eulalia\/wp-content\/uploads\/usu1612\/2022\/10\/image0-1-300x165.jpeg\" alt=\"\" width=\"300\" height=\"165\" srcset=\"https:\/\/agora.xtec.cat\/ies-santa-eulalia\/wp-content\/uploads\/usu1612\/2022\/10\/image0-1-300x165.jpeg 300w, https:\/\/agora.xtec.cat\/ies-santa-eulalia\/wp-content\/uploads\/usu1612\/2022\/10\/image0-1-1024x562.jpeg 1024w, https:\/\/agora.xtec.cat\/ies-santa-eulalia\/wp-content\/uploads\/usu1612\/2022\/10\/image0-1-768x421.jpeg 768w, https:\/\/agora.xtec.cat\/ies-santa-eulalia\/wp-content\/uploads\/usu1612\/2022\/10\/image0-1-1536x843.jpeg 1536w, https:\/\/agora.xtec.cat\/ies-santa-eulalia\/wp-content\/uploads\/usu1612\/2022\/10\/image0-1-2048x1123.jpeg 2048w\" sizes=\"auto, (max-width: 300px) 100vw, 300px\" \/><\/a><\/p>\n<div class=\"yj6qo\"><\/div>\n","protected":false},"excerpt":{"rendered":"<p>La setmana del Codi de la UE \u00e9s una iniciativa que pret\u00e9n apropar la codificaci\u00f3 i l\u2019alfabetitzaci\u00f3 digital a tothom d\u2019una manera divertida i atractiva.<br \/>\nUna vegada m\u00e9s, els alumnes de primer d\u2019ESO participen realitzant unes activitats desendollades. Aquest any participem conjuntament amb una escola Portuguesa&hellip;  <a href=\"https:\/\/agora.xtec.cat\/ies-santa-eulalia\/general\/assignatura-de-tecnologia-a-1r-eso-codeweek-2022\/\" title=\"Read Assignatura de Tecnologia a 1r ESO: Codeweek 2022\">Llegeix m\u00e9s\u00bb<\/a><\/p>\n","protected":false},"author":1,"featured_media":9420,"comment_status":"open","ping_status":"closed","sticky":false,"template":"","format":"standard","meta":{"_bbp_topic_count":0,"_bbp_reply_count":0,"_bbp_total_topic_count":0,"_bbp_total_reply_count":0,"_bbp_voice_count":0,"_bbp_anonymous_reply_count":0,"_bbp_topic_count_hidden":0,"_bbp_reply_count_hidden":0,"_bbp_forum_subforum_count":0,"footnotes":""},"categories":[146,3,1,29],"tags":[399,397,398],"class_list":["post-9415","post","type-post","status-publish","format-standard","has-post-thumbnail","hentry","category-novetats-tecnologia","category-eso","category-general","category-portada","tag-399","tag-code","tag-codeweek"],"post_mailing_queue_ids":[],"_links":{"self":[{"href":"https:\/\/agora.xtec.cat\/ies-santa-eulalia\/wp-json\/wp\/v2\/posts\/9415","targetHints":{"allow":["GET"]}}],"collection":[{"href":"https:\/\/agora.xtec.cat\/ies-santa-eulalia\/wp-json\/wp\/v2\/posts"}],"about":[{"href":"https:\/\/agora.xtec.cat\/ies-santa-eulalia\/wp-json\/wp\/v2\/types\/post"}],"author":[{"embeddable":true,"href":"https:\/\/agora.xtec.cat\/ies-santa-eulalia\/wp-json\/wp\/v2\/users\/1"}],"replies":[{"embeddable":true,"href":"https:\/\/agora.xtec.cat\/ies-santa-eulalia\/wp-json\/wp\/v2\/comments?post=9415"}],"version-history":[{"count":1,"href":"https:\/\/agora.xtec.cat\/ies-santa-eulalia\/wp-json\/wp\/v2\/posts\/9415\/revisions"}],"predecessor-version":[{"id":9421,"href":"https:\/\/agora.xtec.cat\/ies-santa-eulalia\/wp-json\/wp\/v2\/posts\/9415\/revisions\/9421"}],"wp:featuredmedia":[{"embeddable":true,"href":"https:\/\/agora.xtec.cat\/ies-santa-eulalia\/wp-json\/wp\/v2\/media\/9420"}],"wp:attachment":[{"href":"https:\/\/agora.xtec.cat\/ies-santa-eulalia\/wp-json\/wp\/v2\/media?parent=9415"}],"wp:term":[{"taxonomy":"category","embeddable":true,"href":"https:\/\/agora.xtec.cat\/ies-santa-eulalia\/wp-json\/wp\/v2\/categories?post=9415"},{"taxonomy":"post_tag","embeddable":true,"href":"https:\/\/agora.xtec.cat\/ies-santa-eulalia\/wp-json\/wp\/v2\/tags?post=9415"}],"curies":[{"name":"wp","href":"https:\/\/api.w.org\/{rel}","templated":true}]}}