{"id":9116,"date":"2022-06-22T11:39:20","date_gmt":"2022-06-22T09:39:20","guid":{"rendered":"https:\/\/agora.xtec.cat\/ies-santa-eulalia\/?p=9116"},"modified":"2022-06-22T11:39:20","modified_gmt":"2022-06-22T09:39:20","slug":"sortida-cloenda-final-de-curs-parc-ciutadella-1r-eso","status":"publish","type":"post","link":"https:\/\/agora.xtec.cat\/ies-santa-eulalia\/general\/sortida-cloenda-final-de-curs-parc-ciutadella-1r-eso\/","title":{"rendered":"Sortida cloenda final de curs Parc Ciutadella &#8211; 1r ESO"},"content":{"rendered":"<p>Ahir 21 de juny els primers de l&#8217;ESO v\u00e0rem fer una sortida conjunta al Parc de la Ciutadella i ens ho v\u00e0rem passar s\u00faper b\u00e9<\/p>\n<p>&nbsp;<\/p>\n<p>Aqu\u00ed podeu veure una petita mostra de la jornada<\/p>\n<table style=\"border-collapse: collapse; width: 100%;\">\n<tbody>\n<tr>\n<td style=\"width: 33.3333%;\"><a href=\"https:\/\/agora.xtec.cat\/ies-santa-eulalia\/wp-content\/uploads\/usu1612\/2022\/06\/PHOTO-2022-06-21-15-22-20.jpg\"><img loading=\"lazy\" decoding=\"async\" class=\"aligncenter  wp-image-9118\" src=\"https:\/\/agora.xtec.cat\/ies-santa-eulalia\/wp-content\/uploads\/usu1612\/2022\/06\/PHOTO-2022-06-21-15-22-20-300x146.jpg\" alt=\"\" width=\"470\" height=\"229\" srcset=\"https:\/\/agora.xtec.cat\/ies-santa-eulalia\/wp-content\/uploads\/usu1612\/2022\/06\/PHOTO-2022-06-21-15-22-20-300x146.jpg 300w, https:\/\/agora.xtec.cat\/ies-santa-eulalia\/wp-content\/uploads\/usu1612\/2022\/06\/PHOTO-2022-06-21-15-22-20-1024x498.jpg 1024w, https:\/\/agora.xtec.cat\/ies-santa-eulalia\/wp-content\/uploads\/usu1612\/2022\/06\/PHOTO-2022-06-21-15-22-20-768x373.jpg 768w, https:\/\/agora.xtec.cat\/ies-santa-eulalia\/wp-content\/uploads\/usu1612\/2022\/06\/PHOTO-2022-06-21-15-22-20-1536x746.jpg 1536w, https:\/\/agora.xtec.cat\/ies-santa-eulalia\/wp-content\/uploads\/usu1612\/2022\/06\/PHOTO-2022-06-21-15-22-20.jpg 2048w\" sizes=\"auto, (max-width: 470px) 100vw, 470px\" \/><\/a><\/td>\n<td style=\"width: 33.3333%;\"><a href=\"https:\/\/agora.xtec.cat\/ies-santa-eulalia\/wp-content\/uploads\/usu1612\/2022\/06\/PHOTO-2022-06-21-15-22-17.jpg\"><img loading=\"lazy\" decoding=\"async\" class=\"aligncenter  wp-image-9119\" src=\"https:\/\/agora.xtec.cat\/ies-santa-eulalia\/wp-content\/uploads\/usu1612\/2022\/06\/PHOTO-2022-06-21-15-22-17-300x146.jpg\" alt=\"\" width=\"444\" height=\"216\" srcset=\"https:\/\/agora.xtec.cat\/ies-santa-eulalia\/wp-content\/uploads\/usu1612\/2022\/06\/PHOTO-2022-06-21-15-22-17-300x146.jpg 300w, https:\/\/agora.xtec.cat\/ies-santa-eulalia\/wp-content\/uploads\/usu1612\/2022\/06\/PHOTO-2022-06-21-15-22-17-1024x498.jpg 1024w, https:\/\/agora.xtec.cat\/ies-santa-eulalia\/wp-content\/uploads\/usu1612\/2022\/06\/PHOTO-2022-06-21-15-22-17-768x373.jpg 768w, https:\/\/agora.xtec.cat\/ies-santa-eulalia\/wp-content\/uploads\/usu1612\/2022\/06\/PHOTO-2022-06-21-15-22-17-1536x746.jpg 1536w, https:\/\/agora.xtec.cat\/ies-santa-eulalia\/wp-content\/uploads\/usu1612\/2022\/06\/PHOTO-2022-06-21-15-22-17.jpg 2048w\" sizes=\"auto, (max-width: 444px) 100vw, 444px\" \/><\/a><\/td>\n<td style=\"width: 33.3333%;\"><a href=\"https:\/\/agora.xtec.cat\/ies-santa-eulalia\/wp-content\/uploads\/usu1612\/2022\/06\/PHOTO-2022-06-21-12-15-27.jpg\"><img loading=\"lazy\" decoding=\"async\" class=\"aligncenter  wp-image-9117\" src=\"https:\/\/agora.xtec.cat\/ies-santa-eulalia\/wp-content\/uploads\/usu1612\/2022\/06\/PHOTO-2022-06-21-12-15-27-300x138.jpg\" alt=\"\" width=\"531\" height=\"244\" srcset=\"https:\/\/agora.xtec.cat\/ies-santa-eulalia\/wp-content\/uploads\/usu1612\/2022\/06\/PHOTO-2022-06-21-12-15-27-300x138.jpg 300w, https:\/\/agora.xtec.cat\/ies-santa-eulalia\/wp-content\/uploads\/usu1612\/2022\/06\/PHOTO-2022-06-21-12-15-27-1024x472.jpg 1024w, https:\/\/agora.xtec.cat\/ies-santa-eulalia\/wp-content\/uploads\/usu1612\/2022\/06\/PHOTO-2022-06-21-12-15-27-768x354.jpg 768w, https:\/\/agora.xtec.cat\/ies-santa-eulalia\/wp-content\/uploads\/usu1612\/2022\/06\/PHOTO-2022-06-21-12-15-27-1536x708.jpg 1536w, https:\/\/agora.xtec.cat\/ies-santa-eulalia\/wp-content\/uploads\/usu1612\/2022\/06\/PHOTO-2022-06-21-12-15-27.jpg 1600w\" sizes=\"auto, (max-width: 531px) 100vw, 531px\" \/><\/a><\/td>\n<\/tr>\n<\/tbody>\n<\/table>\n","protected":false},"excerpt":{"rendered":"<p>Ahir 21 de juny els primers de l&#8217;ESO v\u00e0rem fer una sortida conjunta al Parc de la Ciutadella i ens ho v\u00e0rem passar s\u00faper b\u00e9<br \/>\n&nbsp;<br \/>\nAqu\u00ed podeu veure una petita mostra de la jornada<\/p>\n<p><a href=\"https:\/\/agora.xtec.cat\/ies-santa-eulalia\/wp-content\/uploads\/usu1612\/2022\/06\/PHOTO-2022-06-21-15-22-20.jpg\"><\/a><br \/>\n<a href=\"https:\/\/agora.xtec.cat\/ies-santa-eulalia\/wp-content\/uploads\/usu1612\/2022\/06\/PHOTO-2022-06-21-15-22-17.jpg\"><\/a><br \/>\n<a href=\"https:\/\/agora.xtec.cat\/ies-santa-eulalia\/wp-content\/uploads\/usu1612\/2022\/06\/PHOTO-2022-06-21-12-15-27.jpg\"><\/a><\/p>\n","protected":false},"author":1,"featured_media":9119,"comment_status":"open","ping_status":"closed","sticky":false,"template":"","format":"standard","meta":{"_bbp_topic_count":0,"_bbp_reply_count":0,"_bbp_total_topic_count":0,"_bbp_total_reply_count":0,"_bbp_voice_count":0,"_bbp_anonymous_reply_count":0,"_bbp_topic_count_hidden":0,"_bbp_reply_count_hidden":0,"_bbp_forum_subforum_count":0,"footnotes":""},"categories":[3,4,1,29],"tags":[382,375,385],"class_list":["post-9116","post","type-post","status-publish","format-standard","has-post-thumbnail","hentry","category-eso","category-eso-1","category-general","category-portada","tag-ciutadella","tag-fi-de-curs","tag-sortida"],"post_mailing_queue_ids":[],"_links":{"self":[{"href":"https:\/\/agora.xtec.cat\/ies-santa-eulalia\/wp-json\/wp\/v2\/posts\/9116","targetHints":{"allow":["GET"]}}],"collection":[{"href":"https:\/\/agora.xtec.cat\/ies-santa-eulalia\/wp-json\/wp\/v2\/posts"}],"about":[{"href":"https:\/\/agora.xtec.cat\/ies-santa-eulalia\/wp-json\/wp\/v2\/types\/post"}],"author":[{"embeddable":true,"href":"https:\/\/agora.xtec.cat\/ies-santa-eulalia\/wp-json\/wp\/v2\/users\/1"}],"replies":[{"embeddable":true,"href":"https:\/\/agora.xtec.cat\/ies-santa-eulalia\/wp-json\/wp\/v2\/comments?post=9116"}],"version-history":[{"count":1,"href":"https:\/\/agora.xtec.cat\/ies-santa-eulalia\/wp-json\/wp\/v2\/posts\/9116\/revisions"}],"predecessor-version":[{"id":9120,"href":"https:\/\/agora.xtec.cat\/ies-santa-eulalia\/wp-json\/wp\/v2\/posts\/9116\/revisions\/9120"}],"wp:featuredmedia":[{"embeddable":true,"href":"https:\/\/agora.xtec.cat\/ies-santa-eulalia\/wp-json\/wp\/v2\/media\/9119"}],"wp:attachment":[{"href":"https:\/\/agora.xtec.cat\/ies-santa-eulalia\/wp-json\/wp\/v2\/media?parent=9116"}],"wp:term":[{"taxonomy":"category","embeddable":true,"href":"https:\/\/agora.xtec.cat\/ies-santa-eulalia\/wp-json\/wp\/v2\/categories?post=9116"},{"taxonomy":"post_tag","embeddable":true,"href":"https:\/\/agora.xtec.cat\/ies-santa-eulalia\/wp-json\/wp\/v2\/tags?post=9116"}],"curies":[{"name":"wp","href":"https:\/\/api.w.org\/{rel}","templated":true}]}}