{"id":9067,"date":"2022-06-20T11:30:43","date_gmt":"2022-06-20T09:30:43","guid":{"rendered":"https:\/\/agora.xtec.cat\/ies-santa-eulalia\/?p=9067"},"modified":"2022-06-20T11:30:43","modified_gmt":"2022-06-20T09:30:43","slug":"viatge-a-palamos-2022-4t-eso","status":"publish","type":"post","link":"https:\/\/agora.xtec.cat\/ies-santa-eulalia\/general\/viatge-a-palamos-2022-4t-eso\/","title":{"rendered":"Viatge a Palam\u00f3s 2022 &#8211; 4t ESO"},"content":{"rendered":"<p>Aquest any hem pogut guadir del viatge de 4t ESO i hem anat a Palam\u00f3s on hem gaudit de molta calor per\u00f2 tamb\u00e9 amb moltes activitats esportives com kayak, paddle surf i snorkel.<\/p>\n<p>&nbsp;<\/p>\n<p>El primer dia v\u00e0rem estar preparant una paella. Aqu\u00ed podeu veure algunes fotos:<\/p>\n<p>&nbsp;<\/p>\n<table style=\"border-collapse: collapse; width: 100%;\">\n<tbody>\n<tr>\n<td style=\"width: 50%;\"><a href=\"https:\/\/agora.xtec.cat\/ies-santa-eulalia\/wp-content\/uploads\/usu1612\/2022\/06\/PHOTO-2022-06-15-16-10-04.jpg\"><img loading=\"lazy\" decoding=\"async\" class=\"aligncenter  wp-image-9069\" src=\"https:\/\/agora.xtec.cat\/ies-santa-eulalia\/wp-content\/uploads\/usu1612\/2022\/06\/PHOTO-2022-06-15-16-10-04-225x300.jpg\" alt=\"\" width=\"358\" height=\"477\" srcset=\"https:\/\/agora.xtec.cat\/ies-santa-eulalia\/wp-content\/uploads\/usu1612\/2022\/06\/PHOTO-2022-06-15-16-10-04-225x300.jpg 225w, https:\/\/agora.xtec.cat\/ies-santa-eulalia\/wp-content\/uploads\/usu1612\/2022\/06\/PHOTO-2022-06-15-16-10-04-768x1024.jpg 768w, https:\/\/agora.xtec.cat\/ies-santa-eulalia\/wp-content\/uploads\/usu1612\/2022\/06\/PHOTO-2022-06-15-16-10-04-1152x1536.jpg 1152w, https:\/\/agora.xtec.cat\/ies-santa-eulalia\/wp-content\/uploads\/usu1612\/2022\/06\/PHOTO-2022-06-15-16-10-04.jpg 1200w\" sizes=\"auto, (max-width: 358px) 100vw, 358px\" \/><\/a><\/td>\n<td style=\"width: 50%;\"><a href=\"https:\/\/agora.xtec.cat\/ies-santa-eulalia\/wp-content\/uploads\/usu1612\/2022\/06\/PHOTO-2022-06-17-11-21-09.jpg\"><img loading=\"lazy\" decoding=\"async\" class=\"aligncenter  wp-image-9068\" src=\"https:\/\/agora.xtec.cat\/ies-santa-eulalia\/wp-content\/uploads\/usu1612\/2022\/06\/PHOTO-2022-06-17-11-21-09-300x225.jpg\" alt=\"\" width=\"604\" height=\"453\" srcset=\"https:\/\/agora.xtec.cat\/ies-santa-eulalia\/wp-content\/uploads\/usu1612\/2022\/06\/PHOTO-2022-06-17-11-21-09-300x225.jpg 300w, https:\/\/agora.xtec.cat\/ies-santa-eulalia\/wp-content\/uploads\/usu1612\/2022\/06\/PHOTO-2022-06-17-11-21-09-1024x768.jpg 1024w, https:\/\/agora.xtec.cat\/ies-santa-eulalia\/wp-content\/uploads\/usu1612\/2022\/06\/PHOTO-2022-06-17-11-21-09-768x576.jpg 768w, https:\/\/agora.xtec.cat\/ies-santa-eulalia\/wp-content\/uploads\/usu1612\/2022\/06\/PHOTO-2022-06-17-11-21-09-1536x1152.jpg 1536w, https:\/\/agora.xtec.cat\/ies-santa-eulalia\/wp-content\/uploads\/usu1612\/2022\/06\/PHOTO-2022-06-17-11-21-09-200x150.jpg 200w, https:\/\/agora.xtec.cat\/ies-santa-eulalia\/wp-content\/uploads\/usu1612\/2022\/06\/PHOTO-2022-06-17-11-21-09.jpg 1600w\" sizes=\"auto, (max-width: 604px) 100vw, 604px\" \/><\/a><\/td>\n<\/tr>\n<\/tbody>\n<\/table>\n<p>&nbsp;<\/p>\n<p>&nbsp;<\/p>\n<p>&nbsp;<\/p>\n<p>&nbsp;<\/p>\n","protected":false},"excerpt":{"rendered":"<p>Aquest any hem pogut guadir del viatge de 4t ESO i hem anat a Palam\u00f3s on hem gaudit de molta calor per\u00f2 tamb\u00e9 amb moltes activitats esportives com kayak, paddle surf i snorkel.<br \/>\n&nbsp;<br \/>\nEl primer dia v\u00e0rem estar preparant una paella. Aqu\u00ed podeu veure algunes fotos:<br \/>\n&nbsp;<\/p>\n<p><a&hellip;  <a href=\"https:\/\/agora.xtec.cat\/ies-santa-eulalia\/general\/viatge-a-palamos-2022-4t-eso\/\" title=\"Read Viatge a Palam\u00f3s 2022 &#8211; 4t ESO\">Llegeix m\u00e9s\u00bb<\/a><\/p>\n","protected":false},"author":1,"featured_media":9068,"comment_status":"open","ping_status":"closed","sticky":false,"template":"","format":"standard","meta":{"_bbp_topic_count":0,"_bbp_reply_count":0,"_bbp_total_topic_count":0,"_bbp_total_reply_count":0,"_bbp_voice_count":0,"_bbp_anonymous_reply_count":0,"_bbp_topic_count_hidden":0,"_bbp_reply_count_hidden":0,"_bbp_forum_subforum_count":0,"footnotes":""},"categories":[3,7,1,29],"tags":[],"class_list":["post-9067","post","type-post","status-publish","format-standard","has-post-thumbnail","hentry","category-eso","category-eso-4","category-general","category-portada"],"post_mailing_queue_ids":[],"_links":{"self":[{"href":"https:\/\/agora.xtec.cat\/ies-santa-eulalia\/wp-json\/wp\/v2\/posts\/9067","targetHints":{"allow":["GET"]}}],"collection":[{"href":"https:\/\/agora.xtec.cat\/ies-santa-eulalia\/wp-json\/wp\/v2\/posts"}],"about":[{"href":"https:\/\/agora.xtec.cat\/ies-santa-eulalia\/wp-json\/wp\/v2\/types\/post"}],"author":[{"embeddable":true,"href":"https:\/\/agora.xtec.cat\/ies-santa-eulalia\/wp-json\/wp\/v2\/users\/1"}],"replies":[{"embeddable":true,"href":"https:\/\/agora.xtec.cat\/ies-santa-eulalia\/wp-json\/wp\/v2\/comments?post=9067"}],"version-history":[{"count":2,"href":"https:\/\/agora.xtec.cat\/ies-santa-eulalia\/wp-json\/wp\/v2\/posts\/9067\/revisions"}],"predecessor-version":[{"id":9071,"href":"https:\/\/agora.xtec.cat\/ies-santa-eulalia\/wp-json\/wp\/v2\/posts\/9067\/revisions\/9071"}],"wp:featuredmedia":[{"embeddable":true,"href":"https:\/\/agora.xtec.cat\/ies-santa-eulalia\/wp-json\/wp\/v2\/media\/9068"}],"wp:attachment":[{"href":"https:\/\/agora.xtec.cat\/ies-santa-eulalia\/wp-json\/wp\/v2\/media?parent=9067"}],"wp:term":[{"taxonomy":"category","embeddable":true,"href":"https:\/\/agora.xtec.cat\/ies-santa-eulalia\/wp-json\/wp\/v2\/categories?post=9067"},{"taxonomy":"post_tag","embeddable":true,"href":"https:\/\/agora.xtec.cat\/ies-santa-eulalia\/wp-json\/wp\/v2\/tags?post=9067"}],"curies":[{"name":"wp","href":"https:\/\/api.w.org\/{rel}","templated":true}]}}