{"id":9043,"date":"2022-06-16T13:12:44","date_gmt":"2022-06-16T11:12:44","guid":{"rendered":"https:\/\/agora.xtec.cat\/ies-santa-eulalia\/?p=9043"},"modified":"2022-06-17T09:18:01","modified_gmt":"2022-06-17T07:18:01","slug":"fi-de-la-selectivitat-2022","status":"publish","type":"post","link":"https:\/\/agora.xtec.cat\/ies-santa-eulalia\/general\/fi-de-la-selectivitat-2022\/","title":{"rendered":"Fi de la Selectivitat 2022!!"},"content":{"rendered":"<p>Despr\u00e9s de tres dies intensos fent el ex\u00e0mens de les PAU (Proves Acc\u00e9s Universitat), tot ha sortit b\u00e9 i ja hem acabat!!! Ara\u00a0 toca\u00a0 esperar\u00a0 les\u00a0 notes.<\/p>\n<p>&nbsp;<\/p>\n<table style=\"border-collapse: collapse; width: 100%;\">\n<tbody>\n<tr>\n<td style=\"width: 50%;\"><a href=\"https:\/\/agora.xtec.cat\/ies-santa-eulalia\/wp-content\/uploads\/usu1612\/2022\/06\/PHOTO-2022-06-16-12-44-11-1.jpg\"><img loading=\"lazy\" decoding=\"async\" class=\"aligncenter wp-image-9056\" src=\"https:\/\/agora.xtec.cat\/ies-santa-eulalia\/wp-content\/uploads\/usu1612\/2022\/06\/PHOTO-2022-06-16-12-44-11-1-300x225.jpg\" alt=\"\" width=\"553\" height=\"415\" srcset=\"https:\/\/agora.xtec.cat\/ies-santa-eulalia\/wp-content\/uploads\/usu1612\/2022\/06\/PHOTO-2022-06-16-12-44-11-1-300x225.jpg 300w, https:\/\/agora.xtec.cat\/ies-santa-eulalia\/wp-content\/uploads\/usu1612\/2022\/06\/PHOTO-2022-06-16-12-44-11-1-1024x768.jpg 1024w, https:\/\/agora.xtec.cat\/ies-santa-eulalia\/wp-content\/uploads\/usu1612\/2022\/06\/PHOTO-2022-06-16-12-44-11-1-768x576.jpg 768w, https:\/\/agora.xtec.cat\/ies-santa-eulalia\/wp-content\/uploads\/usu1612\/2022\/06\/PHOTO-2022-06-16-12-44-11-1-1536x1152.jpg 1536w, https:\/\/agora.xtec.cat\/ies-santa-eulalia\/wp-content\/uploads\/usu1612\/2022\/06\/PHOTO-2022-06-16-12-44-11-1-200x150.jpg 200w, https:\/\/agora.xtec.cat\/ies-santa-eulalia\/wp-content\/uploads\/usu1612\/2022\/06\/PHOTO-2022-06-16-12-44-11-1.jpg 2000w\" sizes=\"auto, (max-width: 553px) 100vw, 553px\" \/><\/a><\/td>\n<td style=\"width: 50%;\"><a href=\"https:\/\/agora.xtec.cat\/ies-santa-eulalia\/wp-content\/uploads\/usu1612\/2022\/06\/PHOTO-2022-06-16-18-47-27-2.jpg\"><img loading=\"lazy\" decoding=\"async\" class=\"aligncenter wp-image-9054\" src=\"https:\/\/agora.xtec.cat\/ies-santa-eulalia\/wp-content\/uploads\/usu1612\/2022\/06\/PHOTO-2022-06-16-18-47-27-2-300x135.jpg\" alt=\"\" width=\"747\" height=\"336\" srcset=\"https:\/\/agora.xtec.cat\/ies-santa-eulalia\/wp-content\/uploads\/usu1612\/2022\/06\/PHOTO-2022-06-16-18-47-27-2-300x135.jpg 300w, https:\/\/agora.xtec.cat\/ies-santa-eulalia\/wp-content\/uploads\/usu1612\/2022\/06\/PHOTO-2022-06-16-18-47-27-2-1024x461.jpg 1024w, https:\/\/agora.xtec.cat\/ies-santa-eulalia\/wp-content\/uploads\/usu1612\/2022\/06\/PHOTO-2022-06-16-18-47-27-2-768x346.jpg 768w, https:\/\/agora.xtec.cat\/ies-santa-eulalia\/wp-content\/uploads\/usu1612\/2022\/06\/PHOTO-2022-06-16-18-47-27-2.jpg 1400w\" sizes=\"auto, (max-width: 747px) 100vw, 747px\" \/><\/a><\/td>\n<\/tr>\n<\/tbody>\n<\/table>\n","protected":false},"excerpt":{"rendered":"<p>Despr\u00e9s de tres dies intensos fent el ex\u00e0mens de les PAU (Proves Acc\u00e9s Universitat), tot ha sortit b\u00e9 i ja hem acabat!!! Ara\u00a0 toca\u00a0 esperar\u00a0 les\u00a0 notes.<br \/>\n&nbsp;<\/p>\n<p><a href=\"https:\/\/agora.xtec.cat\/ies-santa-eulalia\/wp-content\/uploads\/usu1612\/2022\/06\/PHOTO-2022-06-16-12-44-11-1.jpg\"><\/a><br \/>\n<a href=\"https:\/\/agora.xtec.cat\/ies-santa-eulalia\/wp-content\/uploads\/usu1612\/2022\/06\/PHOTO-2022-06-16-18-47-27-2.jpg\"><\/a><\/p>\n","protected":false},"author":1,"featured_media":9044,"comment_status":"open","ping_status":"closed","sticky":false,"template":"","format":"standard","meta":{"_bbp_topic_count":0,"_bbp_reply_count":0,"_bbp_total_topic_count":0,"_bbp_total_reply_count":0,"_bbp_voice_count":0,"_bbp_anonymous_reply_count":0,"_bbp_topic_count_hidden":0,"_bbp_reply_count_hidden":0,"_bbp_forum_subforum_count":0,"footnotes":""},"categories":[174,8,3,1,29],"tags":[376,373],"class_list":["post-9043","post","type-post","status-publish","format-standard","has-post-thumbnail","hentry","category-2n-batxillerat","category-batxillerat","category-eso","category-general","category-portada","tag-proves-pau","tag-selectivitat"],"post_mailing_queue_ids":[],"_links":{"self":[{"href":"https:\/\/agora.xtec.cat\/ies-santa-eulalia\/wp-json\/wp\/v2\/posts\/9043","targetHints":{"allow":["GET"]}}],"collection":[{"href":"https:\/\/agora.xtec.cat\/ies-santa-eulalia\/wp-json\/wp\/v2\/posts"}],"about":[{"href":"https:\/\/agora.xtec.cat\/ies-santa-eulalia\/wp-json\/wp\/v2\/types\/post"}],"author":[{"embeddable":true,"href":"https:\/\/agora.xtec.cat\/ies-santa-eulalia\/wp-json\/wp\/v2\/users\/1"}],"replies":[{"embeddable":true,"href":"https:\/\/agora.xtec.cat\/ies-santa-eulalia\/wp-json\/wp\/v2\/comments?post=9043"}],"version-history":[{"count":3,"href":"https:\/\/agora.xtec.cat\/ies-santa-eulalia\/wp-json\/wp\/v2\/posts\/9043\/revisions"}],"predecessor-version":[{"id":9058,"href":"https:\/\/agora.xtec.cat\/ies-santa-eulalia\/wp-json\/wp\/v2\/posts\/9043\/revisions\/9058"}],"wp:featuredmedia":[{"embeddable":true,"href":"https:\/\/agora.xtec.cat\/ies-santa-eulalia\/wp-json\/wp\/v2\/media\/9044"}],"wp:attachment":[{"href":"https:\/\/agora.xtec.cat\/ies-santa-eulalia\/wp-json\/wp\/v2\/media?parent=9043"}],"wp:term":[{"taxonomy":"category","embeddable":true,"href":"https:\/\/agora.xtec.cat\/ies-santa-eulalia\/wp-json\/wp\/v2\/categories?post=9043"},{"taxonomy":"post_tag","embeddable":true,"href":"https:\/\/agora.xtec.cat\/ies-santa-eulalia\/wp-json\/wp\/v2\/tags?post=9043"}],"curies":[{"name":"wp","href":"https:\/\/api.w.org\/{rel}","templated":true}]}}