{"id":8999,"date":"2022-06-14T13:04:27","date_gmt":"2022-06-14T11:04:27","guid":{"rendered":"https:\/\/agora.xtec.cat\/ies-santa-eulalia\/?p=8999"},"modified":"2022-06-16T15:45:16","modified_gmt":"2022-06-16T13:45:16","slug":"projecte-escoles-for-futures-4t-c","status":"publish","type":"post","link":"https:\/\/agora.xtec.cat\/ies-santa-eulalia\/general\/projecte-escoles-for-futures-4t-c\/","title":{"rendered":"Projecte Escoles for Future &#8211; 4t C"},"content":{"rendered":"<p><span style=\"font-family: arial, sans-serif;\">El grup de 4t C de la ESO juntament amb la nostra estimada docent Luc\u00eda Rubio han col\u00b7laborat i portat a terme el <b>Projecte\u00a0ESCOLES FOR FUTURE<\/b> el qual t\u00e9 com a objectiu conscienciar als alumnes i la resta de la comunitat educativa sobre el consum sostenible, l&#8217;economia circular, el canvi clim\u00e0tic, aix\u00ed com l&#8217;an\u00e0lisi de la situaci\u00f3 global i l&#8217;impacte local.<\/span><\/p>\n<p>&nbsp;<\/p>\n<p><span style=\"font-family: arial, sans-serif;\">Volem compartir amb vosaltres <a href=\"https:\/\/lhdigital.cat\/web\/digital-h\/televisio\/veure-video\/-\/journal_content\/56_INSTANCE_ZrP3\/11023\/15082079\">l&#8217;enlla\u00e7<\/a> al reportatge que Aula L&#8217;H de Tele Hospitalet va emetre el passat dia 8 de juny on podreu fer-vos una idea d&#8217;aquest projecte <b>\u00a0ESCOLES FOR FUTURE.<\/b><\/span><\/p>\n<p><a href=\"https:\/\/lhdigital.cat\/web\/digital-h\/televisio\/veure-video\/-\/journal_content\/56_INSTANCE_ZrP3\/11023\/15082079#.Yqhqny5PIs8.link\"><img loading=\"lazy\" decoding=\"async\" class=\"aligncenter size-full wp-image-9000\" src=\"https:\/\/agora.xtec.cat\/ies-santa-eulalia\/wp-content\/uploads\/usu1612\/2022\/06\/Veure-video-Aula-LH-8-de-juny-El-programa-Escoles-for-future-a-linstitut-Santa-Eulalia.png\" alt=\"\" width=\"910\" height=\"586\" srcset=\"https:\/\/agora.xtec.cat\/ies-santa-eulalia\/wp-content\/uploads\/usu1612\/2022\/06\/Veure-video-Aula-LH-8-de-juny-El-programa-Escoles-for-future-a-linstitut-Santa-Eulalia.png 910w, https:\/\/agora.xtec.cat\/ies-santa-eulalia\/wp-content\/uploads\/usu1612\/2022\/06\/Veure-video-Aula-LH-8-de-juny-El-programa-Escoles-for-future-a-linstitut-Santa-Eulalia-300x193.png 300w, https:\/\/agora.xtec.cat\/ies-santa-eulalia\/wp-content\/uploads\/usu1612\/2022\/06\/Veure-video-Aula-LH-8-de-juny-El-programa-Escoles-for-future-a-linstitut-Santa-Eulalia-768x495.png 768w\" sizes=\"auto, (max-width: 910px) 100vw, 910px\" \/><\/a><\/p>\n<p>&nbsp;<\/p>\n<p>&nbsp;<\/p>\n","protected":false},"excerpt":{"rendered":"<p>El grup de 4t C de la ESO juntament amb la nostra estimada docent Luc\u00eda Rubio han col\u00b7laborat i portat a terme el Projecte\u00a0ESCOLES FOR FUTURE el qual t\u00e9 com a objectiu conscienciar als alumnes i la resta de la comunitat educativa sobre el consum&hellip;  <a href=\"https:\/\/agora.xtec.cat\/ies-santa-eulalia\/general\/projecte-escoles-for-futures-4t-c\/\" title=\"Read Projecte Escoles for Future &#8211; 4t C\">Llegeix m\u00e9s\u00bb<\/a><\/p>\n","protected":false},"author":1,"featured_media":9000,"comment_status":"open","ping_status":"closed","sticky":false,"template":"","format":"standard","meta":{"_bbp_topic_count":0,"_bbp_reply_count":0,"_bbp_total_topic_count":0,"_bbp_total_reply_count":0,"_bbp_voice_count":0,"_bbp_anonymous_reply_count":0,"_bbp_topic_count_hidden":0,"_bbp_reply_count_hidden":0,"_bbp_forum_subforum_count":0,"footnotes":""},"categories":[3,26,1,29],"tags":[288,379,378,377,297],"class_list":["post-8999","post","type-post","status-publish","format-standard","has-post-thumbnail","hentry","category-eso","category-eso-4c","category-general","category-portada","tag-4t-eso","tag-aprenem-fent","tag-comunitat","tag-servei-i-aprenentatge","tag-sostenibilitat"],"post_mailing_queue_ids":[],"_links":{"self":[{"href":"https:\/\/agora.xtec.cat\/ies-santa-eulalia\/wp-json\/wp\/v2\/posts\/8999","targetHints":{"allow":["GET"]}}],"collection":[{"href":"https:\/\/agora.xtec.cat\/ies-santa-eulalia\/wp-json\/wp\/v2\/posts"}],"about":[{"href":"https:\/\/agora.xtec.cat\/ies-santa-eulalia\/wp-json\/wp\/v2\/types\/post"}],"author":[{"embeddable":true,"href":"https:\/\/agora.xtec.cat\/ies-santa-eulalia\/wp-json\/wp\/v2\/users\/1"}],"replies":[{"embeddable":true,"href":"https:\/\/agora.xtec.cat\/ies-santa-eulalia\/wp-json\/wp\/v2\/comments?post=8999"}],"version-history":[{"count":3,"href":"https:\/\/agora.xtec.cat\/ies-santa-eulalia\/wp-json\/wp\/v2\/posts\/8999\/revisions"}],"predecessor-version":[{"id":9053,"href":"https:\/\/agora.xtec.cat\/ies-santa-eulalia\/wp-json\/wp\/v2\/posts\/8999\/revisions\/9053"}],"wp:featuredmedia":[{"embeddable":true,"href":"https:\/\/agora.xtec.cat\/ies-santa-eulalia\/wp-json\/wp\/v2\/media\/9000"}],"wp:attachment":[{"href":"https:\/\/agora.xtec.cat\/ies-santa-eulalia\/wp-json\/wp\/v2\/media?parent=8999"}],"wp:term":[{"taxonomy":"category","embeddable":true,"href":"https:\/\/agora.xtec.cat\/ies-santa-eulalia\/wp-json\/wp\/v2\/categories?post=8999"},{"taxonomy":"post_tag","embeddable":true,"href":"https:\/\/agora.xtec.cat\/ies-santa-eulalia\/wp-json\/wp\/v2\/tags?post=8999"}],"curies":[{"name":"wp","href":"https:\/\/api.w.org\/{rel}","templated":true}]}}