{"id":8974,"date":"2022-06-10T14:52:45","date_gmt":"2022-06-10T12:52:45","guid":{"rendered":"https:\/\/agora.xtec.cat\/ies-santa-eulalia\/?p=8974"},"modified":"2022-06-10T14:53:18","modified_gmt":"2022-06-10T12:53:18","slug":"3r-eso-sortida-en-bici-pel-front-maritim","status":"publish","type":"post","link":"https:\/\/agora.xtec.cat\/ies-santa-eulalia\/general\/3r-eso-sortida-en-bici-pel-front-maritim\/","title":{"rendered":"3r ESO -Sortida en bici pel front mar\u00edtim"},"content":{"rendered":"<p dir=\"auto\">Els alumnes de 3r d&#8217;ESO van realitzar la sortida amb bici pel front mar\u00edtim fa unes setmanes.<\/p>\n<p dir=\"auto\">Aquesta activitat va estar organitzada per l&#8217;empresa Biciclot que ens van fer gaudir d&#8217;un dia immillorable.<\/p>\n<p dir=\"auto\">En cadascun dels dos dies van participar dos grups. L&#8217;activitat es va dividir en dos parts, que van ser les seg\u00fcents:<\/p>\n<p dir=\"auto\">1. Sortida amb bici pel front mar\u00edtim.<\/p>\n<p dir=\"auto\">2. Taller de reparaci\u00f3 de punxades de rodes.<\/p>\n<p dir=\"auto\">Per tot aix\u00f2, va ser una sortida molt entretinguda en la que els alumnes van gaudir d&#8217;amunt la bici i, a m\u00e9s a m\u00e9s, van poder con\u00e8ixer la manera de reparar una roda en cas que ho necessitaren.<\/p>\n<p dir=\"auto\">El feedback del alumnes sobre la sortida va ser molt positiu. Van poder gaudir d&#8217;una jornada damunt la bici en un entorn privilegiat com \u00e9s el front mar\u00edtim.<\/p>\n<p dir=\"auto\">Pel que fa al taller mec\u00e0nic que van realitzar, lis va semblar molt divertit, din\u00e0mic i \u00fatil.<\/p>\n<p dir=\"auto\">El monitor encarregat de dur-lo a terme va explicar una mica les parts de la bici i les rodes i que es necessita per reparar una d&#8217;aquestes. Lis va facilitar la informaci\u00f3 necess\u00e0ria i el kit de reparaci\u00f3 de punxades per poder fer aquesta tasca.<\/p>\n<p dir=\"auto\">El taller va ser un \u00e8xit!!<\/p>\n<p dir=\"auto\">Per \u00faltim donar les gr\u00e0cies tant als alumnes com als professors participants per la seva implicaci\u00f3. Y tamb\u00e9 al grup Biciclot per proporcionar-nos la possibilitat de fer aquesta sortida tan ben organitzada i entretinguda.<\/p>\n<p dir=\"auto\"><a href=\"https:\/\/agora.xtec.cat\/ies-santa-eulalia\/wp-content\/uploads\/usu1612\/2022\/06\/IMG_20220420_105906-1-1-scaled.jpg\"><img loading=\"lazy\" decoding=\"async\" class=\"aligncenter size-full wp-image-8977\" src=\"https:\/\/agora.xtec.cat\/ies-santa-eulalia\/wp-content\/uploads\/usu1612\/2022\/06\/IMG_20220420_105906-1-1-scaled.jpg\" alt=\"\" width=\"2560\" height=\"1920\" srcset=\"https:\/\/agora.xtec.cat\/ies-santa-eulalia\/wp-content\/uploads\/usu1612\/2022\/06\/IMG_20220420_105906-1-1-scaled.jpg 2560w, https:\/\/agora.xtec.cat\/ies-santa-eulalia\/wp-content\/uploads\/usu1612\/2022\/06\/IMG_20220420_105906-1-1-300x225.jpg 300w, https:\/\/agora.xtec.cat\/ies-santa-eulalia\/wp-content\/uploads\/usu1612\/2022\/06\/IMG_20220420_105906-1-1-1024x768.jpg 1024w, https:\/\/agora.xtec.cat\/ies-santa-eulalia\/wp-content\/uploads\/usu1612\/2022\/06\/IMG_20220420_105906-1-1-768x576.jpg 768w, https:\/\/agora.xtec.cat\/ies-santa-eulalia\/wp-content\/uploads\/usu1612\/2022\/06\/IMG_20220420_105906-1-1-1536x1152.jpg 1536w, https:\/\/agora.xtec.cat\/ies-santa-eulalia\/wp-content\/uploads\/usu1612\/2022\/06\/IMG_20220420_105906-1-1-2048x1536.jpg 2048w, https:\/\/agora.xtec.cat\/ies-santa-eulalia\/wp-content\/uploads\/usu1612\/2022\/06\/IMG_20220420_105906-1-1-200x150.jpg 200w\" sizes=\"auto, (max-width: 2560px) 100vw, 2560px\" \/><\/a><\/p>\n<p dir=\"auto\"><a href=\"https:\/\/agora.xtec.cat\/ies-santa-eulalia\/wp-content\/uploads\/usu1612\/2022\/06\/IMG_20220420_105856-1-scaled.jpg\"><img loading=\"lazy\" decoding=\"async\" class=\"aligncenter size-full wp-image-8978\" src=\"https:\/\/agora.xtec.cat\/ies-santa-eulalia\/wp-content\/uploads\/usu1612\/2022\/06\/IMG_20220420_105856-1-scaled.jpg\" alt=\"\" width=\"2560\" height=\"1920\" srcset=\"https:\/\/agora.xtec.cat\/ies-santa-eulalia\/wp-content\/uploads\/usu1612\/2022\/06\/IMG_20220420_105856-1-scaled.jpg 2560w, https:\/\/agora.xtec.cat\/ies-santa-eulalia\/wp-content\/uploads\/usu1612\/2022\/06\/IMG_20220420_105856-1-300x225.jpg 300w, https:\/\/agora.xtec.cat\/ies-santa-eulalia\/wp-content\/uploads\/usu1612\/2022\/06\/IMG_20220420_105856-1-1024x768.jpg 1024w, https:\/\/agora.xtec.cat\/ies-santa-eulalia\/wp-content\/uploads\/usu1612\/2022\/06\/IMG_20220420_105856-1-768x576.jpg 768w, https:\/\/agora.xtec.cat\/ies-santa-eulalia\/wp-content\/uploads\/usu1612\/2022\/06\/IMG_20220420_105856-1-1536x1152.jpg 1536w, https:\/\/agora.xtec.cat\/ies-santa-eulalia\/wp-content\/uploads\/usu1612\/2022\/06\/IMG_20220420_105856-1-2048x1536.jpg 2048w, https:\/\/agora.xtec.cat\/ies-santa-eulalia\/wp-content\/uploads\/usu1612\/2022\/06\/IMG_20220420_105856-1-200x150.jpg 200w\" sizes=\"auto, (max-width: 2560px) 100vw, 2560px\" \/><\/a><\/p>\n<p dir=\"auto\"><a href=\"https:\/\/agora.xtec.cat\/ies-santa-eulalia\/wp-content\/uploads\/usu1612\/2022\/06\/IMG_20220301_130332-1-1-scaled.jpg\"><img loading=\"lazy\" decoding=\"async\" class=\"aligncenter size-full wp-image-8979\" src=\"https:\/\/agora.xtec.cat\/ies-santa-eulalia\/wp-content\/uploads\/usu1612\/2022\/06\/IMG_20220301_130332-1-1-scaled.jpg\" alt=\"\" width=\"2560\" height=\"1920\" srcset=\"https:\/\/agora.xtec.cat\/ies-santa-eulalia\/wp-content\/uploads\/usu1612\/2022\/06\/IMG_20220301_130332-1-1-scaled.jpg 2560w, https:\/\/agora.xtec.cat\/ies-santa-eulalia\/wp-content\/uploads\/usu1612\/2022\/06\/IMG_20220301_130332-1-1-300x225.jpg 300w, https:\/\/agora.xtec.cat\/ies-santa-eulalia\/wp-content\/uploads\/usu1612\/2022\/06\/IMG_20220301_130332-1-1-1024x768.jpg 1024w, https:\/\/agora.xtec.cat\/ies-santa-eulalia\/wp-content\/uploads\/usu1612\/2022\/06\/IMG_20220301_130332-1-1-768x576.jpg 768w, https:\/\/agora.xtec.cat\/ies-santa-eulalia\/wp-content\/uploads\/usu1612\/2022\/06\/IMG_20220301_130332-1-1-1536x1152.jpg 1536w, https:\/\/agora.xtec.cat\/ies-santa-eulalia\/wp-content\/uploads\/usu1612\/2022\/06\/IMG_20220301_130332-1-1-2048x1536.jpg 2048w, https:\/\/agora.xtec.cat\/ies-santa-eulalia\/wp-content\/uploads\/usu1612\/2022\/06\/IMG_20220301_130332-1-1-200x150.jpg 200w\" sizes=\"auto, (max-width: 2560px) 100vw, 2560px\" \/><\/a><\/p>\n<div dir=\"auto\"><a href=\"https:\/\/agora.xtec.cat\/ies-santa-eulalia\/wp-content\/uploads\/usu1612\/2022\/06\/IMG-20220301-WA0015.jpg\"><img loading=\"lazy\" decoding=\"async\" class=\"aligncenter size-full wp-image-8975\" src=\"https:\/\/agora.xtec.cat\/ies-santa-eulalia\/wp-content\/uploads\/usu1612\/2022\/06\/IMG-20220301-WA0015.jpg\" alt=\"\" width=\"1500\" height=\"2000\" srcset=\"https:\/\/agora.xtec.cat\/ies-santa-eulalia\/wp-content\/uploads\/usu1612\/2022\/06\/IMG-20220301-WA0015.jpg 1500w, https:\/\/agora.xtec.cat\/ies-santa-eulalia\/wp-content\/uploads\/usu1612\/2022\/06\/IMG-20220301-WA0015-225x300.jpg 225w, https:\/\/agora.xtec.cat\/ies-santa-eulalia\/wp-content\/uploads\/usu1612\/2022\/06\/IMG-20220301-WA0015-768x1024.jpg 768w, https:\/\/agora.xtec.cat\/ies-santa-eulalia\/wp-content\/uploads\/usu1612\/2022\/06\/IMG-20220301-WA0015-1152x1536.jpg 1152w\" sizes=\"auto, (max-width: 1500px) 100vw, 1500px\" \/><\/a> <a href=\"https:\/\/agora.xtec.cat\/ies-santa-eulalia\/wp-content\/uploads\/usu1612\/2022\/06\/IMG-20220301-WA0011.jpg\"><img loading=\"lazy\" decoding=\"async\" class=\"aligncenter size-full wp-image-8976\" src=\"https:\/\/agora.xtec.cat\/ies-santa-eulalia\/wp-content\/uploads\/usu1612\/2022\/06\/IMG-20220301-WA0011.jpg\" alt=\"\" width=\"1500\" height=\"2000\" srcset=\"https:\/\/agora.xtec.cat\/ies-santa-eulalia\/wp-content\/uploads\/usu1612\/2022\/06\/IMG-20220301-WA0011.jpg 1500w, https:\/\/agora.xtec.cat\/ies-santa-eulalia\/wp-content\/uploads\/usu1612\/2022\/06\/IMG-20220301-WA0011-225x300.jpg 225w, https:\/\/agora.xtec.cat\/ies-santa-eulalia\/wp-content\/uploads\/usu1612\/2022\/06\/IMG-20220301-WA0011-768x1024.jpg 768w, https:\/\/agora.xtec.cat\/ies-santa-eulalia\/wp-content\/uploads\/usu1612\/2022\/06\/IMG-20220301-WA0011-1152x1536.jpg 1152w\" sizes=\"auto, (max-width: 1500px) 100vw, 1500px\" \/><\/a><\/div>\n<div dir=\"auto\"><\/div>\n","protected":false},"excerpt":{"rendered":"<p>Els alumnes de 3r d&#8217;ESO van realitzar la sortida amb bici pel front mar\u00edtim fa unes setmanes.<br \/>\nAquesta activitat va estar organitzada per l&#8217;empresa Biciclot que ens van fer gaudir d&#8217;un dia immillorable.<br \/>\nEn cadascun dels dos dies van participar dos grups. L&#8217;activitat es va dividir en&hellip;  <a href=\"https:\/\/agora.xtec.cat\/ies-santa-eulalia\/general\/3r-eso-sortida-en-bici-pel-front-maritim\/\" title=\"Read 3r ESO -Sortida en bici pel front mar\u00edtim\">Llegeix m\u00e9s\u00bb<\/a><\/p>\n","protected":false},"author":1,"featured_media":8978,"comment_status":"open","ping_status":"closed","sticky":false,"template":"","format":"standard","meta":{"_bbp_topic_count":0,"_bbp_reply_count":0,"_bbp_total_topic_count":0,"_bbp_total_reply_count":0,"_bbp_voice_count":0,"_bbp_anonymous_reply_count":0,"_bbp_topic_count_hidden":0,"_bbp_reply_count_hidden":0,"_bbp_forum_subforum_count":0,"footnotes":""},"categories":[135,3,6,1,29],"tags":[],"class_list":["post-8974","post","type-post","status-publish","format-standard","has-post-thumbnail","hentry","category-e-f","category-eso","category-eso-3","category-general","category-portada"],"post_mailing_queue_ids":[],"_links":{"self":[{"href":"https:\/\/agora.xtec.cat\/ies-santa-eulalia\/wp-json\/wp\/v2\/posts\/8974","targetHints":{"allow":["GET"]}}],"collection":[{"href":"https:\/\/agora.xtec.cat\/ies-santa-eulalia\/wp-json\/wp\/v2\/posts"}],"about":[{"href":"https:\/\/agora.xtec.cat\/ies-santa-eulalia\/wp-json\/wp\/v2\/types\/post"}],"author":[{"embeddable":true,"href":"https:\/\/agora.xtec.cat\/ies-santa-eulalia\/wp-json\/wp\/v2\/users\/1"}],"replies":[{"embeddable":true,"href":"https:\/\/agora.xtec.cat\/ies-santa-eulalia\/wp-json\/wp\/v2\/comments?post=8974"}],"version-history":[{"count":2,"href":"https:\/\/agora.xtec.cat\/ies-santa-eulalia\/wp-json\/wp\/v2\/posts\/8974\/revisions"}],"predecessor-version":[{"id":8981,"href":"https:\/\/agora.xtec.cat\/ies-santa-eulalia\/wp-json\/wp\/v2\/posts\/8974\/revisions\/8981"}],"wp:featuredmedia":[{"embeddable":true,"href":"https:\/\/agora.xtec.cat\/ies-santa-eulalia\/wp-json\/wp\/v2\/media\/8978"}],"wp:attachment":[{"href":"https:\/\/agora.xtec.cat\/ies-santa-eulalia\/wp-json\/wp\/v2\/media?parent=8974"}],"wp:term":[{"taxonomy":"category","embeddable":true,"href":"https:\/\/agora.xtec.cat\/ies-santa-eulalia\/wp-json\/wp\/v2\/categories?post=8974"},{"taxonomy":"post_tag","embeddable":true,"href":"https:\/\/agora.xtec.cat\/ies-santa-eulalia\/wp-json\/wp\/v2\/tags?post=8974"}],"curies":[{"name":"wp","href":"https:\/\/api.w.org\/{rel}","templated":true}]}}