{"id":8892,"date":"2022-06-04T12:00:26","date_gmt":"2022-06-04T10:00:26","guid":{"rendered":"https:\/\/agora.xtec.cat\/ies-santa-eulalia\/?p=8892"},"modified":"2022-06-04T12:01:35","modified_gmt":"2022-06-04T10:01:35","slug":"historia-oral-1r-batxillerat","status":"publish","type":"post","link":"https:\/\/agora.xtec.cat\/ies-santa-eulalia\/general\/historia-oral-1r-batxillerat\/","title":{"rendered":"Hist\u00f2ria Oral 1r Batxillerat"},"content":{"rendered":"<p dir=\"auto\">Com a activitat de final de curs, els alumnes d&#8217;hist\u00f2ria del m\u00f3n de 1r de batxillerat, han fet el seu primer treball d&#8217;hist\u00f2ria oral, i ho han fet entrevistant a persones del seu entorn m\u00e9s proper.<\/p>\n<p dir=\"auto\">Ha estat una bona experi\u00e8ncia, hem escoltat hist\u00f2ries de moviments migratoris, tant interiors com exteriors, testimonis de la guerra Civil o el franquisme.<\/p>\n<p dir=\"auto\">Testimonis com el de l&#8217;avi de l&#8217;Ariadna, qui sempre li diu\u00a0<i>-durant el franquisme la vida era en blanc i negre<b>&#8211;<\/b><\/i><\/p>\n<p dir=\"auto\">Experi\u00e8ncies vitals i humanes, que ens ajuden a entendre el nostre passat m\u00e9s proper.<\/p>\n<p dir=\"auto\"><a href=\"https:\/\/agora.xtec.cat\/ies-santa-eulalia\/wp-content\/uploads\/usu1612\/2022\/06\/IMG_20220603_180912.jpg\"><img loading=\"lazy\" decoding=\"async\" class=\"aligncenter size-full wp-image-8893\" src=\"https:\/\/agora.xtec.cat\/ies-santa-eulalia\/wp-content\/uploads\/usu1612\/2022\/06\/IMG_20220603_180912.jpg\" alt=\"\" width=\"1731\" height=\"2136\" srcset=\"https:\/\/agora.xtec.cat\/ies-santa-eulalia\/wp-content\/uploads\/usu1612\/2022\/06\/IMG_20220603_180912.jpg 1731w, https:\/\/agora.xtec.cat\/ies-santa-eulalia\/wp-content\/uploads\/usu1612\/2022\/06\/IMG_20220603_180912-243x300.jpg 243w, https:\/\/agora.xtec.cat\/ies-santa-eulalia\/wp-content\/uploads\/usu1612\/2022\/06\/IMG_20220603_180912-830x1024.jpg 830w, https:\/\/agora.xtec.cat\/ies-santa-eulalia\/wp-content\/uploads\/usu1612\/2022\/06\/IMG_20220603_180912-768x948.jpg 768w, https:\/\/agora.xtec.cat\/ies-santa-eulalia\/wp-content\/uploads\/usu1612\/2022\/06\/IMG_20220603_180912-1245x1536.jpg 1245w, https:\/\/agora.xtec.cat\/ies-santa-eulalia\/wp-content\/uploads\/usu1612\/2022\/06\/IMG_20220603_180912-1660x2048.jpg 1660w\" sizes=\"auto, (max-width: 1731px) 100vw, 1731px\" \/><\/a><\/p>\n","protected":false},"excerpt":{"rendered":"<p>Com a activitat de final de curs, els alumnes d&#8217;hist\u00f2ria del m\u00f3n de 1r de batxillerat, han fet el seu primer treball d&#8217;hist\u00f2ria oral, i ho han fet entrevistant a persones del seu entorn m\u00e9s proper.<br \/>\nHa estat una bona experi\u00e8ncia, hem escoltat hist\u00f2ries de moviments&hellip;  <a href=\"https:\/\/agora.xtec.cat\/ies-santa-eulalia\/general\/historia-oral-1r-batxillerat\/\" title=\"Read Hist\u00f2ria Oral 1r Batxillerat\">Llegeix m\u00e9s\u00bb<\/a><\/p>\n","protected":false},"author":1,"featured_media":8893,"comment_status":"open","ping_status":"closed","sticky":false,"template":"","format":"standard","meta":{"_bbp_topic_count":0,"_bbp_reply_count":0,"_bbp_total_topic_count":0,"_bbp_total_reply_count":0,"_bbp_voice_count":0,"_bbp_anonymous_reply_count":0,"_bbp_topic_count_hidden":0,"_bbp_reply_count_hidden":0,"_bbp_forum_subforum_count":0,"footnotes":""},"categories":[147,8,1,29],"tags":[125,354,355],"class_list":["post-8892","post","type-post","status-publish","format-standard","has-post-thumbnail","hentry","category-novetats-geografia-i-historia","category-batxillerat","category-general","category-portada","tag-batxillerat","tag-historia-oral","tag-primer"],"post_mailing_queue_ids":[],"_links":{"self":[{"href":"https:\/\/agora.xtec.cat\/ies-santa-eulalia\/wp-json\/wp\/v2\/posts\/8892","targetHints":{"allow":["GET"]}}],"collection":[{"href":"https:\/\/agora.xtec.cat\/ies-santa-eulalia\/wp-json\/wp\/v2\/posts"}],"about":[{"href":"https:\/\/agora.xtec.cat\/ies-santa-eulalia\/wp-json\/wp\/v2\/types\/post"}],"author":[{"embeddable":true,"href":"https:\/\/agora.xtec.cat\/ies-santa-eulalia\/wp-json\/wp\/v2\/users\/1"}],"replies":[{"embeddable":true,"href":"https:\/\/agora.xtec.cat\/ies-santa-eulalia\/wp-json\/wp\/v2\/comments?post=8892"}],"version-history":[{"count":3,"href":"https:\/\/agora.xtec.cat\/ies-santa-eulalia\/wp-json\/wp\/v2\/posts\/8892\/revisions"}],"predecessor-version":[{"id":8896,"href":"https:\/\/agora.xtec.cat\/ies-santa-eulalia\/wp-json\/wp\/v2\/posts\/8892\/revisions\/8896"}],"wp:featuredmedia":[{"embeddable":true,"href":"https:\/\/agora.xtec.cat\/ies-santa-eulalia\/wp-json\/wp\/v2\/media\/8893"}],"wp:attachment":[{"href":"https:\/\/agora.xtec.cat\/ies-santa-eulalia\/wp-json\/wp\/v2\/media?parent=8892"}],"wp:term":[{"taxonomy":"category","embeddable":true,"href":"https:\/\/agora.xtec.cat\/ies-santa-eulalia\/wp-json\/wp\/v2\/categories?post=8892"},{"taxonomy":"post_tag","embeddable":true,"href":"https:\/\/agora.xtec.cat\/ies-santa-eulalia\/wp-json\/wp\/v2\/tags?post=8892"}],"curies":[{"name":"wp","href":"https:\/\/api.w.org\/{rel}","templated":true}]}}