{"id":8803,"date":"2022-05-11T19:09:39","date_gmt":"2022-05-11T17:09:39","guid":{"rendered":"https:\/\/agora.xtec.cat\/ies-santa-eulalia\/?p=8803"},"modified":"2022-05-11T19:10:52","modified_gmt":"2022-05-11T17:10:52","slug":"sortida-a-la-cova-de-la-font-major-a-lespluga-de-francoli-1a-1c","status":"publish","type":"post","link":"https:\/\/agora.xtec.cat\/ies-santa-eulalia\/eso\/sortida-a-la-cova-de-la-font-major-a-lespluga-de-francoli-1a-1c\/","title":{"rendered":"Sortida a la \u201ccova de la Font Major\u201d a L\u2019Espluga de Francol\u00ed &#8211; 1A-1C"},"content":{"rendered":"<p>Els alumnes de 1r d\u2019ESO A i C van visitar ahir la cova de la Font Major a l\u2019Espluga de Francol\u00ed. Tamb\u00e9 es van poder sentir com aut\u00e8ntics arque\u00f2legs fent un taller d\u2019excavaci\u00f3.<\/p>\n<p><a href=\"https:\/\/agora.xtec.cat\/ies-santa-eulalia\/wp-content\/uploads\/usu1612\/2022\/05\/Espluga-Francoli-1A-1C_foto1.jpg\"><img loading=\"lazy\" decoding=\"async\" class=\"alignnone size-full wp-image-8804\" src=\"https:\/\/agora.xtec.cat\/ies-santa-eulalia\/wp-content\/uploads\/usu1612\/2022\/05\/Espluga-Francoli-1A-1C_foto1.jpg\" alt=\"\" width=\"1004\" height=\"752\" srcset=\"https:\/\/agora.xtec.cat\/ies-santa-eulalia\/wp-content\/uploads\/usu1612\/2022\/05\/Espluga-Francoli-1A-1C_foto1.jpg 1004w, https:\/\/agora.xtec.cat\/ies-santa-eulalia\/wp-content\/uploads\/usu1612\/2022\/05\/Espluga-Francoli-1A-1C_foto1-300x225.jpg 300w, https:\/\/agora.xtec.cat\/ies-santa-eulalia\/wp-content\/uploads\/usu1612\/2022\/05\/Espluga-Francoli-1A-1C_foto1-768x575.jpg 768w, https:\/\/agora.xtec.cat\/ies-santa-eulalia\/wp-content\/uploads\/usu1612\/2022\/05\/Espluga-Francoli-1A-1C_foto1-200x150.jpg 200w\" sizes=\"auto, (max-width: 1004px) 100vw, 1004px\" \/><\/a> <a href=\"https:\/\/agora.xtec.cat\/ies-santa-eulalia\/wp-content\/uploads\/usu1612\/2022\/05\/Espluga-Francoli-1A-1C_foto2.jpg\"><img loading=\"lazy\" decoding=\"async\" class=\"alignnone size-large wp-image-8805\" src=\"https:\/\/agora.xtec.cat\/ies-santa-eulalia\/wp-content\/uploads\/usu1612\/2022\/05\/Espluga-Francoli-1A-1C_foto2.jpg\" alt=\"\" width=\"849\" height=\"619\" srcset=\"https:\/\/agora.xtec.cat\/ies-santa-eulalia\/wp-content\/uploads\/usu1612\/2022\/05\/Espluga-Francoli-1A-1C_foto2.jpg 849w, https:\/\/agora.xtec.cat\/ies-santa-eulalia\/wp-content\/uploads\/usu1612\/2022\/05\/Espluga-Francoli-1A-1C_foto2-300x219.jpg 300w, https:\/\/agora.xtec.cat\/ies-santa-eulalia\/wp-content\/uploads\/usu1612\/2022\/05\/Espluga-Francoli-1A-1C_foto2-768x560.jpg 768w\" sizes=\"auto, (max-width: 849px) 100vw, 849px\" \/><\/a> <a href=\"https:\/\/agora.xtec.cat\/ies-santa-eulalia\/wp-content\/uploads\/usu1612\/2022\/05\/Espluga-Francoli-1A-1C_foto3.jpg\"><img loading=\"lazy\" decoding=\"async\" class=\"alignnone size-large wp-image-8806\" src=\"https:\/\/agora.xtec.cat\/ies-santa-eulalia\/wp-content\/uploads\/usu1612\/2022\/05\/Espluga-Francoli-1A-1C_foto3.jpg\" alt=\"\" width=\"842\" height=\"837\" srcset=\"https:\/\/agora.xtec.cat\/ies-santa-eulalia\/wp-content\/uploads\/usu1612\/2022\/05\/Espluga-Francoli-1A-1C_foto3.jpg 842w, https:\/\/agora.xtec.cat\/ies-santa-eulalia\/wp-content\/uploads\/usu1612\/2022\/05\/Espluga-Francoli-1A-1C_foto3-300x298.jpg 300w, https:\/\/agora.xtec.cat\/ies-santa-eulalia\/wp-content\/uploads\/usu1612\/2022\/05\/Espluga-Francoli-1A-1C_foto3-150x150.jpg 150w, https:\/\/agora.xtec.cat\/ies-santa-eulalia\/wp-content\/uploads\/usu1612\/2022\/05\/Espluga-Francoli-1A-1C_foto3-768x763.jpg 768w\" sizes=\"auto, (max-width: 842px) 100vw, 842px\" \/><\/a> <a href=\"https:\/\/agora.xtec.cat\/ies-santa-eulalia\/wp-content\/uploads\/usu1612\/2022\/05\/Espluga-Francoli-1A-1C_foto4.jpg\"><img loading=\"lazy\" decoding=\"async\" class=\"alignnone size-large wp-image-8807\" src=\"https:\/\/agora.xtec.cat\/ies-santa-eulalia\/wp-content\/uploads\/usu1612\/2022\/05\/Espluga-Francoli-1A-1C_foto4.jpg\" alt=\"\" width=\"1004\" height=\"752\" srcset=\"https:\/\/agora.xtec.cat\/ies-santa-eulalia\/wp-content\/uploads\/usu1612\/2022\/05\/Espluga-Francoli-1A-1C_foto4.jpg 1004w, https:\/\/agora.xtec.cat\/ies-santa-eulalia\/wp-content\/uploads\/usu1612\/2022\/05\/Espluga-Francoli-1A-1C_foto4-300x225.jpg 300w, https:\/\/agora.xtec.cat\/ies-santa-eulalia\/wp-content\/uploads\/usu1612\/2022\/05\/Espluga-Francoli-1A-1C_foto4-768x575.jpg 768w, https:\/\/agora.xtec.cat\/ies-santa-eulalia\/wp-content\/uploads\/usu1612\/2022\/05\/Espluga-Francoli-1A-1C_foto4-200x150.jpg 200w\" sizes=\"auto, (max-width: 1004px) 100vw, 1004px\" \/><\/a><\/p>\n","protected":false},"excerpt":{"rendered":"<p>Els alumnes de 1r d\u2019ESO A i C van visitar ahir la cova de la Font Major a l\u2019Espluga de Francol\u00ed. Tamb\u00e9 es van poder sentir com aut\u00e8ntics arque\u00f2legs fent un taller d\u2019excavaci\u00f3.<br \/>\n<a href=\"https:\/\/agora.xtec.cat\/ies-santa-eulalia\/wp-content\/uploads\/usu1612\/2022\/05\/Espluga-Francoli-1A-1C_foto1.jpg\"><\/a> <a href=\"https:\/\/agora.xtec.cat\/ies-santa-eulalia\/wp-content\/uploads\/usu1612\/2022\/05\/Espluga-Francoli-1A-1C_foto2.jpg\"><\/a> <a href=\"https:\/\/agora.xtec.cat\/ies-santa-eulalia\/wp-content\/uploads\/usu1612\/2022\/05\/Espluga-Francoli-1A-1C_foto3.jpg\"><\/a> <a href=\"https:\/\/agora.xtec.cat\/ies-santa-eulalia\/wp-content\/uploads\/usu1612\/2022\/05\/Espluga-Francoli-1A-1C_foto4.jpg\"><\/a><\/p>\n","protected":false},"author":100,"featured_media":8806,"comment_status":"open","ping_status":"closed","sticky":false,"template":"","format":"standard","meta":{"_bbp_topic_count":0,"_bbp_reply_count":0,"_bbp_total_topic_count":0,"_bbp_total_reply_count":0,"_bbp_voice_count":0,"_bbp_anonymous_reply_count":0,"_bbp_topic_count_hidden":0,"_bbp_reply_count_hidden":0,"_bbp_forum_subforum_count":0,"footnotes":""},"categories":[147,3,29],"tags":[],"class_list":["post-8803","post","type-post","status-publish","format-standard","has-post-thumbnail","hentry","category-novetats-geografia-i-historia","category-eso","category-portada"],"post_mailing_queue_ids":[],"_links":{"self":[{"href":"https:\/\/agora.xtec.cat\/ies-santa-eulalia\/wp-json\/wp\/v2\/posts\/8803","targetHints":{"allow":["GET"]}}],"collection":[{"href":"https:\/\/agora.xtec.cat\/ies-santa-eulalia\/wp-json\/wp\/v2\/posts"}],"about":[{"href":"https:\/\/agora.xtec.cat\/ies-santa-eulalia\/wp-json\/wp\/v2\/types\/post"}],"author":[{"embeddable":true,"href":"https:\/\/agora.xtec.cat\/ies-santa-eulalia\/wp-json\/wp\/v2\/users\/100"}],"replies":[{"embeddable":true,"href":"https:\/\/agora.xtec.cat\/ies-santa-eulalia\/wp-json\/wp\/v2\/comments?post=8803"}],"version-history":[{"count":1,"href":"https:\/\/agora.xtec.cat\/ies-santa-eulalia\/wp-json\/wp\/v2\/posts\/8803\/revisions"}],"predecessor-version":[{"id":8808,"href":"https:\/\/agora.xtec.cat\/ies-santa-eulalia\/wp-json\/wp\/v2\/posts\/8803\/revisions\/8808"}],"wp:featuredmedia":[{"embeddable":true,"href":"https:\/\/agora.xtec.cat\/ies-santa-eulalia\/wp-json\/wp\/v2\/media\/8806"}],"wp:attachment":[{"href":"https:\/\/agora.xtec.cat\/ies-santa-eulalia\/wp-json\/wp\/v2\/media?parent=8803"}],"wp:term":[{"taxonomy":"category","embeddable":true,"href":"https:\/\/agora.xtec.cat\/ies-santa-eulalia\/wp-json\/wp\/v2\/categories?post=8803"},{"taxonomy":"post_tag","embeddable":true,"href":"https:\/\/agora.xtec.cat\/ies-santa-eulalia\/wp-json\/wp\/v2\/tags?post=8803"}],"curies":[{"name":"wp","href":"https:\/\/api.w.org\/{rel}","templated":true}]}}