{"id":8775,"date":"2022-04-07T22:19:22","date_gmt":"2022-04-07T20:19:22","guid":{"rendered":"https:\/\/agora.xtec.cat\/ies-santa-eulalia\/?p=8775"},"modified":"2022-04-07T22:19:22","modified_gmt":"2022-04-07T20:19:22","slug":"sortida-a-la-pedrera","status":"publish","type":"post","link":"https:\/\/agora.xtec.cat\/ies-santa-eulalia\/general\/sortida-a-la-pedrera\/","title":{"rendered":"Sortida a la pedrera"},"content":{"rendered":"<div dir=\"auto\">Aquesta setmana\u00a0els alumnes de 1r de batxillerat, de les mat\u00e8ries de matem\u00e0tiques i dibuix t\u00e8cnic, han visitat LA PEDRERA.<br \/>\nHan pogut con\u00e8ixer l&#8217;obra de Gaud\u00ed i comprovar l&#8217;aplicaci\u00f3 de tasques tan matem\u00e0tiques\u00a0com\u00a0de geometria, estudiades a classe, dins de la seva arquitectura.<\/div>\n<div dir=\"auto\"><\/div>\n<div dir=\"auto\"><a href=\"https:\/\/agora.xtec.cat\/ies-santa-eulalia\/wp-content\/uploads\/usu1612\/2022\/04\/IMG_20220404_121632-scaled.jpg\"><img loading=\"lazy\" decoding=\"async\" class=\"aligncenter size-full wp-image-8776\" src=\"https:\/\/agora.xtec.cat\/ies-santa-eulalia\/wp-content\/uploads\/usu1612\/2022\/04\/IMG_20220404_121632-scaled.jpg\" alt=\"\" width=\"1180\" height=\"2560\" srcset=\"https:\/\/agora.xtec.cat\/ies-santa-eulalia\/wp-content\/uploads\/usu1612\/2022\/04\/IMG_20220404_121632-scaled.jpg 1180w, https:\/\/agora.xtec.cat\/ies-santa-eulalia\/wp-content\/uploads\/usu1612\/2022\/04\/IMG_20220404_121632-138x300.jpg 138w, https:\/\/agora.xtec.cat\/ies-santa-eulalia\/wp-content\/uploads\/usu1612\/2022\/04\/IMG_20220404_121632-472x1024.jpg 472w, https:\/\/agora.xtec.cat\/ies-santa-eulalia\/wp-content\/uploads\/usu1612\/2022\/04\/IMG_20220404_121632-768x1667.jpg 768w, https:\/\/agora.xtec.cat\/ies-santa-eulalia\/wp-content\/uploads\/usu1612\/2022\/04\/IMG_20220404_121632-708x1536.jpg 708w, https:\/\/agora.xtec.cat\/ies-santa-eulalia\/wp-content\/uploads\/usu1612\/2022\/04\/IMG_20220404_121632-944x2048.jpg 944w\" sizes=\"auto, (max-width: 1180px) 100vw, 1180px\" \/><\/a> <a href=\"https:\/\/agora.xtec.cat\/ies-santa-eulalia\/wp-content\/uploads\/usu1612\/2022\/04\/IMG_20220404_230938_755.jpg\"><img loading=\"lazy\" decoding=\"async\" class=\"aligncenter size-full wp-image-8777\" src=\"https:\/\/agora.xtec.cat\/ies-santa-eulalia\/wp-content\/uploads\/usu1612\/2022\/04\/IMG_20220404_230938_755.jpg\" alt=\"\" width=\"1504\" height=\"1880\" srcset=\"https:\/\/agora.xtec.cat\/ies-santa-eulalia\/wp-content\/uploads\/usu1612\/2022\/04\/IMG_20220404_230938_755.jpg 1504w, https:\/\/agora.xtec.cat\/ies-santa-eulalia\/wp-content\/uploads\/usu1612\/2022\/04\/IMG_20220404_230938_755-240x300.jpg 240w, https:\/\/agora.xtec.cat\/ies-santa-eulalia\/wp-content\/uploads\/usu1612\/2022\/04\/IMG_20220404_230938_755-819x1024.jpg 819w, https:\/\/agora.xtec.cat\/ies-santa-eulalia\/wp-content\/uploads\/usu1612\/2022\/04\/IMG_20220404_230938_755-768x960.jpg 768w, https:\/\/agora.xtec.cat\/ies-santa-eulalia\/wp-content\/uploads\/usu1612\/2022\/04\/IMG_20220404_230938_755-1229x1536.jpg 1229w\" sizes=\"auto, (max-width: 1504px) 100vw, 1504px\" \/><\/a> <a href=\"https:\/\/agora.xtec.cat\/ies-santa-eulalia\/wp-content\/uploads\/usu1612\/2022\/04\/IMG_20220404_230827_362.jpg\"><img loading=\"lazy\" decoding=\"async\" class=\"aligncenter size-full wp-image-8778\" src=\"https:\/\/agora.xtec.cat\/ies-santa-eulalia\/wp-content\/uploads\/usu1612\/2022\/04\/IMG_20220404_230827_362.jpg\" alt=\"\" width=\"1196\" height=\"1495\" srcset=\"https:\/\/agora.xtec.cat\/ies-santa-eulalia\/wp-content\/uploads\/usu1612\/2022\/04\/IMG_20220404_230827_362.jpg 1196w, https:\/\/agora.xtec.cat\/ies-santa-eulalia\/wp-content\/uploads\/usu1612\/2022\/04\/IMG_20220404_230827_362-240x300.jpg 240w, https:\/\/agora.xtec.cat\/ies-santa-eulalia\/wp-content\/uploads\/usu1612\/2022\/04\/IMG_20220404_230827_362-819x1024.jpg 819w, https:\/\/agora.xtec.cat\/ies-santa-eulalia\/wp-content\/uploads\/usu1612\/2022\/04\/IMG_20220404_230827_362-768x960.jpg 768w\" sizes=\"auto, (max-width: 1196px) 100vw, 1196px\" \/><\/a><\/div>\n","protected":false},"excerpt":{"rendered":"<p>Aquesta setmana\u00a0els alumnes de 1r de batxillerat, de les mat\u00e8ries de matem\u00e0tiques i dibuix t\u00e8cnic, han visitat LA PEDRERA.<br \/>\nHan pogut con\u00e8ixer l&#8217;obra de Gaud\u00ed i comprovar l&#8217;aplicaci\u00f3 de tasques tan matem\u00e0tiques\u00a0com\u00a0de geometria, estudiades a classe, dins de la seva arquitectura.<\/p>\n<p><a href=\"https:\/\/agora.xtec.cat\/ies-santa-eulalia\/wp-content\/uploads\/usu1612\/2022\/04\/IMG_20220404_121632-scaled.jpg\"><\/a> <a href=\"https:\/\/agora.xtec.cat\/ies-santa-eulalia\/wp-content\/uploads\/usu1612\/2022\/04\/IMG_20220404_230938_755.jpg\"><\/a> <a href=\"https:\/\/agora.xtec.cat\/ies-santa-eulalia\/wp-content\/uploads\/usu1612\/2022\/04\/IMG_20220404_230827_362.jpg\"><\/a><\/p>\n","protected":false},"author":1,"featured_media":8777,"comment_status":"open","ping_status":"closed","sticky":false,"template":"","format":"standard","meta":{"_bbp_topic_count":0,"_bbp_reply_count":0,"_bbp_total_topic_count":0,"_bbp_total_reply_count":0,"_bbp_voice_count":0,"_bbp_anonymous_reply_count":0,"_bbp_topic_count_hidden":0,"_bbp_reply_count_hidden":0,"_bbp_forum_subforum_count":0,"footnotes":""},"categories":[150,8,1,29],"tags":[125,346,39,347],"class_list":["post-8775","post","type-post","status-publish","format-standard","has-post-thumbnail","hentry","category-novetats-visual-i-plastica","category-batxillerat","category-general","category-portada","tag-batxillerat","tag-la-pedrera","tag-sortides","tag-visual"],"post_mailing_queue_ids":[],"_links":{"self":[{"href":"https:\/\/agora.xtec.cat\/ies-santa-eulalia\/wp-json\/wp\/v2\/posts\/8775","targetHints":{"allow":["GET"]}}],"collection":[{"href":"https:\/\/agora.xtec.cat\/ies-santa-eulalia\/wp-json\/wp\/v2\/posts"}],"about":[{"href":"https:\/\/agora.xtec.cat\/ies-santa-eulalia\/wp-json\/wp\/v2\/types\/post"}],"author":[{"embeddable":true,"href":"https:\/\/agora.xtec.cat\/ies-santa-eulalia\/wp-json\/wp\/v2\/users\/1"}],"replies":[{"embeddable":true,"href":"https:\/\/agora.xtec.cat\/ies-santa-eulalia\/wp-json\/wp\/v2\/comments?post=8775"}],"version-history":[{"count":1,"href":"https:\/\/agora.xtec.cat\/ies-santa-eulalia\/wp-json\/wp\/v2\/posts\/8775\/revisions"}],"predecessor-version":[{"id":8779,"href":"https:\/\/agora.xtec.cat\/ies-santa-eulalia\/wp-json\/wp\/v2\/posts\/8775\/revisions\/8779"}],"wp:featuredmedia":[{"embeddable":true,"href":"https:\/\/agora.xtec.cat\/ies-santa-eulalia\/wp-json\/wp\/v2\/media\/8777"}],"wp:attachment":[{"href":"https:\/\/agora.xtec.cat\/ies-santa-eulalia\/wp-json\/wp\/v2\/media?parent=8775"}],"wp:term":[{"taxonomy":"category","embeddable":true,"href":"https:\/\/agora.xtec.cat\/ies-santa-eulalia\/wp-json\/wp\/v2\/categories?post=8775"},{"taxonomy":"post_tag","embeddable":true,"href":"https:\/\/agora.xtec.cat\/ies-santa-eulalia\/wp-json\/wp\/v2\/tags?post=8775"}],"curies":[{"name":"wp","href":"https:\/\/api.w.org\/{rel}","templated":true}]}}