{"id":8749,"date":"2022-04-05T10:01:03","date_gmt":"2022-04-05T08:01:03","guid":{"rendered":"https:\/\/agora.xtec.cat\/ies-santa-eulalia\/?p=8749"},"modified":"2022-04-07T19:47:39","modified_gmt":"2022-04-07T17:47:39","slug":"viatge-al-pais-basc-de-2n-de-batxillerat","status":"publish","type":"post","link":"https:\/\/agora.xtec.cat\/ies-santa-eulalia\/general\/viatge-al-pais-basc-de-2n-de-batxillerat\/","title":{"rendered":"Viatge al Pa\u00eds Basc de 2n de Batxillerat"},"content":{"rendered":"<p>Els nostres alumnes de 2n de Batxillerat ja han arribat al Pa\u00eds Basc!! Aqu\u00ed podeu accedir a <a href=\"https:\/\/photos.app.goo.gl\/SHiNhmSGumARMGQc6\">l&#8217;\u00e0lbum<\/a> de fotos del viatge!<\/p>\n<p>Passeu-vos-ho s\u00faper b\u00e9 i carregueu piles!!!<\/p>\n<p>&nbsp;<\/p>\n<p><a href=\"https:\/\/agora.xtec.cat\/ies-santa-eulalia\/wp-content\/uploads\/usu1612\/2022\/04\/PHOTO-2022-04-04-17-26-50.jpg\"><img loading=\"lazy\" decoding=\"async\" class=\"aligncenter size-full wp-image-8750\" src=\"https:\/\/agora.xtec.cat\/ies-santa-eulalia\/wp-content\/uploads\/usu1612\/2022\/04\/PHOTO-2022-04-04-17-26-50.jpg\" alt=\"\" width=\"1600\" height=\"720\" srcset=\"https:\/\/agora.xtec.cat\/ies-santa-eulalia\/wp-content\/uploads\/usu1612\/2022\/04\/PHOTO-2022-04-04-17-26-50.jpg 1600w, https:\/\/agora.xtec.cat\/ies-santa-eulalia\/wp-content\/uploads\/usu1612\/2022\/04\/PHOTO-2022-04-04-17-26-50-300x135.jpg 300w, https:\/\/agora.xtec.cat\/ies-santa-eulalia\/wp-content\/uploads\/usu1612\/2022\/04\/PHOTO-2022-04-04-17-26-50-1024x461.jpg 1024w, https:\/\/agora.xtec.cat\/ies-santa-eulalia\/wp-content\/uploads\/usu1612\/2022\/04\/PHOTO-2022-04-04-17-26-50-768x346.jpg 768w, https:\/\/agora.xtec.cat\/ies-santa-eulalia\/wp-content\/uploads\/usu1612\/2022\/04\/PHOTO-2022-04-04-17-26-50-1536x691.jpg 1536w\" sizes=\"auto, (max-width: 1600px) 100vw, 1600px\" \/><\/a><\/p>\n<p>Ja han comen\u00e7at amb el surf!!!<a href=\"https:\/\/agora.xtec.cat\/ies-santa-eulalia\/wp-content\/uploads\/usu1612\/2022\/04\/PHOTO-2022-04-05-11-01-38.jpg\"><img loading=\"lazy\" decoding=\"async\" class=\"aligncenter size-full wp-image-8757\" src=\"https:\/\/agora.xtec.cat\/ies-santa-eulalia\/wp-content\/uploads\/usu1612\/2022\/04\/PHOTO-2022-04-05-11-01-38.jpg\" alt=\"\" width=\"2000\" height=\"900\" srcset=\"https:\/\/agora.xtec.cat\/ies-santa-eulalia\/wp-content\/uploads\/usu1612\/2022\/04\/PHOTO-2022-04-05-11-01-38.jpg 2000w, https:\/\/agora.xtec.cat\/ies-santa-eulalia\/wp-content\/uploads\/usu1612\/2022\/04\/PHOTO-2022-04-05-11-01-38-300x135.jpg 300w, https:\/\/agora.xtec.cat\/ies-santa-eulalia\/wp-content\/uploads\/usu1612\/2022\/04\/PHOTO-2022-04-05-11-01-38-1024x461.jpg 1024w, https:\/\/agora.xtec.cat\/ies-santa-eulalia\/wp-content\/uploads\/usu1612\/2022\/04\/PHOTO-2022-04-05-11-01-38-768x346.jpg 768w, https:\/\/agora.xtec.cat\/ies-santa-eulalia\/wp-content\/uploads\/usu1612\/2022\/04\/PHOTO-2022-04-05-11-01-38-1536x691.jpg 1536w\" sizes=\"auto, (max-width: 2000px) 100vw, 2000px\" \/><\/a><\/p>\n","protected":false},"excerpt":{"rendered":"<p>Els nostres alumnes de 2n de Batxillerat ja han arribat al Pa\u00eds Basc!! Aqu\u00ed podeu accedir a <a href=\"https:\/\/photos.app.goo.gl\/SHiNhmSGumARMGQc6\">l&#8217;\u00e0lbum<\/a> de fotos del viatge!<br \/>\nPasseu-vos-ho s\u00faper b\u00e9 i carregueu piles!!!<br \/>\n&nbsp;<br \/>\n<a href=\"https:\/\/agora.xtec.cat\/ies-santa-eulalia\/wp-content\/uploads\/usu1612\/2022\/04\/PHOTO-2022-04-04-17-26-50.jpg\"><\/a><br \/>\nJa han comen\u00e7at amb el surf!!!<a href=\"https:\/\/agora.xtec.cat\/ies-santa-eulalia\/wp-content\/uploads\/usu1612\/2022\/04\/PHOTO-2022-04-05-11-01-38.jpg\"><\/a><\/p>\n","protected":false},"author":1,"featured_media":8759,"comment_status":"open","ping_status":"closed","sticky":false,"template":"","format":"standard","meta":{"_bbp_topic_count":0,"_bbp_reply_count":0,"_bbp_total_topic_count":0,"_bbp_total_reply_count":0,"_bbp_voice_count":0,"_bbp_anonymous_reply_count":0,"_bbp_topic_count_hidden":0,"_bbp_reply_count_hidden":0,"_bbp_forum_subforum_count":0,"footnotes":""},"categories":[8,1,29],"tags":[],"class_list":["post-8749","post","type-post","status-publish","format-standard","has-post-thumbnail","hentry","category-batxillerat","category-general","category-portada"],"post_mailing_queue_ids":[],"_links":{"self":[{"href":"https:\/\/agora.xtec.cat\/ies-santa-eulalia\/wp-json\/wp\/v2\/posts\/8749","targetHints":{"allow":["GET"]}}],"collection":[{"href":"https:\/\/agora.xtec.cat\/ies-santa-eulalia\/wp-json\/wp\/v2\/posts"}],"about":[{"href":"https:\/\/agora.xtec.cat\/ies-santa-eulalia\/wp-json\/wp\/v2\/types\/post"}],"author":[{"embeddable":true,"href":"https:\/\/agora.xtec.cat\/ies-santa-eulalia\/wp-json\/wp\/v2\/users\/1"}],"replies":[{"embeddable":true,"href":"https:\/\/agora.xtec.cat\/ies-santa-eulalia\/wp-json\/wp\/v2\/comments?post=8749"}],"version-history":[{"count":3,"href":"https:\/\/agora.xtec.cat\/ies-santa-eulalia\/wp-json\/wp\/v2\/posts\/8749\/revisions"}],"predecessor-version":[{"id":8761,"href":"https:\/\/agora.xtec.cat\/ies-santa-eulalia\/wp-json\/wp\/v2\/posts\/8749\/revisions\/8761"}],"wp:featuredmedia":[{"embeddable":true,"href":"https:\/\/agora.xtec.cat\/ies-santa-eulalia\/wp-json\/wp\/v2\/media\/8759"}],"wp:attachment":[{"href":"https:\/\/agora.xtec.cat\/ies-santa-eulalia\/wp-json\/wp\/v2\/media?parent=8749"}],"wp:term":[{"taxonomy":"category","embeddable":true,"href":"https:\/\/agora.xtec.cat\/ies-santa-eulalia\/wp-json\/wp\/v2\/categories?post=8749"},{"taxonomy":"post_tag","embeddable":true,"href":"https:\/\/agora.xtec.cat\/ies-santa-eulalia\/wp-json\/wp\/v2\/tags?post=8749"}],"curies":[{"name":"wp","href":"https:\/\/api.w.org\/{rel}","templated":true}]}}