{"id":8711,"date":"2022-03-23T09:35:01","date_gmt":"2022-03-23T08:35:01","guid":{"rendered":"https:\/\/agora.xtec.cat\/ies-santa-eulalia\/?p=8711"},"modified":"2022-03-23T09:35:01","modified_gmt":"2022-03-23T08:35:01","slug":"batxillerat-nocturn-al-ins-santa-eulalia-copem","status":"publish","type":"post","link":"https:\/\/agora.xtec.cat\/ies-santa-eulalia\/general\/batxillerat-nocturn-al-ins-santa-eulalia-copem\/","title":{"rendered":"Batxillerat nocturn al Ins Santa Eul\u00e0lia\/COPEM"},"content":{"rendered":"<p>L&#8217;institut Santa Eul\u00e0lia som l&#8217;\u00fanic centre del Baix Llobregat que ofereix la possibilitat de cursar el Batxillerat en horari nocturn ( de 17h a 22h). Per con\u00e8ixer millor aquesta alternativa educativa, Televisi\u00f3 de l&#8217;Hospitalet ens va visitar i va entrevistar\u00a0 alumnes\u00a0 que estan cursant aquesta modalitat.. Aqu\u00ed podeu <a href=\"https:\/\/lhdigital.cat\/web\/digital-h\/televisio\/veure-video\/-\/journal_content\/56_INSTANCE_ZrP3\/11023\/15064164\">enlla\u00e7ar<\/a> per escoltar les raons que els van dur a triar el nostre centre i quines caracter\u00edstiques espec\u00edfiques t\u00e9 aquest Batxillerat&#8221;<\/p>\n<p>Tamb\u00e9 us volem convidar a les portes obertes del 5 d&#8217;abril a les 18:00h per con\u00e8ixer m\u00e9s sobre el batxillerat di\u00fcrn i nocturn al nostre centre.<\/p>\n<p>&nbsp;<\/p>\n<p>&nbsp;<\/p>\n","protected":false},"excerpt":{"rendered":"<p>L&#8217;institut Santa Eul\u00e0lia som l&#8217;\u00fanic centre del Baix Llobregat que ofereix la possibilitat de cursar el Batxillerat en horari nocturn ( de 17h a 22h). Per con\u00e8ixer millor aquesta alternativa educativa, Televisi\u00f3 de l&#8217;Hospitalet ens va visitar i va entrevistar\u00a0 alumnes\u00a0 que estan cursant aquesta&hellip;  <a href=\"https:\/\/agora.xtec.cat\/ies-santa-eulalia\/general\/batxillerat-nocturn-al-ins-santa-eulalia-copem\/\" title=\"Read Batxillerat nocturn al Ins Santa Eul\u00e0lia\/COPEM\">Llegeix m\u00e9s\u00bb<\/a><\/p>\n","protected":false},"author":1,"featured_media":8712,"comment_status":"open","ping_status":"closed","sticky":false,"template":"","format":"standard","meta":{"_bbp_topic_count":0,"_bbp_reply_count":0,"_bbp_total_topic_count":0,"_bbp_total_reply_count":0,"_bbp_voice_count":0,"_bbp_anonymous_reply_count":0,"_bbp_topic_count_hidden":0,"_bbp_reply_count_hidden":0,"_bbp_forum_subforum_count":0,"footnotes":""},"categories":[8,1,29],"tags":[125,344,342,343],"class_list":["post-8711","post","type-post","status-publish","format-standard","has-post-thumbnail","hentry","category-batxillerat","category-general","category-portada","tag-batxillerat","tag-lh","tag-nocturn","tag-tv"],"post_mailing_queue_ids":[],"_links":{"self":[{"href":"https:\/\/agora.xtec.cat\/ies-santa-eulalia\/wp-json\/wp\/v2\/posts\/8711","targetHints":{"allow":["GET"]}}],"collection":[{"href":"https:\/\/agora.xtec.cat\/ies-santa-eulalia\/wp-json\/wp\/v2\/posts"}],"about":[{"href":"https:\/\/agora.xtec.cat\/ies-santa-eulalia\/wp-json\/wp\/v2\/types\/post"}],"author":[{"embeddable":true,"href":"https:\/\/agora.xtec.cat\/ies-santa-eulalia\/wp-json\/wp\/v2\/users\/1"}],"replies":[{"embeddable":true,"href":"https:\/\/agora.xtec.cat\/ies-santa-eulalia\/wp-json\/wp\/v2\/comments?post=8711"}],"version-history":[{"count":1,"href":"https:\/\/agora.xtec.cat\/ies-santa-eulalia\/wp-json\/wp\/v2\/posts\/8711\/revisions"}],"predecessor-version":[{"id":8713,"href":"https:\/\/agora.xtec.cat\/ies-santa-eulalia\/wp-json\/wp\/v2\/posts\/8711\/revisions\/8713"}],"wp:featuredmedia":[{"embeddable":true,"href":"https:\/\/agora.xtec.cat\/ies-santa-eulalia\/wp-json\/wp\/v2\/media\/8712"}],"wp:attachment":[{"href":"https:\/\/agora.xtec.cat\/ies-santa-eulalia\/wp-json\/wp\/v2\/media?parent=8711"}],"wp:term":[{"taxonomy":"category","embeddable":true,"href":"https:\/\/agora.xtec.cat\/ies-santa-eulalia\/wp-json\/wp\/v2\/categories?post=8711"},{"taxonomy":"post_tag","embeddable":true,"href":"https:\/\/agora.xtec.cat\/ies-santa-eulalia\/wp-json\/wp\/v2\/tags?post=8711"}],"curies":[{"name":"wp","href":"https:\/\/api.w.org\/{rel}","templated":true}]}}