{"id":8699,"date":"2022-03-21T12:47:10","date_gmt":"2022-03-21T11:47:10","guid":{"rendered":"https:\/\/agora.xtec.cat\/ies-santa-eulalia\/?p=8699"},"modified":"2022-06-10T13:21:45","modified_gmt":"2022-06-10T11:21:45","slug":"preinscripcio-eso-2022-2023","status":"publish","type":"post","link":"https:\/\/agora.xtec.cat\/ies-santa-eulalia\/general\/preinscripcio-eso-2022-2023\/","title":{"rendered":"MATR\u00cdCULA ESO 22-23"},"content":{"rendered":"<h1><strong>MATR\u00cdCULA ESO 2022-2023 (seguiment del proc\u00e9s)<\/strong><\/h1>\n<p><a href=\"https:\/\/agora.xtec.cat\/ies-santa-eulalia\/wp-content\/uploads\/usu1612\/2022\/03\/get_premium_download_high_resolution_imagedesigned_with_EDIT.org-1.jpg\"><img loading=\"lazy\" decoding=\"async\" class=\"aligncenter size-full wp-image-8859\" src=\"https:\/\/agora.xtec.cat\/ies-santa-eulalia\/wp-content\/uploads\/usu1612\/2022\/03\/get_premium_download_high_resolution_imagedesigned_with_EDIT.org-1.jpg\" alt=\"\" width=\"1280\" height=\"426\" srcset=\"https:\/\/agora.xtec.cat\/ies-santa-eulalia\/wp-content\/uploads\/usu1612\/2022\/03\/get_premium_download_high_resolution_imagedesigned_with_EDIT.org-1.jpg 1280w, https:\/\/agora.xtec.cat\/ies-santa-eulalia\/wp-content\/uploads\/usu1612\/2022\/03\/get_premium_download_high_resolution_imagedesigned_with_EDIT.org-1-300x100.jpg 300w, https:\/\/agora.xtec.cat\/ies-santa-eulalia\/wp-content\/uploads\/usu1612\/2022\/03\/get_premium_download_high_resolution_imagedesigned_with_EDIT.org-1-1024x341.jpg 1024w, https:\/\/agora.xtec.cat\/ies-santa-eulalia\/wp-content\/uploads\/usu1612\/2022\/03\/get_premium_download_high_resolution_imagedesigned_with_EDIT.org-1-768x256.jpg 768w\" sizes=\"auto, (max-width: 1280px) 100vw, 1280px\" \/><\/a><\/p>\n<h6><strong>Informaci\u00f3 sobre la preinscripci\u00f3:<\/strong><\/h6>\n<h6>\u2013\u00a0<a href=\"https:\/\/preinscripcio.gencat.cat\/ca\/estudis\/eso\/preinscriute\/sollicitud\/\" target=\"_blank\" rel=\"noopener\">Sol\u00b7licitud de preinscripci\u00f3<\/a><\/h6>\n<h6>\u2013<a href=\"https:\/\/preinscripcio.gencat.cat\/ca\/estudis\/eso\/informat\/calendari\/\" target=\"_blank\" rel=\"noopener\">\u00a0Calendari<\/a><\/h6>\n<h6>\u2013\u00a0<a href=\"https:\/\/preinscripcio.gencat.cat\/ca\/estudis\/eso\/informat\/criteris-assignacio\/\" target=\"_blank\" rel=\"noopener\">Criteri d\u2019assignaci\u00f3 de places<\/a><\/h6>\n<div><\/div>\n<h6><a href=\"https:\/\/drive.google.com\/file\/d\/1ele_4mxbBSDkaHU1KIwbpeBSFB4UXpWe\/view?usp=sharing\" target=\"_blank\" rel=\"noopener\">OFERTA DE PLACES (actualitzat 9 de juny)<\/a><\/h6>\n<h6>CITA PR\u00c8VIA<\/h6>\n<h6>Podeu trucar o escriure\u2019ns per demanar dubtes o b\u00e9 demanar cita pr\u00e8via per ajudar-vos a fer la sol\u00b7licitud:<\/h6>\n<h6>tel\u00e8fon: 93.331.45.98<\/h6>\n<p>correu electr\u00f2nic: a8019307@xtec.cat<\/p>\n<p><strong>SEGUIMENT DEL PROC\u00c9S<\/strong><\/p>\n<ul>\n<li>\n<h6><a href=\"https:\/\/preinscripcio.gencat.cat\/ca\/estudis\/eso\/preinscriute\/sollicitud\/\" target=\"_blank\" rel=\"noopener\">Presentaci\u00f3 de sol\u00b7licituds<\/a>\u00a0(9-21 mar\u00e7)<\/h6>\n<\/li>\n<li>\n<h6><a href=\"https:\/\/drive.google.com\/file\/d\/19cu5xZeOc6SSVikBkTgp9nkM1sVpnXQ2\/view?usp=sharing\">Llista de sol\u00b7licituds amb puntuaci\u00f3 provisional<\/a> (21 abril)<\/h6>\n<\/li>\n<li>\n<h6>Presentaci\u00f3 de reclamacions (22-28 abril)<\/h6>\n<\/li>\n<li>\n<h6><a href=\"https:\/\/drive.google.com\/file\/d\/1nS1dH3pTXDq7CHzGUQ6NeUP8uZDy9Gar\/view?usp=sharing\">Llista de sol\u00b7licituds amb puntuaci\u00f3 definitiva (3 maig)<\/a><\/h6>\n<\/li>\n<li>\n<h6><a href=\"https:\/\/drive.google.com\/file\/d\/18WOdp4kuqWIznGV8-ruK5cGR-J0j14Yl\/view?usp=sharing\">Llista ordenada d\u2019assignaci\u00f3 de places (11 maig)<\/a><\/h6>\n<\/li>\n<li><a href=\"https:\/\/drive.google.com\/file\/d\/1ele_4mxbBSDkaHU1KIwbpeBSFB4UXpWe\/view?usp=sharing\">Oferta definitiva de places (9 de juny)\u00a0<\/a><\/li>\n<li><strong><a href=\"https:\/\/drive.google.com\/file\/d\/1UAbw4ubc4L1IV9Uep-dklwLxkX18PV7O\/view?usp=sharing\">Llista admesos ESO (10 de juny)<\/a><\/strong><\/li>\n<li><strong><a href=\"https:\/\/drive.google.com\/file\/d\/1-O6WiCvGZB5QLFMZMCrkA00noRsECLAu\/view?usp=sharing\">Llista d&#8217;espera ESO (10 de juny)<\/a><\/strong><\/li>\n<li><strong><a href=\"https:\/\/drive.google.com\/file\/d\/161zp_VIqz0MINpntNnxRwzlQY0QTV4RO\/view?usp=sharing\">Alumnes preinscrits ESO (10 de juny)<\/a><\/strong><\/li>\n<\/ul>\n","protected":false},"excerpt":{"rendered":"<p>MATR\u00cdCULA ESO 2022-2023 (seguiment del proc\u00e9s)<br \/>\n<a href=\"https:\/\/agora.xtec.cat\/ies-santa-eulalia\/wp-content\/uploads\/usu1612\/2022\/03\/get_premium_download_high_resolution_imagedesigned_with_EDIT.org-1.jpg\"><\/a><br \/>\nInformaci\u00f3 sobre la preinscripci\u00f3:<br \/>\n\u2013\u00a0<a href=\"https:\/\/preinscripcio.gencat.cat\/ca\/estudis\/eso\/preinscriute\/sollicitud\/\" target=\"_blank\" rel=\"noopener\">Sol\u00b7licitud de preinscripci\u00f3<\/a><br \/>\n\u2013<a href=\"https:\/\/preinscripcio.gencat.cat\/ca\/estudis\/eso\/informat\/calendari\/\" target=\"_blank\" rel=\"noopener\">\u00a0Calendari<\/a><br \/>\n\u2013\u00a0<a href=\"https:\/\/preinscripcio.gencat.cat\/ca\/estudis\/eso\/informat\/criteris-assignacio\/\" target=\"_blank\" rel=\"noopener\">Criteri d\u2019assignaci\u00f3 de places<\/a><\/p>\n<p><a href=\"https:\/\/drive.google.com\/file\/d\/1ele_4mxbBSDkaHU1KIwbpeBSFB4UXpWe\/view?usp=sharing\" target=\"_blank\" rel=\"noopener\">OFERTA DE PLACES (actualitzat 9 de juny)<\/a><br \/>\nCITA PR\u00c8VIA<br \/>\nPodeu trucar o escriure\u2019ns per demanar dubtes o b\u00e9 demanar cita pr\u00e8via&hellip;  <a href=\"https:\/\/agora.xtec.cat\/ies-santa-eulalia\/general\/preinscripcio-eso-2022-2023\/\" title=\"Read MATR\u00cdCULA ESO 22-23\">Llegeix m\u00e9s\u00bb<\/a><\/p>\n","protected":false},"author":1,"featured_media":8871,"comment_status":"open","ping_status":"closed","sticky":false,"template":"","format":"standard","meta":{"_bbp_topic_count":0,"_bbp_reply_count":0,"_bbp_total_topic_count":0,"_bbp_total_reply_count":0,"_bbp_voice_count":0,"_bbp_anonymous_reply_count":0,"_bbp_topic_count_hidden":0,"_bbp_reply_count_hidden":0,"_bbp_forum_subforum_count":0,"footnotes":""},"categories":[3,1,29],"tags":[211,341],"class_list":["post-8699","post","type-post","status-publish","format-standard","has-post-thumbnail","hentry","category-eso","category-general","category-portada","tag-eso","tag-preinscripcions"],"post_mailing_queue_ids":[],"_links":{"self":[{"href":"https:\/\/agora.xtec.cat\/ies-santa-eulalia\/wp-json\/wp\/v2\/posts\/8699","targetHints":{"allow":["GET"]}}],"collection":[{"href":"https:\/\/agora.xtec.cat\/ies-santa-eulalia\/wp-json\/wp\/v2\/posts"}],"about":[{"href":"https:\/\/agora.xtec.cat\/ies-santa-eulalia\/wp-json\/wp\/v2\/types\/post"}],"author":[{"embeddable":true,"href":"https:\/\/agora.xtec.cat\/ies-santa-eulalia\/wp-json\/wp\/v2\/users\/1"}],"replies":[{"embeddable":true,"href":"https:\/\/agora.xtec.cat\/ies-santa-eulalia\/wp-json\/wp\/v2\/comments?post=8699"}],"version-history":[{"count":3,"href":"https:\/\/agora.xtec.cat\/ies-santa-eulalia\/wp-json\/wp\/v2\/posts\/8699\/revisions"}],"predecessor-version":[{"id":8968,"href":"https:\/\/agora.xtec.cat\/ies-santa-eulalia\/wp-json\/wp\/v2\/posts\/8699\/revisions\/8968"}],"wp:featuredmedia":[{"embeddable":true,"href":"https:\/\/agora.xtec.cat\/ies-santa-eulalia\/wp-json\/wp\/v2\/media\/8871"}],"wp:attachment":[{"href":"https:\/\/agora.xtec.cat\/ies-santa-eulalia\/wp-json\/wp\/v2\/media?parent=8699"}],"wp:term":[{"taxonomy":"category","embeddable":true,"href":"https:\/\/agora.xtec.cat\/ies-santa-eulalia\/wp-json\/wp\/v2\/categories?post=8699"},{"taxonomy":"post_tag","embeddable":true,"href":"https:\/\/agora.xtec.cat\/ies-santa-eulalia\/wp-json\/wp\/v2\/tags?post=8699"}],"curies":[{"name":"wp","href":"https:\/\/api.w.org\/{rel}","templated":true}]}}