{"id":8660,"date":"2022-03-14T19:46:21","date_gmt":"2022-03-14T18:46:21","guid":{"rendered":"https:\/\/agora.xtec.cat\/ies-santa-eulalia\/?p=8660"},"modified":"2022-03-14T19:46:28","modified_gmt":"2022-03-14T18:46:28","slug":"jornada-virtual-matematica-2","status":"publish","type":"post","link":"https:\/\/agora.xtec.cat\/ies-santa-eulalia\/eso\/jornada-virtual-matematica-2\/","title":{"rendered":"JORNADA VIRTUAL MATEM\u00c0TICA"},"content":{"rendered":"<p align=\"justify\"><span style=\"font-family: Arial, sans-serif\">Avui <\/span><span style=\"font-family: Arial, sans-serif\"><b>14 de mar\u00e7<\/b><\/span><span style=\"font-family: Arial, sans-serif\"> \u00e9s el <\/span><span style=\"font-family: Arial, sans-serif\"><b>Dia Internacional de les Matem\u00e0tiques <\/b><\/span><span style=\"font-family: Arial, sans-serif\">i<\/span><span style=\"font-family: Arial, sans-serif\"> estem de celebraci\u00f3 a l\u2019institut. Els nois i noies de 1<\/span><sup><span style=\"font-family: Arial, sans-serif\">r<\/span><\/sup><span style=\"font-family: Arial, sans-serif\"> d\u2019ESO han participat a la XI Jornada Virtual Matem\u00e0tica de l\u2019Hospitalet. Se\u2019ls ha plantejat un repte que consistia en esbrinar en quin lloc de l\u2019institut es trobava amagat l\u2019ant\u00eddot que permetria sanejar l\u2019aigua contaminada del riu Llobregat. Han treballat de valent i han demostrat que formen un bon equip perqu\u00e8 han aconseguit superar el repte en les dues hores de qu\u00e8 disposaven. Enhorabona a tots i totes!!!<\/span><\/p>\n<p align=\"justify\"><a href=\"https:\/\/agora.xtec.cat\/ies-santa-eulalia\/wp-content\/uploads\/usu1612\/2022\/03\/IMG_20220314_120334_464_red.jpg\"><img loading=\"lazy\" decoding=\"async\" class=\"alignnone size-medium wp-image-8663\" src=\"https:\/\/agora.xtec.cat\/ies-santa-eulalia\/wp-content\/uploads\/usu1612\/2022\/03\/IMG_20220314_120334_464_red-300x225.jpg\" alt=\"\" width=\"300\" height=\"225\" srcset=\"https:\/\/agora.xtec.cat\/ies-santa-eulalia\/wp-content\/uploads\/usu1612\/2022\/03\/IMG_20220314_120334_464_red-300x225.jpg 300w, https:\/\/agora.xtec.cat\/ies-santa-eulalia\/wp-content\/uploads\/usu1612\/2022\/03\/IMG_20220314_120334_464_red-1024x768.jpg 1024w, https:\/\/agora.xtec.cat\/ies-santa-eulalia\/wp-content\/uploads\/usu1612\/2022\/03\/IMG_20220314_120334_464_red-768x576.jpg 768w, https:\/\/agora.xtec.cat\/ies-santa-eulalia\/wp-content\/uploads\/usu1612\/2022\/03\/IMG_20220314_120334_464_red-1536x1152.jpg 1536w, https:\/\/agora.xtec.cat\/ies-santa-eulalia\/wp-content\/uploads\/usu1612\/2022\/03\/IMG_20220314_120334_464_red-200x150.jpg 200w, https:\/\/agora.xtec.cat\/ies-santa-eulalia\/wp-content\/uploads\/usu1612\/2022\/03\/IMG_20220314_120334_464_red.jpg 2016w\" sizes=\"auto, (max-width: 300px) 100vw, 300px\" \/><\/a> \u00a0 <a href=\"https:\/\/agora.xtec.cat\/ies-santa-eulalia\/wp-content\/uploads\/usu1612\/2022\/03\/IMG_20220314_120536_902_red.jpg\"><img loading=\"lazy\" decoding=\"async\" class=\"alignnone size-medium wp-image-8665\" src=\"https:\/\/agora.xtec.cat\/ies-santa-eulalia\/wp-content\/uploads\/usu1612\/2022\/03\/IMG_20220314_120536_902_red-300x225.jpg\" alt=\"\" width=\"300\" height=\"225\" srcset=\"https:\/\/agora.xtec.cat\/ies-santa-eulalia\/wp-content\/uploads\/usu1612\/2022\/03\/IMG_20220314_120536_902_red-300x225.jpg 300w, https:\/\/agora.xtec.cat\/ies-santa-eulalia\/wp-content\/uploads\/usu1612\/2022\/03\/IMG_20220314_120536_902_red-1024x768.jpg 1024w, https:\/\/agora.xtec.cat\/ies-santa-eulalia\/wp-content\/uploads\/usu1612\/2022\/03\/IMG_20220314_120536_902_red-768x576.jpg 768w, https:\/\/agora.xtec.cat\/ies-santa-eulalia\/wp-content\/uploads\/usu1612\/2022\/03\/IMG_20220314_120536_902_red-1536x1152.jpg 1536w, https:\/\/agora.xtec.cat\/ies-santa-eulalia\/wp-content\/uploads\/usu1612\/2022\/03\/IMG_20220314_120536_902_red-200x150.jpg 200w, https:\/\/agora.xtec.cat\/ies-santa-eulalia\/wp-content\/uploads\/usu1612\/2022\/03\/IMG_20220314_120536_902_red.jpg 2016w\" sizes=\"auto, (max-width: 300px) 100vw, 300px\" \/><\/a><\/p>\n<p align=\"justify\"><a href=\"https:\/\/agora.xtec.cat\/ies-santa-eulalia\/wp-content\/uploads\/usu1612\/2022\/03\/IMG_20220314_120700_663_red.jpg\"><img loading=\"lazy\" decoding=\"async\" class=\"alignnone size-medium wp-image-8664\" src=\"https:\/\/agora.xtec.cat\/ies-santa-eulalia\/wp-content\/uploads\/usu1612\/2022\/03\/IMG_20220314_120700_663_red-300x225.jpg\" alt=\"\" width=\"300\" height=\"225\" srcset=\"https:\/\/agora.xtec.cat\/ies-santa-eulalia\/wp-content\/uploads\/usu1612\/2022\/03\/IMG_20220314_120700_663_red-300x225.jpg 300w, https:\/\/agora.xtec.cat\/ies-santa-eulalia\/wp-content\/uploads\/usu1612\/2022\/03\/IMG_20220314_120700_663_red-1024x768.jpg 1024w, https:\/\/agora.xtec.cat\/ies-santa-eulalia\/wp-content\/uploads\/usu1612\/2022\/03\/IMG_20220314_120700_663_red-768x576.jpg 768w, https:\/\/agora.xtec.cat\/ies-santa-eulalia\/wp-content\/uploads\/usu1612\/2022\/03\/IMG_20220314_120700_663_red-1536x1152.jpg 1536w, https:\/\/agora.xtec.cat\/ies-santa-eulalia\/wp-content\/uploads\/usu1612\/2022\/03\/IMG_20220314_120700_663_red-200x150.jpg 200w, https:\/\/agora.xtec.cat\/ies-santa-eulalia\/wp-content\/uploads\/usu1612\/2022\/03\/IMG_20220314_120700_663_red.jpg 2016w\" sizes=\"auto, (max-width: 300px) 100vw, 300px\" \/>\u00a0\u00a0 <\/a><a href=\"https:\/\/agora.xtec.cat\/ies-santa-eulalia\/wp-content\/uploads\/usu1612\/2022\/03\/IMG_20220314_121144_554_red.jpg\"><img loading=\"lazy\" decoding=\"async\" class=\"alignnone size-medium wp-image-8666\" src=\"https:\/\/agora.xtec.cat\/ies-santa-eulalia\/wp-content\/uploads\/usu1612\/2022\/03\/IMG_20220314_121144_554_red-300x225.jpg\" alt=\"\" width=\"300\" height=\"225\" srcset=\"https:\/\/agora.xtec.cat\/ies-santa-eulalia\/wp-content\/uploads\/usu1612\/2022\/03\/IMG_20220314_121144_554_red-300x225.jpg 300w, https:\/\/agora.xtec.cat\/ies-santa-eulalia\/wp-content\/uploads\/usu1612\/2022\/03\/IMG_20220314_121144_554_red-1024x768.jpg 1024w, https:\/\/agora.xtec.cat\/ies-santa-eulalia\/wp-content\/uploads\/usu1612\/2022\/03\/IMG_20220314_121144_554_red-768x576.jpg 768w, https:\/\/agora.xtec.cat\/ies-santa-eulalia\/wp-content\/uploads\/usu1612\/2022\/03\/IMG_20220314_121144_554_red-1536x1152.jpg 1536w, https:\/\/agora.xtec.cat\/ies-santa-eulalia\/wp-content\/uploads\/usu1612\/2022\/03\/IMG_20220314_121144_554_red-200x150.jpg 200w, https:\/\/agora.xtec.cat\/ies-santa-eulalia\/wp-content\/uploads\/usu1612\/2022\/03\/IMG_20220314_121144_554_red.jpg 2016w\" sizes=\"auto, (max-width: 300px) 100vw, 300px\" \/><\/a><\/p>\n","protected":false},"excerpt":{"rendered":"<p>Avui 14 de mar\u00e7 \u00e9s el Dia Internacional de les Matem\u00e0tiques i estem de celebraci\u00f3 a l\u2019institut. Els nois i noies de 1r d\u2019ESO han participat a la XI Jornada Virtual Matem\u00e0tica de l\u2019Hospitalet. Se\u2019ls ha plantejat un repte que consistia en esbrinar en quin&hellip;  <a href=\"https:\/\/agora.xtec.cat\/ies-santa-eulalia\/eso\/jornada-virtual-matematica-2\/\" title=\"Read JORNADA VIRTUAL MATEM\u00c0TICA\">Llegeix m\u00e9s\u00bb<\/a><\/p>\n","protected":false},"author":14,"featured_media":8665,"comment_status":"open","ping_status":"closed","sticky":false,"template":"","format":"standard","meta":{"_bbp_topic_count":0,"_bbp_reply_count":0,"_bbp_total_topic_count":0,"_bbp_total_reply_count":0,"_bbp_voice_count":0,"_bbp_anonymous_reply_count":0,"_bbp_topic_count_hidden":0,"_bbp_reply_count_hidden":0,"_bbp_forum_subforum_count":0,"footnotes":""},"categories":[140,3,4,29],"tags":[],"class_list":["post-8660","post","type-post","status-publish","format-standard","has-post-thumbnail","hentry","category-novetats-matematiques","category-eso","category-eso-1","category-portada"],"post_mailing_queue_ids":[],"_links":{"self":[{"href":"https:\/\/agora.xtec.cat\/ies-santa-eulalia\/wp-json\/wp\/v2\/posts\/8660","targetHints":{"allow":["GET"]}}],"collection":[{"href":"https:\/\/agora.xtec.cat\/ies-santa-eulalia\/wp-json\/wp\/v2\/posts"}],"about":[{"href":"https:\/\/agora.xtec.cat\/ies-santa-eulalia\/wp-json\/wp\/v2\/types\/post"}],"author":[{"embeddable":true,"href":"https:\/\/agora.xtec.cat\/ies-santa-eulalia\/wp-json\/wp\/v2\/users\/14"}],"replies":[{"embeddable":true,"href":"https:\/\/agora.xtec.cat\/ies-santa-eulalia\/wp-json\/wp\/v2\/comments?post=8660"}],"version-history":[{"count":1,"href":"https:\/\/agora.xtec.cat\/ies-santa-eulalia\/wp-json\/wp\/v2\/posts\/8660\/revisions"}],"predecessor-version":[{"id":8667,"href":"https:\/\/agora.xtec.cat\/ies-santa-eulalia\/wp-json\/wp\/v2\/posts\/8660\/revisions\/8667"}],"wp:featuredmedia":[{"embeddable":true,"href":"https:\/\/agora.xtec.cat\/ies-santa-eulalia\/wp-json\/wp\/v2\/media\/8665"}],"wp:attachment":[{"href":"https:\/\/agora.xtec.cat\/ies-santa-eulalia\/wp-json\/wp\/v2\/media?parent=8660"}],"wp:term":[{"taxonomy":"category","embeddable":true,"href":"https:\/\/agora.xtec.cat\/ies-santa-eulalia\/wp-json\/wp\/v2\/categories?post=8660"},{"taxonomy":"post_tag","embeddable":true,"href":"https:\/\/agora.xtec.cat\/ies-santa-eulalia\/wp-json\/wp\/v2\/tags?post=8660"}],"curies":[{"name":"wp","href":"https:\/\/api.w.org\/{rel}","templated":true}]}}