{"id":8621,"date":"2022-03-08T11:12:16","date_gmt":"2022-03-08T10:12:16","guid":{"rendered":"https:\/\/agora.xtec.cat\/ies-santa-eulalia\/?p=8621"},"modified":"2022-03-08T11:17:47","modified_gmt":"2022-03-08T10:17:47","slug":"8m-dia-internacional-de-la-dona","status":"publish","type":"post","link":"https:\/\/agora.xtec.cat\/ies-santa-eulalia\/general\/8m-dia-internacional-de-la-dona\/","title":{"rendered":"8M Dia Internacional de la Dona"},"content":{"rendered":"<p>Avui tornem a celebrar el Dia Internacional de la Dona a l&#8217;Institut Santa Eul\u00e0lia i la nostra adhesi\u00f3 al manifest oficial del 8M. Al llarg de tota la setmana es portaran a terme activitats relacionades amb la igualtat de g\u00e8nere als diferents cursos i mat\u00e8ries del nostre centre.<\/p>\n<p>Aquest any participem al projecte de Barris Violetes impulsat per la CONFAVC. El barri de Santa Eul\u00e0lia organitza diferents activitats i el nostre institut participar\u00e0 en un diagn\u00f2stic que elaborat per l&#8217;alumnat d&#8217;ESO del centre. <a href=\"https:\/\/confavc.cat\/barris-violetes\/\">https:\/\/confavc.cat\/barris-violetes\/<\/a><\/p>\n<p>L&#8217;alumnat tamb\u00e9 podr\u00e0 gaudir de l&#8217;exposici\u00f3 &#8220;Jo decideixo&#8221; que es trobar\u00e0 a passad\u00eds central fins l&#8217;1 d&#8217;abril.<\/p>\n<p>Feli\u00e7 8M a totes!<\/p>\n<p><a href=\"https:\/\/agora.xtec.cat\/ies-santa-eulalia\/wp-content\/uploads\/usu1612\/2022\/03\/3-8M-scaled.jpg\"><img loading=\"lazy\" decoding=\"async\" class=\"alignnone size-large wp-image-8624\" src=\"https:\/\/agora.xtec.cat\/ies-santa-eulalia\/wp-content\/uploads\/usu1612\/2022\/03\/3-8M-481x1024.jpg\" alt=\"\" width=\"481\" height=\"1024\" srcset=\"https:\/\/agora.xtec.cat\/ies-santa-eulalia\/wp-content\/uploads\/usu1612\/2022\/03\/3-8M-481x1024.jpg 481w, https:\/\/agora.xtec.cat\/ies-santa-eulalia\/wp-content\/uploads\/usu1612\/2022\/03\/3-8M-141x300.jpg 141w, https:\/\/agora.xtec.cat\/ies-santa-eulalia\/wp-content\/uploads\/usu1612\/2022\/03\/3-8M-768x1634.jpg 768w, https:\/\/agora.xtec.cat\/ies-santa-eulalia\/wp-content\/uploads\/usu1612\/2022\/03\/3-8M-722x1536.jpg 722w, https:\/\/agora.xtec.cat\/ies-santa-eulalia\/wp-content\/uploads\/usu1612\/2022\/03\/3-8M-962x2048.jpg 962w, https:\/\/agora.xtec.cat\/ies-santa-eulalia\/wp-content\/uploads\/usu1612\/2022\/03\/3-8M-scaled.jpg 1203w\" sizes=\"auto, (max-width: 481px) 100vw, 481px\" \/><\/a> <a href=\"https:\/\/agora.xtec.cat\/ies-santa-eulalia\/wp-content\/uploads\/usu1612\/2022\/03\/4-8M-scaled.jpg\"><img loading=\"lazy\" decoding=\"async\" class=\"alignnone size-large wp-image-8625\" src=\"https:\/\/agora.xtec.cat\/ies-santa-eulalia\/wp-content\/uploads\/usu1612\/2022\/03\/4-8M-444x1024.jpg\" alt=\"\" width=\"444\" height=\"1024\" srcset=\"https:\/\/agora.xtec.cat\/ies-santa-eulalia\/wp-content\/uploads\/usu1612\/2022\/03\/4-8M-444x1024.jpg 444w, https:\/\/agora.xtec.cat\/ies-santa-eulalia\/wp-content\/uploads\/usu1612\/2022\/03\/4-8M-130x300.jpg 130w, https:\/\/agora.xtec.cat\/ies-santa-eulalia\/wp-content\/uploads\/usu1612\/2022\/03\/4-8M-768x1771.jpg 768w, https:\/\/agora.xtec.cat\/ies-santa-eulalia\/wp-content\/uploads\/usu1612\/2022\/03\/4-8M-666x1536.jpg 666w, https:\/\/agora.xtec.cat\/ies-santa-eulalia\/wp-content\/uploads\/usu1612\/2022\/03\/4-8M-888x2048.jpg 888w, https:\/\/agora.xtec.cat\/ies-santa-eulalia\/wp-content\/uploads\/usu1612\/2022\/03\/4-8M-scaled.jpg 1110w\" sizes=\"auto, (max-width: 444px) 100vw, 444px\" \/><\/a><\/p>\n","protected":false},"excerpt":{"rendered":"<p>Avui tornem a celebrar el Dia Internacional de la Dona a l&#8217;Institut Santa Eul\u00e0lia i la nostra adhesi\u00f3 al manifest oficial del 8M. Al llarg de tota la setmana es portaran a terme activitats relacionades amb la igualtat de g\u00e8nere als diferents cursos i mat\u00e8ries&hellip;  <a href=\"https:\/\/agora.xtec.cat\/ies-santa-eulalia\/general\/8m-dia-internacional-de-la-dona\/\" title=\"Read 8M Dia Internacional de la Dona\">Llegeix m\u00e9s\u00bb<\/a><\/p>\n","protected":false},"author":66,"featured_media":8622,"comment_status":"open","ping_status":"closed","sticky":false,"template":"","format":"standard","meta":{"_bbp_topic_count":0,"_bbp_reply_count":0,"_bbp_total_topic_count":0,"_bbp_total_reply_count":0,"_bbp_voice_count":0,"_bbp_anonymous_reply_count":0,"_bbp_topic_count_hidden":0,"_bbp_reply_count_hidden":0,"_bbp_forum_subforum_count":0,"footnotes":""},"categories":[154,156,31,8,106,3,1,129,29,105],"tags":[],"class_list":["post-8621","post","type-post","status-publish","format-standard","has-post-thumbnail","hentry","category-novetats-aula-dacollida","category-novetats-biblioteca","category-ampa","category-batxillerat","category-comissions","category-eso","category-general","category-mediacio","category-portada","category-tutores-i-equips-docents"],"post_mailing_queue_ids":[],"_links":{"self":[{"href":"https:\/\/agora.xtec.cat\/ies-santa-eulalia\/wp-json\/wp\/v2\/posts\/8621","targetHints":{"allow":["GET"]}}],"collection":[{"href":"https:\/\/agora.xtec.cat\/ies-santa-eulalia\/wp-json\/wp\/v2\/posts"}],"about":[{"href":"https:\/\/agora.xtec.cat\/ies-santa-eulalia\/wp-json\/wp\/v2\/types\/post"}],"author":[{"embeddable":true,"href":"https:\/\/agora.xtec.cat\/ies-santa-eulalia\/wp-json\/wp\/v2\/users\/66"}],"replies":[{"embeddable":true,"href":"https:\/\/agora.xtec.cat\/ies-santa-eulalia\/wp-json\/wp\/v2\/comments?post=8621"}],"version-history":[{"count":3,"href":"https:\/\/agora.xtec.cat\/ies-santa-eulalia\/wp-json\/wp\/v2\/posts\/8621\/revisions"}],"predecessor-version":[{"id":8628,"href":"https:\/\/agora.xtec.cat\/ies-santa-eulalia\/wp-json\/wp\/v2\/posts\/8621\/revisions\/8628"}],"wp:featuredmedia":[{"embeddable":true,"href":"https:\/\/agora.xtec.cat\/ies-santa-eulalia\/wp-json\/wp\/v2\/media\/8622"}],"wp:attachment":[{"href":"https:\/\/agora.xtec.cat\/ies-santa-eulalia\/wp-json\/wp\/v2\/media?parent=8621"}],"wp:term":[{"taxonomy":"category","embeddable":true,"href":"https:\/\/agora.xtec.cat\/ies-santa-eulalia\/wp-json\/wp\/v2\/categories?post=8621"},{"taxonomy":"post_tag","embeddable":true,"href":"https:\/\/agora.xtec.cat\/ies-santa-eulalia\/wp-json\/wp\/v2\/tags?post=8621"}],"curies":[{"name":"wp","href":"https:\/\/api.w.org\/{rel}","templated":true}]}}