{"id":8617,"date":"2022-03-07T18:49:23","date_gmt":"2022-03-07T17:49:23","guid":{"rendered":"https:\/\/agora.xtec.cat\/ies-santa-eulalia\/?p=8617"},"modified":"2022-03-08T12:17:05","modified_gmt":"2022-03-08T11:17:05","slug":"murals-ucraina","status":"publish","type":"post","link":"https:\/\/agora.xtec.cat\/ies-santa-eulalia\/general\/murals-ucraina\/","title":{"rendered":"No a la guerra d&#8217;Ucra\u00efna"},"content":{"rendered":"<p><span style=\"font-weight: 400;\">A la classe de socials de 4t C d\u2019ESO hem treballat la invasi\u00f3 de R\u00fassia a Ucra\u00efna.\u00a0\u00a0<\/span><\/p>\n<p><span style=\"font-weight: 400;\">\u00a0Hem\u00a0 treballat amb mapes per situar els pa\u00efsos implicats\u00a0 i tamb\u00e9 els que\u00a0 formaven part de\u00a0 l\u2019 OTAN . Despr\u00e9s amb un v\u00eddeo de la BBC <em>News<\/em> hem vist quines s\u00f3n les causes d\u2019 aquest conflicte. Tamb\u00e9 hem parlat de les difer\u00e8ncies entre una autocr\u00e0cia i una democr\u00e0cia i com les autocr\u00e0cies s\u00f3n cruels amb els seus ciutadans i una de les pitjors formes de poder.<\/span><\/p>\n<p><span style=\"font-weight: 400;\">La trag\u00e8dia d\u2019aquesta guerra \u00e9s terrible i en els nostres murals que els hem titulat <\/span><i><span style=\"font-weight: 400;\">La Guerra d\u2019 Ucra\u00efna<\/span><\/i><span style=\"font-weight: 400;\">\u00a0 i que tenen el color de la bandera d\u2019 Ucra\u00efna volem reflectir aquest horror, les bombes, la destrucci\u00f3, els refugiats, els nens.<\/span><\/p>\n<p><span style=\"font-weight: 400;\">Finalment els alumnes de 2n de batxillerat en l\u2019assignatura d\u2019 Hist\u00f2ria de l\u2019 Art, van signar cadascun dels nostres murals amb un quadre de Goya de la col\u00b7lecci\u00f3 <\/span><i><span style=\"font-weight: 400;\">\u201c Els desastres de la guerra\u201d<\/span><\/i><\/p>\n<p><a href=\"https:\/\/agora.xtec.cat\/ies-santa-eulalia\/wp-content\/uploads\/usu1612\/2022\/03\/Ucraina-2-1-1.jpg\"><img loading=\"lazy\" decoding=\"async\" class=\"aligncenter size-full wp-image-8618\" src=\"https:\/\/agora.xtec.cat\/ies-santa-eulalia\/wp-content\/uploads\/usu1612\/2022\/03\/Ucraina-2-1-1.jpg\" alt=\"\" width=\"1959\" height=\"1470\" srcset=\"https:\/\/agora.xtec.cat\/ies-santa-eulalia\/wp-content\/uploads\/usu1612\/2022\/03\/Ucraina-2-1-1.jpg 1959w, https:\/\/agora.xtec.cat\/ies-santa-eulalia\/wp-content\/uploads\/usu1612\/2022\/03\/Ucraina-2-1-1-300x225.jpg 300w, https:\/\/agora.xtec.cat\/ies-santa-eulalia\/wp-content\/uploads\/usu1612\/2022\/03\/Ucraina-2-1-1-1024x768.jpg 1024w, https:\/\/agora.xtec.cat\/ies-santa-eulalia\/wp-content\/uploads\/usu1612\/2022\/03\/Ucraina-2-1-1-768x576.jpg 768w, https:\/\/agora.xtec.cat\/ies-santa-eulalia\/wp-content\/uploads\/usu1612\/2022\/03\/Ucraina-2-1-1-1536x1153.jpg 1536w, https:\/\/agora.xtec.cat\/ies-santa-eulalia\/wp-content\/uploads\/usu1612\/2022\/03\/Ucraina-2-1-1-200x150.jpg 200w\" sizes=\"auto, (max-width: 1959px) 100vw, 1959px\" \/><\/a><\/p>\n","protected":false},"excerpt":{"rendered":"<p>A la classe de socials de 4t C d\u2019ESO hem treballat la invasi\u00f3 de R\u00fassia a Ucra\u00efna.\u00a0\u00a0<br \/>\n\u00a0Hem\u00a0 treballat amb mapes per situar els pa\u00efsos implicats\u00a0 i tamb\u00e9 els que\u00a0 formaven part de\u00a0 l\u2019 OTAN . Despr\u00e9s amb un v\u00eddeo de la BBC News hem vist&hellip;  <a href=\"https:\/\/agora.xtec.cat\/ies-santa-eulalia\/general\/murals-ucraina\/\" title=\"Read No a la guerra d&#8217;Ucra\u00efna\">Llegeix m\u00e9s\u00bb<\/a><\/p>\n","protected":false},"author":1,"featured_media":8618,"comment_status":"open","ping_status":"closed","sticky":false,"template":"","format":"standard","meta":{"_bbp_topic_count":0,"_bbp_reply_count":0,"_bbp_total_topic_count":0,"_bbp_total_reply_count":0,"_bbp_voice_count":0,"_bbp_anonymous_reply_count":0,"_bbp_topic_count_hidden":0,"_bbp_reply_count_hidden":0,"_bbp_forum_subforum_count":0,"footnotes":""},"categories":[147,3,1,29],"tags":[],"class_list":["post-8617","post","type-post","status-publish","format-standard","has-post-thumbnail","hentry","category-novetats-geografia-i-historia","category-eso","category-general","category-portada"],"post_mailing_queue_ids":[],"_links":{"self":[{"href":"https:\/\/agora.xtec.cat\/ies-santa-eulalia\/wp-json\/wp\/v2\/posts\/8617","targetHints":{"allow":["GET"]}}],"collection":[{"href":"https:\/\/agora.xtec.cat\/ies-santa-eulalia\/wp-json\/wp\/v2\/posts"}],"about":[{"href":"https:\/\/agora.xtec.cat\/ies-santa-eulalia\/wp-json\/wp\/v2\/types\/post"}],"author":[{"embeddable":true,"href":"https:\/\/agora.xtec.cat\/ies-santa-eulalia\/wp-json\/wp\/v2\/users\/1"}],"replies":[{"embeddable":true,"href":"https:\/\/agora.xtec.cat\/ies-santa-eulalia\/wp-json\/wp\/v2\/comments?post=8617"}],"version-history":[{"count":3,"href":"https:\/\/agora.xtec.cat\/ies-santa-eulalia\/wp-json\/wp\/v2\/posts\/8617\/revisions"}],"predecessor-version":[{"id":8631,"href":"https:\/\/agora.xtec.cat\/ies-santa-eulalia\/wp-json\/wp\/v2\/posts\/8617\/revisions\/8631"}],"wp:featuredmedia":[{"embeddable":true,"href":"https:\/\/agora.xtec.cat\/ies-santa-eulalia\/wp-json\/wp\/v2\/media\/8618"}],"wp:attachment":[{"href":"https:\/\/agora.xtec.cat\/ies-santa-eulalia\/wp-json\/wp\/v2\/media?parent=8617"}],"wp:term":[{"taxonomy":"category","embeddable":true,"href":"https:\/\/agora.xtec.cat\/ies-santa-eulalia\/wp-json\/wp\/v2\/categories?post=8617"},{"taxonomy":"post_tag","embeddable":true,"href":"https:\/\/agora.xtec.cat\/ies-santa-eulalia\/wp-json\/wp\/v2\/tags?post=8617"}],"curies":[{"name":"wp","href":"https:\/\/api.w.org\/{rel}","templated":true}]}}