{"id":8534,"date":"2022-02-18T10:26:33","date_gmt":"2022-02-18T09:26:33","guid":{"rendered":"https:\/\/agora.xtec.cat\/ies-santa-eulalia\/?p=8534"},"modified":"2022-02-18T10:30:02","modified_gmt":"2022-02-18T09:30:02","slug":"portes-obertes-presencials-al-copem","status":"publish","type":"post","link":"https:\/\/agora.xtec.cat\/ies-santa-eulalia\/general\/portes-obertes-presencials-al-copem\/","title":{"rendered":"PORTES OBERTES PRESENCIALS AL COPEM!!!"},"content":{"rendered":"<div><\/div>\n<div>\n<p><span style=\"font-weight: 400;\">Benvolgudes fam\u00edlies,<\/span><\/p>\n<p><span style=\"font-weight: 400;\">Atesa l&#8217;evoluci\u00f3 positiva de la situaci\u00f3 pand\u00e8mica, hem valorat recuperar la presencialitat de la Jornada de Portes Obertes com hem fet sempre, amb les mateixes ganes i la mateixa il\u00b7lusi\u00f3 per tal que les fam\u00edlies del barri pugueu con\u00e8ixer el nostre Projecte Educatiu i les nostres instal\u00b7lacions.<\/span><\/p>\n<p><span style=\"font-weight: 400;\">Fa unes setmanes, quan vam planificar les Portes Obertes, la situaci\u00f3 pand\u00e8mica era molt diferent a l&#8217;actual i ens vam decantar per la forma telem\u00e0tica per mantenir la seguretat de tothom. Estem especialment contents que la situaci\u00f3 hagi millorat i de poder tornar a obrir les nostres portes.<\/span><\/p>\n<p><span style=\"font-weight: 400;\">Per inscriure-us ho podeu fer en aquest<\/span> <a href=\"https:\/\/docs.google.com\/forms\/d\/e\/1FAIpQLSeIr0nLb0eJUHZsjJn_r1Xj3T5ufam9EHXTl8UInI7jZxOEsw\/viewform?usp=pp_url\"><b>FORMULARI<\/b><\/a><span style=\"font-weight: 400;\">\u00a0<\/span><\/p>\n<p><span style=\"font-weight: 400;\">Us esperem el dimecres 2 de mar\u00e7 a les 18:00h al nostre institut!!!<\/span><\/p>\n<\/div>\n<div><\/div>\n<div><a href=\"https:\/\/agora.xtec.cat\/ies-santa-eulalia\/wp-content\/uploads\/usu1612\/2022\/01\/portes-obertes-ESO.png\"><img loading=\"lazy\" decoding=\"async\" class=\"aligncenter size-full wp-image-8416\" src=\"https:\/\/agora.xtec.cat\/ies-santa-eulalia\/wp-content\/uploads\/usu1612\/2022\/01\/portes-obertes-ESO.png\" alt=\"\" width=\"567\" height=\"886\" srcset=\"https:\/\/agora.xtec.cat\/ies-santa-eulalia\/wp-content\/uploads\/usu1612\/2022\/01\/portes-obertes-ESO.png 567w, https:\/\/agora.xtec.cat\/ies-santa-eulalia\/wp-content\/uploads\/usu1612\/2022\/01\/portes-obertes-ESO-192x300.png 192w\" sizes=\"auto, (max-width: 567px) 100vw, 567px\" \/><\/a><\/div>\n<div><\/div>\n<div><\/div>\n<div class=\"yj6qo\"><\/div>\n<div class=\"adL\"><\/div>\n<div class=\"adL\"><\/div>\n","protected":false},"excerpt":{"rendered":"<p>Benvolgudes fam\u00edlies,<br \/>\nAtesa l&#8217;evoluci\u00f3 positiva de la situaci\u00f3 pand\u00e8mica, hem valorat recuperar la presencialitat de la Jornada de Portes Obertes com hem fet sempre, amb les mateixes ganes i la mateixa il\u00b7lusi\u00f3 per tal que les fam\u00edlies del barri pugueu con\u00e8ixer el nostre Projecte Educatiu i&hellip;  <a href=\"https:\/\/agora.xtec.cat\/ies-santa-eulalia\/general\/portes-obertes-presencials-al-copem\/\" title=\"Read PORTES OBERTES PRESENCIALS AL COPEM!!!\">Llegeix m\u00e9s\u00bb<\/a><\/p>\n","protected":false},"author":1,"featured_media":8416,"comment_status":"open","ping_status":"closed","sticky":false,"template":"","format":"standard","meta":{"_bbp_topic_count":0,"_bbp_reply_count":0,"_bbp_total_topic_count":0,"_bbp_total_reply_count":0,"_bbp_voice_count":0,"_bbp_anonymous_reply_count":0,"_bbp_topic_count_hidden":0,"_bbp_reply_count_hidden":0,"_bbp_forum_subforum_count":0,"footnotes":""},"categories":[3,1,29],"tags":[],"class_list":["post-8534","post","type-post","status-publish","format-standard","has-post-thumbnail","hentry","category-eso","category-general","category-portada"],"post_mailing_queue_ids":[],"_links":{"self":[{"href":"https:\/\/agora.xtec.cat\/ies-santa-eulalia\/wp-json\/wp\/v2\/posts\/8534","targetHints":{"allow":["GET"]}}],"collection":[{"href":"https:\/\/agora.xtec.cat\/ies-santa-eulalia\/wp-json\/wp\/v2\/posts"}],"about":[{"href":"https:\/\/agora.xtec.cat\/ies-santa-eulalia\/wp-json\/wp\/v2\/types\/post"}],"author":[{"embeddable":true,"href":"https:\/\/agora.xtec.cat\/ies-santa-eulalia\/wp-json\/wp\/v2\/users\/1"}],"replies":[{"embeddable":true,"href":"https:\/\/agora.xtec.cat\/ies-santa-eulalia\/wp-json\/wp\/v2\/comments?post=8534"}],"version-history":[{"count":3,"href":"https:\/\/agora.xtec.cat\/ies-santa-eulalia\/wp-json\/wp\/v2\/posts\/8534\/revisions"}],"predecessor-version":[{"id":8538,"href":"https:\/\/agora.xtec.cat\/ies-santa-eulalia\/wp-json\/wp\/v2\/posts\/8534\/revisions\/8538"}],"wp:featuredmedia":[{"embeddable":true,"href":"https:\/\/agora.xtec.cat\/ies-santa-eulalia\/wp-json\/wp\/v2\/media\/8416"}],"wp:attachment":[{"href":"https:\/\/agora.xtec.cat\/ies-santa-eulalia\/wp-json\/wp\/v2\/media?parent=8534"}],"wp:term":[{"taxonomy":"category","embeddable":true,"href":"https:\/\/agora.xtec.cat\/ies-santa-eulalia\/wp-json\/wp\/v2\/categories?post=8534"},{"taxonomy":"post_tag","embeddable":true,"href":"https:\/\/agora.xtec.cat\/ies-santa-eulalia\/wp-json\/wp\/v2\/tags?post=8534"}],"curies":[{"name":"wp","href":"https:\/\/api.w.org\/{rel}","templated":true}]}}