{"id":8528,"date":"2022-02-16T18:57:04","date_gmt":"2022-02-16T17:57:04","guid":{"rendered":"https:\/\/agora.xtec.cat\/ies-santa-eulalia\/?p=8528"},"modified":"2022-02-16T19:15:04","modified_gmt":"2022-02-16T18:15:04","slug":"sortida-a-cosmocaixa-2neso","status":"publish","type":"post","link":"https:\/\/agora.xtec.cat\/ies-santa-eulalia\/general\/sortida-a-cosmocaixa-2neso\/","title":{"rendered":"Sortida a Cosmocaixa 2nESO"},"content":{"rendered":"<p align=\"justify\"><span style=\"font-family: Arial, sans-serif\"><span style=\"font-size: small\">El 16 de febrer hem fet una sortida al Cosmocaixa els grups 2nD, 2nE i 2nF. A m\u00e9s de visitar el Museu, hem fet un taller molt interessant sobre la pressi\u00f3 atmosf\u00e8rica. Fins i tot, hem col\u00b7laborat en la realitzaci\u00f3 d\u2019alguns experiments, tal com es pot veure a la foto. Els alumnes han estat molt participatius. Entre d\u2019altres coses, hem apr\u00e8s quins efectes poden tenir els canvis de pressi\u00f3. Per acabar el taller, hem adaptat\u00a0 l&#8217;experiment de les esferes de Magdeburg. Ens ho hem passat molt b\u00e9. <\/span><\/span><\/p>\n","protected":false},"excerpt":{"rendered":"<p>El 16 de febrer hem fet una sortida al Cosmocaixa els grups 2nD, 2nE i 2nF. A m\u00e9s de visitar el Museu, hem fet un taller molt interessant sobre la pressi\u00f3 atmosf\u00e8rica. Fins i tot, hem col\u00b7laborat en la realitzaci\u00f3 d\u2019alguns experiments, tal com es&hellip;  <a href=\"https:\/\/agora.xtec.cat\/ies-santa-eulalia\/general\/sortida-a-cosmocaixa-2neso\/\" title=\"Read Sortida a Cosmocaixa 2nESO\">Llegeix m\u00e9s\u00bb<\/a><\/p>\n","protected":false},"author":106,"featured_media":8529,"comment_status":"open","ping_status":"closed","sticky":false,"template":"","format":"standard","meta":{"_bbp_topic_count":0,"_bbp_reply_count":0,"_bbp_total_topic_count":0,"_bbp_total_reply_count":0,"_bbp_voice_count":0,"_bbp_anonymous_reply_count":0,"_bbp_topic_count_hidden":0,"_bbp_reply_count_hidden":0,"_bbp_forum_subforum_count":0,"footnotes":""},"categories":[1,29],"tags":[],"class_list":["post-8528","post","type-post","status-publish","format-standard","has-post-thumbnail","hentry","category-general","category-portada"],"post_mailing_queue_ids":[],"_links":{"self":[{"href":"https:\/\/agora.xtec.cat\/ies-santa-eulalia\/wp-json\/wp\/v2\/posts\/8528","targetHints":{"allow":["GET"]}}],"collection":[{"href":"https:\/\/agora.xtec.cat\/ies-santa-eulalia\/wp-json\/wp\/v2\/posts"}],"about":[{"href":"https:\/\/agora.xtec.cat\/ies-santa-eulalia\/wp-json\/wp\/v2\/types\/post"}],"author":[{"embeddable":true,"href":"https:\/\/agora.xtec.cat\/ies-santa-eulalia\/wp-json\/wp\/v2\/users\/106"}],"replies":[{"embeddable":true,"href":"https:\/\/agora.xtec.cat\/ies-santa-eulalia\/wp-json\/wp\/v2\/comments?post=8528"}],"version-history":[{"count":2,"href":"https:\/\/agora.xtec.cat\/ies-santa-eulalia\/wp-json\/wp\/v2\/posts\/8528\/revisions"}],"predecessor-version":[{"id":8531,"href":"https:\/\/agora.xtec.cat\/ies-santa-eulalia\/wp-json\/wp\/v2\/posts\/8528\/revisions\/8531"}],"wp:featuredmedia":[{"embeddable":true,"href":"https:\/\/agora.xtec.cat\/ies-santa-eulalia\/wp-json\/wp\/v2\/media\/8529"}],"wp:attachment":[{"href":"https:\/\/agora.xtec.cat\/ies-santa-eulalia\/wp-json\/wp\/v2\/media?parent=8528"}],"wp:term":[{"taxonomy":"category","embeddable":true,"href":"https:\/\/agora.xtec.cat\/ies-santa-eulalia\/wp-json\/wp\/v2\/categories?post=8528"},{"taxonomy":"post_tag","embeddable":true,"href":"https:\/\/agora.xtec.cat\/ies-santa-eulalia\/wp-json\/wp\/v2\/tags?post=8528"}],"curies":[{"name":"wp","href":"https:\/\/api.w.org\/{rel}","templated":true}]}}