{"id":8461,"date":"2022-02-02T18:20:53","date_gmt":"2022-02-02T17:20:53","guid":{"rendered":"https:\/\/agora.xtec.cat\/ies-santa-eulalia\/?p=8461"},"modified":"2022-02-06T18:48:10","modified_gmt":"2022-02-06T17:48:10","slug":"sortida-demprenedoria-a-torre-barrina","status":"publish","type":"post","link":"https:\/\/agora.xtec.cat\/ies-santa-eulalia\/general\/sortida-demprenedoria-a-torre-barrina\/","title":{"rendered":"Sortida d&#8217;Emprenedoria a Torre Barrina"},"content":{"rendered":"<p><span style=\"font-weight: 400;\">Dilluns vam fer la sortida al centre d\u2019innovaci\u00f3 social de Torre Barrina amb l\u2019optativa d\u2019Emprenedoria de 3er d\u2019ESO i organitzada pel departament de matem\u00e0tiques. Ens agradaria donar les gr\u00e0cies especialment a l\u2019Esther Camacho del projecte EJE (Empresa Joven Europea) que ha organitzat un taller magn\u00edfic de creaci\u00f3 de cat\u00e0legs. <\/span><\/p>\n<p><span style=\"font-weight: 400;\">Durant el taller hem apr\u00e8s a utilitzar la metodologia <\/span><i><span style=\"font-weight: 400;\">agile<\/span><\/i><span style=\"font-weight: 400;\"> per tal de crear una din\u00e0mica de treball col\u00b7laborativa organitzada en <\/span><i><span style=\"font-weight: 400;\">sprints<\/span><\/i><span style=\"font-weight: 400;\"> de petites tasques a desenvolupar en un temps molt limitat. Amb una sessi\u00f3 d&#8217;hora i mitja, la nostra cooperativa Coco Loco ha creat una versi\u00f3 <\/span><i><span style=\"font-weight: 400;\">beta<\/span><\/i><span style=\"font-weight: 400;\"> del cat\u00e0leg de productes catalans que m\u00e9s endavant es vendran a la cooperativa associada de Navarra.<\/span><\/p>\n<p><a href=\"https:\/\/agora.xtec.cat\/ies-santa-eulalia\/wp-content\/uploads\/usu1612\/2022\/02\/photo1643654590-1.jpeg\"><img loading=\"lazy\" decoding=\"async\" class=\"wp-image-8462 alignleft\" src=\"https:\/\/agora.xtec.cat\/ies-santa-eulalia\/wp-content\/uploads\/usu1612\/2022\/02\/photo1643654590-1-1024x768.jpeg\" alt=\"\" width=\"791\" height=\"593\" srcset=\"https:\/\/agora.xtec.cat\/ies-santa-eulalia\/wp-content\/uploads\/usu1612\/2022\/02\/photo1643654590-1-1024x768.jpeg 1024w, https:\/\/agora.xtec.cat\/ies-santa-eulalia\/wp-content\/uploads\/usu1612\/2022\/02\/photo1643654590-1-300x225.jpeg 300w, https:\/\/agora.xtec.cat\/ies-santa-eulalia\/wp-content\/uploads\/usu1612\/2022\/02\/photo1643654590-1-768x576.jpeg 768w, https:\/\/agora.xtec.cat\/ies-santa-eulalia\/wp-content\/uploads\/usu1612\/2022\/02\/photo1643654590-1-200x150.jpeg 200w, https:\/\/agora.xtec.cat\/ies-santa-eulalia\/wp-content\/uploads\/usu1612\/2022\/02\/photo1643654590-1.jpeg 1280w\" sizes=\"auto, (max-width: 791px) 100vw, 791px\" \/><\/a><\/p>\n<p>&nbsp;<\/p>\n<p>&nbsp;<\/p>\n<p>&nbsp;<\/p>\n<p>&nbsp;<\/p>\n<p>&nbsp;<\/p>\n<p>&nbsp;<\/p>\n<p>&nbsp;<\/p>\n<p>&nbsp;<\/p>\n<p>&nbsp;<\/p>\n<p>&nbsp;<\/p>\n<p>&nbsp;<\/p>\n<p>&nbsp;<\/p>\n<p>&nbsp;<\/p>\n<p>&nbsp;<\/p>\n","protected":false},"excerpt":{"rendered":"<p>Dilluns vam fer la sortida al centre d\u2019innovaci\u00f3 social de Torre Barrina amb l\u2019optativa d\u2019Emprenedoria de 3er d\u2019ESO i organitzada pel departament de matem\u00e0tiques. Ens agradaria donar les gr\u00e0cies especialment a l\u2019Esther Camacho del projecte EJE (Empresa Joven Europea) que ha organitzat un taller magn\u00edfic&hellip;  <a href=\"https:\/\/agora.xtec.cat\/ies-santa-eulalia\/general\/sortida-demprenedoria-a-torre-barrina\/\" title=\"Read Sortida d&#8217;Emprenedoria a Torre Barrina\">Llegeix m\u00e9s\u00bb<\/a><\/p>\n","protected":false},"author":104,"featured_media":8462,"comment_status":"open","ping_status":"closed","sticky":false,"template":"","format":"standard","meta":{"_bbp_topic_count":0,"_bbp_reply_count":0,"_bbp_total_topic_count":0,"_bbp_total_reply_count":0,"_bbp_voice_count":0,"_bbp_anonymous_reply_count":0,"_bbp_topic_count_hidden":0,"_bbp_reply_count_hidden":0,"_bbp_forum_subforum_count":0,"footnotes":""},"categories":[335,3,6,334,1,29],"tags":[],"class_list":["post-8461","post","type-post","status-publish","format-standard","has-post-thumbnail","hentry","category-activitats-matematiques","category-eso","category-eso-3","category-eso-3d","category-general","category-portada"],"post_mailing_queue_ids":[],"_links":{"self":[{"href":"https:\/\/agora.xtec.cat\/ies-santa-eulalia\/wp-json\/wp\/v2\/posts\/8461","targetHints":{"allow":["GET"]}}],"collection":[{"href":"https:\/\/agora.xtec.cat\/ies-santa-eulalia\/wp-json\/wp\/v2\/posts"}],"about":[{"href":"https:\/\/agora.xtec.cat\/ies-santa-eulalia\/wp-json\/wp\/v2\/types\/post"}],"author":[{"embeddable":true,"href":"https:\/\/agora.xtec.cat\/ies-santa-eulalia\/wp-json\/wp\/v2\/users\/104"}],"replies":[{"embeddable":true,"href":"https:\/\/agora.xtec.cat\/ies-santa-eulalia\/wp-json\/wp\/v2\/comments?post=8461"}],"version-history":[{"count":4,"href":"https:\/\/agora.xtec.cat\/ies-santa-eulalia\/wp-json\/wp\/v2\/posts\/8461\/revisions"}],"predecessor-version":[{"id":8470,"href":"https:\/\/agora.xtec.cat\/ies-santa-eulalia\/wp-json\/wp\/v2\/posts\/8461\/revisions\/8470"}],"wp:featuredmedia":[{"embeddable":true,"href":"https:\/\/agora.xtec.cat\/ies-santa-eulalia\/wp-json\/wp\/v2\/media\/8462"}],"wp:attachment":[{"href":"https:\/\/agora.xtec.cat\/ies-santa-eulalia\/wp-json\/wp\/v2\/media?parent=8461"}],"wp:term":[{"taxonomy":"category","embeddable":true,"href":"https:\/\/agora.xtec.cat\/ies-santa-eulalia\/wp-json\/wp\/v2\/categories?post=8461"},{"taxonomy":"post_tag","embeddable":true,"href":"https:\/\/agora.xtec.cat\/ies-santa-eulalia\/wp-json\/wp\/v2\/tags?post=8461"}],"curies":[{"name":"wp","href":"https:\/\/api.w.org\/{rel}","templated":true}]}}