{"id":8359,"date":"2021-12-21T18:36:37","date_gmt":"2021-12-21T17:36:37","guid":{"rendered":"https:\/\/agora.xtec.cat\/ies-santa-eulalia\/?p=8359"},"modified":"2021-12-21T18:41:39","modified_gmt":"2021-12-21T17:41:39","slug":"sortida-de-cohesio-2n-d","status":"publish","type":"post","link":"https:\/\/agora.xtec.cat\/ies-santa-eulalia\/general\/sortida-de-cohesio-2n-d\/","title":{"rendered":"Sortida de cohesi\u00f3 2n D"},"content":{"rendered":"<p>Els alumnes del <strong>2n D<\/strong> de l\u2019ESO hem anat al <em>Parc de l\u2019Alhambra<\/em> d&#8217;excursi\u00f3 de cohesi\u00f3, ens ho hem passat molt b\u00e9 i hem gaudit molt a l&#8217;aire lliure!<\/p>\n<p><a href=\"https:\/\/agora.xtec.cat\/ies-santa-eulalia\/wp-content\/uploads\/usu1612\/2021\/12\/2D_LAlhambra_610.jpg\"><img loading=\"lazy\" decoding=\"async\" class=\"alignnone size-large wp-image-8362\" src=\"https:\/\/agora.xtec.cat\/ies-santa-eulalia\/wp-content\/uploads\/usu1612\/2021\/12\/2D_LAlhambra_610.jpg\" alt=\"\" width=\"1004\" height=\"752\" srcset=\"https:\/\/agora.xtec.cat\/ies-santa-eulalia\/wp-content\/uploads\/usu1612\/2021\/12\/2D_LAlhambra_610.jpg 1004w, https:\/\/agora.xtec.cat\/ies-santa-eulalia\/wp-content\/uploads\/usu1612\/2021\/12\/2D_LAlhambra_610-300x225.jpg 300w, https:\/\/agora.xtec.cat\/ies-santa-eulalia\/wp-content\/uploads\/usu1612\/2021\/12\/2D_LAlhambra_610-768x575.jpg 768w, https:\/\/agora.xtec.cat\/ies-santa-eulalia\/wp-content\/uploads\/usu1612\/2021\/12\/2D_LAlhambra_610-200x150.jpg 200w\" sizes=\"auto, (max-width: 1004px) 100vw, 1004px\" \/><\/a><\/p>\n<p><a href=\"https:\/\/agora.xtec.cat\/ies-santa-eulalia\/wp-content\/uploads\/usu1612\/2021\/12\/2D_LAlhambra_407.jpg\"><img loading=\"lazy\" decoding=\"async\" class=\"alignnone size-full wp-image-8361\" src=\"https:\/\/agora.xtec.cat\/ies-santa-eulalia\/wp-content\/uploads\/usu1612\/2021\/12\/2D_LAlhambra_407.jpg\" alt=\"\" width=\"1004\" height=\"752\" srcset=\"https:\/\/agora.xtec.cat\/ies-santa-eulalia\/wp-content\/uploads\/usu1612\/2021\/12\/2D_LAlhambra_407.jpg 1004w, https:\/\/agora.xtec.cat\/ies-santa-eulalia\/wp-content\/uploads\/usu1612\/2021\/12\/2D_LAlhambra_407-300x225.jpg 300w, https:\/\/agora.xtec.cat\/ies-santa-eulalia\/wp-content\/uploads\/usu1612\/2021\/12\/2D_LAlhambra_407-768x575.jpg 768w, https:\/\/agora.xtec.cat\/ies-santa-eulalia\/wp-content\/uploads\/usu1612\/2021\/12\/2D_LAlhambra_407-200x150.jpg 200w\" sizes=\"auto, (max-width: 1004px) 100vw, 1004px\" \/><\/a><\/p>\n<p><a href=\"https:\/\/agora.xtec.cat\/ies-santa-eulalia\/wp-content\/uploads\/usu1612\/2021\/12\/2D_LAlhambra_640.jpg\"><img loading=\"lazy\" decoding=\"async\" class=\"alignnone size-full wp-image-8363\" src=\"https:\/\/agora.xtec.cat\/ies-santa-eulalia\/wp-content\/uploads\/usu1612\/2021\/12\/2D_LAlhambra_640.jpg\" alt=\"\" width=\"1004\" height=\"752\" srcset=\"https:\/\/agora.xtec.cat\/ies-santa-eulalia\/wp-content\/uploads\/usu1612\/2021\/12\/2D_LAlhambra_640.jpg 1004w, https:\/\/agora.xtec.cat\/ies-santa-eulalia\/wp-content\/uploads\/usu1612\/2021\/12\/2D_LAlhambra_640-300x225.jpg 300w, https:\/\/agora.xtec.cat\/ies-santa-eulalia\/wp-content\/uploads\/usu1612\/2021\/12\/2D_LAlhambra_640-768x575.jpg 768w, https:\/\/agora.xtec.cat\/ies-santa-eulalia\/wp-content\/uploads\/usu1612\/2021\/12\/2D_LAlhambra_640-200x150.jpg 200w\" sizes=\"auto, (max-width: 1004px) 100vw, 1004px\" \/><\/a><\/p>\n<p><a href=\"https:\/\/agora.xtec.cat\/ies-santa-eulalia\/wp-content\/uploads\/usu1612\/2021\/12\/2D_LAlhambra_839.jpg\"><img loading=\"lazy\" decoding=\"async\" class=\"alignnone size-full wp-image-8365\" src=\"https:\/\/agora.xtec.cat\/ies-santa-eulalia\/wp-content\/uploads\/usu1612\/2021\/12\/2D_LAlhambra_839.jpg\" alt=\"\" width=\"1004\" height=\"752\" srcset=\"https:\/\/agora.xtec.cat\/ies-santa-eulalia\/wp-content\/uploads\/usu1612\/2021\/12\/2D_LAlhambra_839.jpg 1004w, https:\/\/agora.xtec.cat\/ies-santa-eulalia\/wp-content\/uploads\/usu1612\/2021\/12\/2D_LAlhambra_839-300x225.jpg 300w, https:\/\/agora.xtec.cat\/ies-santa-eulalia\/wp-content\/uploads\/usu1612\/2021\/12\/2D_LAlhambra_839-768x575.jpg 768w, https:\/\/agora.xtec.cat\/ies-santa-eulalia\/wp-content\/uploads\/usu1612\/2021\/12\/2D_LAlhambra_839-200x150.jpg 200w\" sizes=\"auto, (max-width: 1004px) 100vw, 1004px\" \/><\/a> <a href=\"https:\/\/agora.xtec.cat\/ies-santa-eulalia\/wp-content\/uploads\/usu1612\/2021\/12\/2D_LAlhambra_838.jpg\"><img loading=\"lazy\" decoding=\"async\" class=\"alignnone size-full wp-image-8364\" src=\"https:\/\/agora.xtec.cat\/ies-santa-eulalia\/wp-content\/uploads\/usu1612\/2021\/12\/2D_LAlhambra_838.jpg\" alt=\"\" width=\"1004\" height=\"752\" srcset=\"https:\/\/agora.xtec.cat\/ies-santa-eulalia\/wp-content\/uploads\/usu1612\/2021\/12\/2D_LAlhambra_838.jpg 1004w, https:\/\/agora.xtec.cat\/ies-santa-eulalia\/wp-content\/uploads\/usu1612\/2021\/12\/2D_LAlhambra_838-300x225.jpg 300w, https:\/\/agora.xtec.cat\/ies-santa-eulalia\/wp-content\/uploads\/usu1612\/2021\/12\/2D_LAlhambra_838-768x575.jpg 768w, https:\/\/agora.xtec.cat\/ies-santa-eulalia\/wp-content\/uploads\/usu1612\/2021\/12\/2D_LAlhambra_838-200x150.jpg 200w\" sizes=\"auto, (max-width: 1004px) 100vw, 1004px\" \/><\/a><\/p>\n","protected":false},"excerpt":{"rendered":"<p>Els alumnes del 2n D de l\u2019ESO hem anat al Parc de l\u2019Alhambra d&#8217;excursi\u00f3 de cohesi\u00f3, ens ho hem passat molt b\u00e9 i hem gaudit molt a l&#8217;aire lliure!<br \/>\n<a href=\"https:\/\/agora.xtec.cat\/ies-santa-eulalia\/wp-content\/uploads\/usu1612\/2021\/12\/2D_LAlhambra_610.jpg\"><\/a><br \/>\n<a href=\"https:\/\/agora.xtec.cat\/ies-santa-eulalia\/wp-content\/uploads\/usu1612\/2021\/12\/2D_LAlhambra_407.jpg\"><\/a><br \/>\n<a href=\"https:\/\/agora.xtec.cat\/ies-santa-eulalia\/wp-content\/uploads\/usu1612\/2021\/12\/2D_LAlhambra_640.jpg\"><\/a><br \/>\n<a href=\"https:\/\/agora.xtec.cat\/ies-santa-eulalia\/wp-content\/uploads\/usu1612\/2021\/12\/2D_LAlhambra_839.jpg\"><\/a> <a href=\"https:\/\/agora.xtec.cat\/ies-santa-eulalia\/wp-content\/uploads\/usu1612\/2021\/12\/2D_LAlhambra_838.jpg\"><\/a><\/p>\n","protected":false},"author":100,"featured_media":8361,"comment_status":"closed","ping_status":"closed","sticky":false,"template":"","format":"standard","meta":{"_bbp_topic_count":0,"_bbp_reply_count":0,"_bbp_total_topic_count":0,"_bbp_total_reply_count":0,"_bbp_voice_count":0,"_bbp_anonymous_reply_count":0,"_bbp_topic_count_hidden":0,"_bbp_reply_count_hidden":0,"_bbp_forum_subforum_count":0,"footnotes":""},"categories":[1,29],"tags":[],"class_list":["post-8359","post","type-post","status-publish","format-standard","has-post-thumbnail","hentry","category-general","category-portada"],"post_mailing_queue_ids":[],"_links":{"self":[{"href":"https:\/\/agora.xtec.cat\/ies-santa-eulalia\/wp-json\/wp\/v2\/posts\/8359","targetHints":{"allow":["GET"]}}],"collection":[{"href":"https:\/\/agora.xtec.cat\/ies-santa-eulalia\/wp-json\/wp\/v2\/posts"}],"about":[{"href":"https:\/\/agora.xtec.cat\/ies-santa-eulalia\/wp-json\/wp\/v2\/types\/post"}],"author":[{"embeddable":true,"href":"https:\/\/agora.xtec.cat\/ies-santa-eulalia\/wp-json\/wp\/v2\/users\/100"}],"replies":[{"embeddable":true,"href":"https:\/\/agora.xtec.cat\/ies-santa-eulalia\/wp-json\/wp\/v2\/comments?post=8359"}],"version-history":[{"count":2,"href":"https:\/\/agora.xtec.cat\/ies-santa-eulalia\/wp-json\/wp\/v2\/posts\/8359\/revisions"}],"predecessor-version":[{"id":8366,"href":"https:\/\/agora.xtec.cat\/ies-santa-eulalia\/wp-json\/wp\/v2\/posts\/8359\/revisions\/8366"}],"wp:featuredmedia":[{"embeddable":true,"href":"https:\/\/agora.xtec.cat\/ies-santa-eulalia\/wp-json\/wp\/v2\/media\/8361"}],"wp:attachment":[{"href":"https:\/\/agora.xtec.cat\/ies-santa-eulalia\/wp-json\/wp\/v2\/media?parent=8359"}],"wp:term":[{"taxonomy":"category","embeddable":true,"href":"https:\/\/agora.xtec.cat\/ies-santa-eulalia\/wp-json\/wp\/v2\/categories?post=8359"},{"taxonomy":"post_tag","embeddable":true,"href":"https:\/\/agora.xtec.cat\/ies-santa-eulalia\/wp-json\/wp\/v2\/tags?post=8359"}],"curies":[{"name":"wp","href":"https:\/\/api.w.org\/{rel}","templated":true}]}}