{"id":8281,"date":"2021-11-23T11:33:47","date_gmt":"2021-11-23T10:33:47","guid":{"rendered":"https:\/\/agora.xtec.cat\/ies-santa-eulalia\/?p=8281"},"modified":"2021-12-13T13:16:02","modified_gmt":"2021-12-13T12:16:02","slug":"setmana-de-la-no-violencia-envers-les-dones","status":"publish","type":"post","link":"https:\/\/agora.xtec.cat\/ies-santa-eulalia\/general\/setmana-de-la-no-violencia-envers-les-dones\/","title":{"rendered":"Celebrem el 25N Dia Internacional per a l&#8217;Eliminaci\u00f3 de la Viol\u00e8ncia"},"content":{"rendered":"<p align=\"JUSTIFY\">Aquesta setmana celebrem el 25 N, el Dia Internacional per a l&#8217;Eliminaci\u00f3 de la Viol\u00e8ncia envers les Dones a l&#8217;Institut Santa Eul\u00e0lia.<\/p>\n<p align=\"JUSTIFY\">Al llarg de tota la setmana es duran a terme tallers per sensibilitzar el nostre alumnat sobre la necessitat de detectar situacions que puguin implicar viol\u00e8ncia. L&#8217;alumnat de 4rt, 1r i 2n de Batxillerat s&#8217;encarreguen de dinamitzar aquests tallers a les tutories de 1r, 2n i 3r de l&#8217;ESO.<\/p>\n<p align=\"JUSTIFY\">Els tallers tenen per objectiu diferenciar els diferents tipus de viol\u00e8ncia a trav\u00e9s d&#8217;activitats de discussi\u00f3 i de rolplaying\u00a0 en les quals la participaci\u00f3 de l&#8217;alumnat \u00e9s present en tot moment.<\/p>\n<p align=\"JUSTIFY\">Us mostrem algunes fotos dels tallers que ja s&#8217;han realitzat!<\/p>\n<div><a href=\"https:\/\/agora.xtec.cat\/ies-santa-eulalia\/wp-content\/uploads\/usu1612\/2021\/11\/2-def-scaled.jpg\"><img loading=\"lazy\" decoding=\"async\" class=\"alignnone wp-image-8283\" src=\"https:\/\/agora.xtec.cat\/ies-santa-eulalia\/wp-content\/uploads\/usu1612\/2021\/11\/2-def-1024x768.jpg\" alt=\"\" width=\"510\" height=\"383\" srcset=\"https:\/\/agora.xtec.cat\/ies-santa-eulalia\/wp-content\/uploads\/usu1612\/2021\/11\/2-def-1024x768.jpg 1024w, https:\/\/agora.xtec.cat\/ies-santa-eulalia\/wp-content\/uploads\/usu1612\/2021\/11\/2-def-300x225.jpg 300w, https:\/\/agora.xtec.cat\/ies-santa-eulalia\/wp-content\/uploads\/usu1612\/2021\/11\/2-def-768x576.jpg 768w, https:\/\/agora.xtec.cat\/ies-santa-eulalia\/wp-content\/uploads\/usu1612\/2021\/11\/2-def-1536x1152.jpg 1536w, https:\/\/agora.xtec.cat\/ies-santa-eulalia\/wp-content\/uploads\/usu1612\/2021\/11\/2-def-2048x1536.jpg 2048w, https:\/\/agora.xtec.cat\/ies-santa-eulalia\/wp-content\/uploads\/usu1612\/2021\/11\/2-def-200x150.jpg 200w\" sizes=\"auto, (max-width: 510px) 100vw, 510px\" \/><\/a><a href=\"https:\/\/agora.xtec.cat\/ies-santa-eulalia\/wp-content\/uploads\/usu1612\/2021\/11\/1-definitiva-scaled.jpg\"><img loading=\"lazy\" decoding=\"async\" class=\"alignnone wp-image-8282\" src=\"https:\/\/agora.xtec.cat\/ies-santa-eulalia\/wp-content\/uploads\/usu1612\/2021\/11\/1-definitiva-1024x768.jpg\" alt=\"\" width=\"507\" height=\"381\" srcset=\"https:\/\/agora.xtec.cat\/ies-santa-eulalia\/wp-content\/uploads\/usu1612\/2021\/11\/1-definitiva-1024x768.jpg 1024w, https:\/\/agora.xtec.cat\/ies-santa-eulalia\/wp-content\/uploads\/usu1612\/2021\/11\/1-definitiva-300x225.jpg 300w, https:\/\/agora.xtec.cat\/ies-santa-eulalia\/wp-content\/uploads\/usu1612\/2021\/11\/1-definitiva-768x576.jpg 768w, https:\/\/agora.xtec.cat\/ies-santa-eulalia\/wp-content\/uploads\/usu1612\/2021\/11\/1-definitiva-1536x1152.jpg 1536w, https:\/\/agora.xtec.cat\/ies-santa-eulalia\/wp-content\/uploads\/usu1612\/2021\/11\/1-definitiva-2048x1536.jpg 2048w, https:\/\/agora.xtec.cat\/ies-santa-eulalia\/wp-content\/uploads\/usu1612\/2021\/11\/1-definitiva-200x150.jpg 200w\" sizes=\"auto, (max-width: 507px) 100vw, 507px\" \/><\/a><\/div>\n","protected":false},"excerpt":{"rendered":"<p>Aquesta setmana celebrem el 25 N, el Dia Internacional per a l&#8217;Eliminaci\u00f3 de la Viol\u00e8ncia envers les Dones a l&#8217;Institut Santa Eul\u00e0lia.<br \/>\nAl llarg de tota la setmana es duran a terme tallers per sensibilitzar el nostre alumnat sobre la necessitat de detectar situacions que puguin&hellip;  <a href=\"https:\/\/agora.xtec.cat\/ies-santa-eulalia\/general\/setmana-de-la-no-violencia-envers-les-dones\/\" title=\"Read Celebrem el 25N Dia Internacional per a l&#8217;Eliminaci\u00f3 de la Viol\u00e8ncia\">Llegeix m\u00e9s\u00bb<\/a><\/p>\n","protected":false},"author":66,"featured_media":2856,"comment_status":"open","ping_status":"closed","sticky":false,"template":"","format":"standard","meta":{"_bbp_topic_count":0,"_bbp_reply_count":0,"_bbp_total_topic_count":0,"_bbp_total_reply_count":0,"_bbp_voice_count":0,"_bbp_anonymous_reply_count":0,"_bbp_topic_count_hidden":0,"_bbp_reply_count_hidden":0,"_bbp_forum_subforum_count":0,"footnotes":""},"categories":[8,106,3,4,5,6,7,1,29],"tags":[],"class_list":["post-8281","post","type-post","status-publish","format-standard","has-post-thumbnail","hentry","category-batxillerat","category-comissions","category-eso","category-eso-1","category-eso-2","category-eso-3","category-eso-4","category-general","category-portada"],"post_mailing_queue_ids":[],"_links":{"self":[{"href":"https:\/\/agora.xtec.cat\/ies-santa-eulalia\/wp-json\/wp\/v2\/posts\/8281","targetHints":{"allow":["GET"]}}],"collection":[{"href":"https:\/\/agora.xtec.cat\/ies-santa-eulalia\/wp-json\/wp\/v2\/posts"}],"about":[{"href":"https:\/\/agora.xtec.cat\/ies-santa-eulalia\/wp-json\/wp\/v2\/types\/post"}],"author":[{"embeddable":true,"href":"https:\/\/agora.xtec.cat\/ies-santa-eulalia\/wp-json\/wp\/v2\/users\/66"}],"replies":[{"embeddable":true,"href":"https:\/\/agora.xtec.cat\/ies-santa-eulalia\/wp-json\/wp\/v2\/comments?post=8281"}],"version-history":[{"count":3,"href":"https:\/\/agora.xtec.cat\/ies-santa-eulalia\/wp-json\/wp\/v2\/posts\/8281\/revisions"}],"predecessor-version":[{"id":8285,"href":"https:\/\/agora.xtec.cat\/ies-santa-eulalia\/wp-json\/wp\/v2\/posts\/8281\/revisions\/8285"}],"wp:featuredmedia":[{"embeddable":true,"href":"https:\/\/agora.xtec.cat\/ies-santa-eulalia\/wp-json\/wp\/v2\/media\/2856"}],"wp:attachment":[{"href":"https:\/\/agora.xtec.cat\/ies-santa-eulalia\/wp-json\/wp\/v2\/media?parent=8281"}],"wp:term":[{"taxonomy":"category","embeddable":true,"href":"https:\/\/agora.xtec.cat\/ies-santa-eulalia\/wp-json\/wp\/v2\/categories?post=8281"},{"taxonomy":"post_tag","embeddable":true,"href":"https:\/\/agora.xtec.cat\/ies-santa-eulalia\/wp-json\/wp\/v2\/tags?post=8281"}],"curies":[{"name":"wp","href":"https:\/\/api.w.org\/{rel}","templated":true}]}}